{"id":1658,"date":"2024-04-16T16:50:11","date_gmt":"2024-04-16T19:50:11","guid":{"rendered":"https:\/\/guialimeira.com.br\/2024\/04\/16\/lula-equador-deve-desculpas-ao-mexico-por-invasao-de-embaixada\/"},"modified":"2024-04-16T16:50:11","modified_gmt":"2024-04-16T19:50:11","slug":"lula-equador-deve-desculpas-ao-mexico-por-invasao-de-embaixada","status":"publish","type":"post","link":"https:\/\/guialimeira.com.br\/news\/lula-equador-deve-desculpas-ao-mexico-por-invasao-de-embaixada\/","title":{"rendered":"Lula: Equador deve desculpas ao M\u00e9xico por invas\u00e3o de embaixada"},"content":{"rendered":"<p> <br \/>\n<\/p>\n<div>\n<p>O presidente Luiz In\u00e1cio Lula da Silva participou, nesta ter\u00e7a-feira (16), de uma c\u00fapula virtual de chefes de Estado e de governo da Comunidade de Estados Latino-Americanos e Caribenhos (Celac).<img data-recalc-dims=\"1\" decoding=\"async\" src=\"https:\/\/i0.wp.com\/agenciabrasil.ebc.com.br\/ebc.png?w=696&#038;ssl=1\" style=\"width:1px; height:1px; display:inline;\"\/><img data-recalc-dims=\"1\" decoding=\"async\" src=\"https:\/\/i0.wp.com\/agenciabrasil.ebc.com.br\/ebc.gif?w=696&#038;ssl=1\" style=\"width:1px; height:1px; display:inline;\"\/><\/p>\n<p>Convocada de forma extraordin\u00e1ria pela l\u00edder pro-tempore do bloco, a presidenta de Honduras, Xiomara Castro, a reuni\u00e3o discutiu o epis\u00f3dio de invas\u00e3o da embaixada do M\u00e9xico em Quito, capital Equador, em uma opera\u00e7\u00e3o policial para prender o ex-vice-presidente equatoriano Jorge Glas, que havia ganhado asilo pol\u00edtico do governo mexicano e estava abrigado na sede diplom\u00e1tica. A Conven\u00e7\u00e3o de Viena sobre Rela\u00e7\u00f5es Diplom\u00e1ticas, de 1961, define embaixadas como territ\u00f3rios estrangeiros e, em tese, s\u00e3o inviol\u00e1veis \u200ba a\u00e7\u00e3o de agentes locais do pa\u00eds onde a representa\u00e7\u00e3o est\u00e1 abrigada.<\/p>\n<p>Glas, que foi vice-presidente durante o mandato de Rafael Correa, entre 2013 e 2017, foi condenado duas vezes pela Justi\u00e7a equatoriana por corrup\u00e7\u00e3o. O incidente na embaixada ocorreu na noite do dia dia 5 de abril, levando a\u00a0uma crise diplom\u00e1tica entre os dois pa\u00edses. O <a href=\"https:\/\/agenciabrasil.ebc.com.br\/internacional\/noticia\/2024-04\/diplomatas-mexicanos-deixam-o-equador-apos-invasao-de-embaixada\" target=\"_blank\" rel=\"noopener\">governo mexicano<\/a> rompeu rela\u00e7\u00f5es com o Equador e retirou seus diplomatas do pa\u00eds.<\/p>\n<p>&#8220;Medida dessa natureza nunca havia ocorrido, nem nos piores momentos de desuni\u00e3o e desentendimento registrados na Am\u00e9rica Latina e no Caribe. Nem mesmo nos sombrios tempos das ditaduras militares em nosso continente. O que aconteceu em Quito, no \u00faltimo dia 5, \u00e9 simplesmente inaceit\u00e1vel e n\u00e3o afeta s\u00f3 o M\u00e9xico. Diz respeitos a todos n\u00f3s. Um pedido formal de desculpas por parte do Equador \u00e9 um primeiro passo na dire\u00e7\u00e3o correta&#8221;, afirmou Lula durante a reuni\u00e3o.<\/p>\n<p>O presidente tamb\u00e9m defendeu uma proposta da Bol\u00edvia de formar uma comiss\u00e3o, integrada por pa\u00edses da Celac, para acompanhar a evolu\u00e7\u00e3o da situa\u00e7\u00e3o e da sa\u00fade do ex-vice-presidente Jorge Glas. O <a href=\"https:\/\/agenciabrasil.ebc.com.br\/internacional\/noticia\/2024-04\/ex-vice-presidente-do-equador-retorna-prisao-apos-alta-hospitalar\" target=\"_blank\" rel=\"noopener\">pol\u00edtico equatoriano<\/a> chegou a ficar internado ap\u00f3s a invas\u00e3o da embaixada, mas j\u00e1 retornou \u00e0 pris\u00e3o. Ele foi condenado a 6 anos de deten\u00e7\u00e3o.<\/p>\n<p>&#8220;A gravidade da situa\u00e7\u00e3o nos imp\u00f5e o dever de expressar claramente o inequ\u00edvoco rep\u00fadio da regi\u00e3o ao ocorrido. A inviolabilidade absoluta das miss\u00f5es e do pessoal diplom\u00e1tico, conforme estabelecido pela Conven\u00e7\u00e3o de Viena sobre Rela\u00e7\u00f5es Diplom\u00e1ticas de 1961, \u00e9 um desses pilares do direito internacional que n\u00e3o admite exce\u00e7\u00f5es, seja qual for a justificativa. A Am\u00e9rica Latina possui tradi\u00e7\u00e3o humanit\u00e1ria pioneira em defesa do direito de asilo diplom\u00e1tico&#8221;, prosseguiu Lula, na c\u00fapula da Celac.<\/p>\n<p>Na semana passada, o <a href=\"https:\/\/agenciabrasil.ebc.com.br\/internacional\/noticia\/2024-04\/mexico-pede-que-onu-suspenda-equador-ate-que-pais-se-desculpe\" target=\"_blank\" rel=\"noopener\">M\u00e9xico<\/a>\u00a0apresentou uma queixa contra o Equador na Corte Internacional de Justi\u00e7a (CIJ) das Na\u00e7\u00f5es Unidas, em Haia, na Holanda. No pedido, o M\u00e9xico pede que o pa\u00eds seja suspenso da Organiza\u00e7\u00e3o das Na\u00e7\u00f5es Unidas (ONU) at\u00e9 que emita um pedido p\u00fablico de desculpas.<\/p>\n<p>Lula ainda defendeu esfor\u00e7os de reaproxima\u00e7\u00e3o entre os dois pa\u00edses. &#8220;Somos uma regi\u00e3o plural. Continuaremos a ter diferen\u00e7as de vis\u00f5es e opini\u00f5es, mas temos, sobretudo, o compromisso de resolv\u00ea-las com base no di\u00e1logo e na diplomacia. Nesse sentido, vejo como positivo o recurso do M\u00e9xico \u00e0 Corte Internacional de Justi\u00e7a. Tamb\u00e9m \u00e9 fundamental que a CELAC siga trabalhando para o restabelecimento do di\u00e1logo e da normaliza\u00e7\u00e3o das rela\u00e7\u00f5es entre o Equador e o M\u00e9xico, dois importantes parceiros do Brasil, fundamentais para a consolida\u00e7\u00e3o da integra\u00e7\u00e3o regional&#8221;, afirmou.<\/p>\n<\/p><\/div>\n<p><br \/>\n<br \/><a href=\"https:\/\/agenciabrasil.ebc.com.br\/politica\/noticia\/2024-04\/lula-equador-deve-desculpas-ao-mexico-por-invasao-de-embaixada\" rel=\"noopener\">Ag\u00eancia Brasil<\/a><\/p>\n","protected":false},"excerpt":{"rendered":"<p>O presidente Luiz In\u00e1cio Lula da Silva participou, nesta ter\u00e7a-feira (16), de uma c\u00fapula virtual de chefes de Estado e de governo da Comunidade de Estados Latino-Americanos e Caribenhos (Celac). Convocada de forma extraordin\u00e1ria pela l\u00edder pro-tempore do bloco, a presidenta de Honduras, Xiomara Castro, a reuni\u00e3o discutiu o epis\u00f3dio de invas\u00e3o da embaixada do [&hellip;]<\/p>\n","protected":false},"author":1,"featured_media":1659,"comment_status":"open","ping_status":"open","sticky":false,"template":"","format":"standard","meta":{"_jetpack_newsletter_access":"","_jetpack_dont_email_post_to_subs":false,"_jetpack_newsletter_tier_id":0,"_jetpack_memberships_contains_paywalled_content":false,"_mbp_banners":[],"_jetpack_feature_clip_id":0,"_jetpack_memberships_contains_paid_content":false,"footnotes":"","jetpack_publicize_message":"","jetpack_publicize_feature_enabled":true,"jetpack_social_post_already_shared":true,"jetpack_social_options":{"image_generator_settings":{"template":"highway","default_image_id":0,"font":"","enabled":false},"version":2},"jetpack_post_was_ever_published":false},"categories":[22],"tags":[],"class_list":["post-1658","post","type-post","status-publish","format-standard","has-post-thumbnail","category-nacional"],"jetpack_publicize_connections":[],"jetpack-related-posts":[],"jetpack_shortlink":"https:\/\/wp.me\/p7Eq1F-qK","jetpack_sharing_enabled":true,"jetpack_featured_media_url":"https:\/\/i0.wp.com\/guialimeira.com.br\/news\/wp-content\/uploads\/2024\/04\/53658858339_68a56da182_o.jpg?fit=1600%2C800&ssl=1","_links":{"self":[{"href":"https:\/\/guialimeira.com.br\/news\/wp-json\/wp\/v2\/posts\/1658","targetHints":{"allow":["GET"]}}],"collection":[{"href":"https:\/\/guialimeira.com.br\/news\/wp-json\/wp\/v2\/posts"}],"about":[{"href":"https:\/\/guialimeira.com.br\/news\/wp-json\/wp\/v2\/types\/post"}],"author":[{"embeddable":true,"href":"https:\/\/guialimeira.com.br\/news\/wp-json\/wp\/v2\/users\/1"}],"replies":[{"embeddable":true,"href":"https:\/\/guialimeira.com.br\/news\/wp-json\/wp\/v2\/comments?post=1658"}],"version-history":[{"count":0,"href":"https:\/\/guialimeira.com.br\/news\/wp-json\/wp\/v2\/posts\/1658\/revisions"}],"wp:featuredmedia":[{"embeddable":true,"href":"https:\/\/guialimeira.com.br\/news\/wp-json\/wp\/v2\/media\/1659"}],"wp:attachment":[{"href":"https:\/\/guialimeira.com.br\/news\/wp-json\/wp\/v2\/media?parent=1658"}],"wp:term":[{"taxonomy":"category","embeddable":true,"href":"https:\/\/guialimeira.com.br\/news\/wp-json\/wp\/v2\/categories?post=1658"},{"taxonomy":"post_tag","embeddable":true,"href":"https:\/\/guialimeira.com.br\/news\/wp-json\/wp\/v2\/tags?post=1658"}],"curies":[{"name":"wp","href":"https:\/\/api.w.org\/{rel}","templated":true}]}}