{"id":16511,"date":"2024-11-07T22:37:47","date_gmt":"2024-11-08T01:37:47","guid":{"rendered":"https:\/\/guialimeira.com.br\/2024\/11\/07\/biden-vai-se-reunir-com-indigenas-e-liderancas-na-floresta-amazonica\/"},"modified":"2024-11-07T22:37:47","modified_gmt":"2024-11-08T01:37:47","slug":"biden-vai-se-reunir-com-indigenas-e-liderancas-na-floresta-amazonica","status":"publish","type":"post","link":"https:\/\/guialimeira.com.br\/news\/biden-vai-se-reunir-com-indigenas-e-liderancas-na-floresta-amazonica\/","title":{"rendered":"Biden vai se reunir com ind\u00edgenas e lideran\u00e7as na Floresta Amaz\u00f4nica"},"content":{"rendered":"<p> <br \/>\n<\/p>\n<div>\n<p>O presidente dos Estados Unidos, Joe Biden, ter\u00e1 uma agenda em Manaus, no dia 17 deste m\u00eas, onde visitar\u00e1 a Floresta Amaz\u00f4nica e se reunir\u00e1 com l\u00edderes locais, ind\u00edgenas e outros que trabalham na preserva\u00e7\u00e3o e prote\u00e7\u00e3o do ecossistema. A informa\u00e7\u00e3o foi divulgada pela secret\u00e1ria de Imprensa da Casa Branca, Karine Jean-Pierre, na noite desta quinta-feira (7).<img data-recalc-dims=\"1\" decoding=\"async\" src=\"https:\/\/i0.wp.com\/agenciabrasil.ebc.com.br\/ebc.png?w=696&#038;ssl=1\" style=\"width:1px; height:1px; display:inline;\"\/><img data-recalc-dims=\"1\" decoding=\"async\" src=\"https:\/\/i0.wp.com\/agenciabrasil.ebc.com.br\/ebc.gif?w=696&#038;ssl=1\" style=\"width:1px; height:1px; display:inline;\"\/><\/p>\n<p>Segundo o governo norte-americano, esta ser\u00e1 a primeira visita oficial de um presidente dos EUA \u00e0 regi\u00e3o.<\/p>\n<p>Mais cedo, Biden telefonou ao presidente Luiz In\u00e1cio Lula da Silva para <a href=\"https:\/\/agenciabrasil.ebc.com.br\/politica\/noticia\/2024-11\/biden-liga-para-lula-e-confirma-vinda-ao-rio-para-cupula-do-g20\" target=\"_blank\" rel=\"noopener\">confirmar a viagem<\/a>, que tamb\u00e9m incluir\u00e1 a participa\u00e7\u00e3o dele na C\u00fapula de L\u00edderes do G20, no Rio de Janeiro, que ocorrer\u00e1 nos dias 18 e 19.<\/p>\n<p>&#8220;No Rio de Janeiro, o presidente Biden se reunir\u00e1 com o presidente Lula, \u00e0 margem do G20, para refor\u00e7ar a lideran\u00e7a dos EUA em direitos dos trabalhadores e crescimento econ\u00f4mico sustent\u00e1vel. Durante o evento, o presidente Biden destacar\u00e1 a proposta dos EUA para os pa\u00edses em desenvolvimento e liderar\u00e1 o G20 para trabalhar em conjunto no enfrentamento de desafios globais compartilhados, como a fome e a pobreza, mudan\u00e7as clim\u00e1ticas, amea\u00e7as \u00e0 sa\u00fade e a d\u00edvida dos pa\u00edses em desenvolvimento&#8221;, informou Jean-Pierre, em declara\u00e7\u00e3o aos meios de comunica\u00e7\u00e3o.<\/p>\n<p>Antes de desembarcar no Brasil, Joe Biden cumprir\u00e1 agenda em Lima, no Peru, de 14 a 16 de novembro, para se encontrar com a presidente do pa\u00eds andino Dina Boluarte, e participar da c\u00fapula da Coopera\u00e7\u00e3o Econ\u00f4mica da \u00c1sia-Pac\u00edfico (APEC).<\/p>\n<h2>Alian\u00e7a Global<\/h2>\n<p>Durante a conversa com Lula, o presidente dos EUA \u00a0confirmou a decis\u00e3o de seu governo em aderir \u00e0 Alian\u00e7a Global Contra a Fome e a Pobreza, iniciativa do Brasil na presid\u00eancia rotativa do G20.<\/p>\n<p>Lan\u00e7ada oficialmente em julho, a <a href=\"https:\/\/agenciabrasil.ebc.com.br\/direitos-humanos\/noticia\/2024-07\/brasil-apresenta-proposta-de-alianca-global-contra-fome-e-pobreza\" target=\"_blank\" rel=\"noopener\">Alian\u00e7a Global contra a Fome e a Pobreza<\/a> visa canalizar recursos para programas e projetos que visam ao enfrentamento a esses dois problemas persistentes no planeta.<\/p>\n<p>      <!-- Relacionada --><\/p>\n<p>            <!-- Relacionada -->\n    <\/div>\n<p><br \/>\n<br \/><a href=\"https:\/\/agenciabrasil.ebc.com.br\/internacional\/noticia\/2024-11\/biden-vai-se-reunir-com-indigenas-e-liderancas-na-floresta-amazonica\" rel=\"noopener\">Ag\u00eancia Brasil <\/a><\/p>\n","protected":false},"excerpt":{"rendered":"<p>O presidente dos Estados Unidos, Joe Biden, ter\u00e1 uma agenda em Manaus, no dia 17 deste m\u00eas, onde visitar\u00e1 a Floresta Amaz\u00f4nica e se reunir\u00e1 com l\u00edderes locais, ind\u00edgenas e outros que trabalham na preserva\u00e7\u00e3o e prote\u00e7\u00e3o do ecossistema. A informa\u00e7\u00e3o foi divulgada pela secret\u00e1ria de Imprensa da Casa Branca, Karine Jean-Pierre, na noite desta [&hellip;]<\/p>\n","protected":false},"author":1,"featured_media":7128,"comment_status":"open","ping_status":"open","sticky":false,"template":"","format":"standard","meta":{"_jetpack_newsletter_access":"","_jetpack_dont_email_post_to_subs":false,"_jetpack_newsletter_tier_id":0,"_jetpack_memberships_contains_paywalled_content":false,"_mbp_banners":[],"_jetpack_feature_clip_id":0,"_jetpack_memberships_contains_paid_content":false,"footnotes":"","jetpack_publicize_message":"","jetpack_publicize_feature_enabled":true,"jetpack_social_post_already_shared":true,"jetpack_social_options":{"image_generator_settings":{"template":"highway","default_image_id":0,"font":"","enabled":false},"version":2},"jetpack_post_was_ever_published":false},"categories":[25],"tags":[],"class_list":["post-16511","post","type-post","status-publish","format-standard","has-post-thumbnail","category-internacional"],"jetpack_publicize_connections":[],"jetpack-related-posts":[],"jetpack_shortlink":"https:\/\/wp.me\/p7Eq1F-4ij","jetpack_sharing_enabled":true,"jetpack_featured_media_url":"https:\/\/i0.wp.com\/guialimeira.com.br\/news\/wp-content\/uploads\/2024\/05\/2024-02-03t170456z_1687447915_rc24v5a10qqa_rtrmadp_3_usa-election-biden-hq.jpg?fit=1600%2C800&ssl=1","_links":{"self":[{"href":"https:\/\/guialimeira.com.br\/news\/wp-json\/wp\/v2\/posts\/16511","targetHints":{"allow":["GET"]}}],"collection":[{"href":"https:\/\/guialimeira.com.br\/news\/wp-json\/wp\/v2\/posts"}],"about":[{"href":"https:\/\/guialimeira.com.br\/news\/wp-json\/wp\/v2\/types\/post"}],"author":[{"embeddable":true,"href":"https:\/\/guialimeira.com.br\/news\/wp-json\/wp\/v2\/users\/1"}],"replies":[{"embeddable":true,"href":"https:\/\/guialimeira.com.br\/news\/wp-json\/wp\/v2\/comments?post=16511"}],"version-history":[{"count":0,"href":"https:\/\/guialimeira.com.br\/news\/wp-json\/wp\/v2\/posts\/16511\/revisions"}],"wp:featuredmedia":[{"embeddable":true,"href":"https:\/\/guialimeira.com.br\/news\/wp-json\/wp\/v2\/media\/7128"}],"wp:attachment":[{"href":"https:\/\/guialimeira.com.br\/news\/wp-json\/wp\/v2\/media?parent=16511"}],"wp:term":[{"taxonomy":"category","embeddable":true,"href":"https:\/\/guialimeira.com.br\/news\/wp-json\/wp\/v2\/categories?post=16511"},{"taxonomy":"post_tag","embeddable":true,"href":"https:\/\/guialimeira.com.br\/news\/wp-json\/wp\/v2\/tags?post=16511"}],"curies":[{"name":"wp","href":"https:\/\/api.w.org\/{rel}","templated":true}]}}