{"id":1650,"date":"2024-04-16T16:44:42","date_gmt":"2024-04-16T19:44:42","guid":{"rendered":"https:\/\/guialimeira.com.br\/2024\/04\/16\/correios-anunciam-cargos-de-nivel-medio-e-superior-em-concurso-publico\/"},"modified":"2024-04-16T16:44:42","modified_gmt":"2024-04-16T19:44:42","slug":"correios-anunciam-cargos-de-nivel-medio-e-superior-em-concurso-publico","status":"publish","type":"post","link":"https:\/\/guialimeira.com.br\/news\/correios-anunciam-cargos-de-nivel-medio-e-superior-em-concurso-publico\/","title":{"rendered":"Correios anunciam cargos de n\u00edvel m\u00e9dio e superior em concurso p\u00fablico"},"content":{"rendered":"<p> <br \/>\n<\/p>\n<div>\n<p>Os Correios anunciaram nesta ter\u00e7a-feira (16) que o concurso p\u00fablico da empresa trar\u00e1 vagas para os cargos de agente e de analista. O primeiro exige n\u00edvel m\u00e9dio, e o segundo n\u00edvel superior. O n\u00famero de vagas ainda ser\u00e1 definido, conforme a empresa.\u00a0<img data-recalc-dims=\"1\" decoding=\"async\" src=\"https:\/\/i0.wp.com\/agenciabrasil.ebc.com.br\/ebc.png?w=696&#038;ssl=1\" style=\"width:1px; height:1px; display:inline;\"\/><img data-recalc-dims=\"1\" decoding=\"async\" src=\"https:\/\/i0.wp.com\/agenciabrasil.ebc.com.br\/ebc.gif?w=696&#038;ssl=1\" style=\"width:1px; height:1px; display:inline;\"\/><\/p>\n<p>O cargo de analista ter\u00e1 oportunidades\u00a0para as seguintes especialidades: advogado, analista de sistemas, assistente social e engenheiro. Segundo nota da empresa, levantamentos apontam a necessidade de profissionais dessas \u00e1reas.\u00a0<\/p>\n<p>Os editais do concurso ser\u00e3o divulgados em setembro. Os aprovados dever\u00e3o ser convocados a partir de dezembro deste ano.\u00a0<\/p>\n<p>&gt;&gt; Veja cronograma do concurso:<\/p>\n<p>\u2022 At\u00e9 julho \u2013 Planejamento do certame e processo para contrata\u00e7\u00e3o da empresa especializada;<\/p>\n<p>\u2022 Agosto \u2013 Contrata\u00e7\u00e3o da banca;<\/p>\n<p>\u2022 Setembro \u2013 Edital do concurso;<\/p>\n<p>\u2022 Dezembro \u2013 In\u00edcio das contrata\u00e7\u00f5es.<\/p>\n<p>De acordo com os Correios, o concurso p\u00fablico\u00a0&#8220;\u00e9 um dos compromissos assumidos pela atual gest\u00e3o para solucionar a demanda acumulada nos \u00faltimos anos por mais profissionais em posi\u00e7\u00f5es estrat\u00e9gicas da empresa e evitar a sobrecarga de trabalho&#8221;.<\/p>\n<\/p><\/div>\n<p><br \/>\n<br \/><a href=\"https:\/\/agenciabrasil.ebc.com.br\/geral\/noticia\/2024-04\/correios-anunciam-cargos-de-nivel-medio-e-superior-em-concurso-publico\" rel=\"noopener\">Ag\u00eancia Brasil<\/a><\/p>\n","protected":false},"excerpt":{"rendered":"<p>Os Correios anunciaram nesta ter\u00e7a-feira (16) que o concurso p\u00fablico da empresa trar\u00e1 vagas para os cargos de agente e de analista. O primeiro exige n\u00edvel m\u00e9dio, e o segundo n\u00edvel superior. O n\u00famero de vagas ainda ser\u00e1 definido, conforme a empresa.\u00a0 O cargo de analista ter\u00e1 oportunidades\u00a0para as seguintes especialidades: advogado, analista de sistemas, [&hellip;]<\/p>\n","protected":false},"author":1,"featured_media":1651,"comment_status":"open","ping_status":"open","sticky":false,"template":"","format":"standard","meta":{"_jetpack_newsletter_access":"","_jetpack_dont_email_post_to_subs":false,"_jetpack_newsletter_tier_id":0,"_jetpack_memberships_contains_paywalled_content":false,"_mbp_banners":[],"_jetpack_feature_clip_id":0,"_jetpack_memberships_contains_paid_content":false,"footnotes":"","jetpack_publicize_message":"","jetpack_publicize_feature_enabled":true,"jetpack_social_post_already_shared":true,"jetpack_social_options":{"image_generator_settings":{"template":"highway","default_image_id":0,"font":"","enabled":false},"version":2},"jetpack_post_was_ever_published":false},"categories":[1],"tags":[],"class_list":["post-1650","post","type-post","status-publish","format-standard","has-post-thumbnail","category-geral"],"jetpack_publicize_connections":[],"jetpack-related-posts":[],"jetpack_shortlink":"https:\/\/wp.me\/p7Eq1F-qC","jetpack_sharing_enabled":true,"jetpack_featured_media_url":"https:\/\/i0.wp.com\/guialimeira.com.br\/news\/wp-content\/uploads\/2024\/04\/1111707-mac_edit_12031807463.jpg?fit=1600%2C800&ssl=1","_links":{"self":[{"href":"https:\/\/guialimeira.com.br\/news\/wp-json\/wp\/v2\/posts\/1650","targetHints":{"allow":["GET"]}}],"collection":[{"href":"https:\/\/guialimeira.com.br\/news\/wp-json\/wp\/v2\/posts"}],"about":[{"href":"https:\/\/guialimeira.com.br\/news\/wp-json\/wp\/v2\/types\/post"}],"author":[{"embeddable":true,"href":"https:\/\/guialimeira.com.br\/news\/wp-json\/wp\/v2\/users\/1"}],"replies":[{"embeddable":true,"href":"https:\/\/guialimeira.com.br\/news\/wp-json\/wp\/v2\/comments?post=1650"}],"version-history":[{"count":0,"href":"https:\/\/guialimeira.com.br\/news\/wp-json\/wp\/v2\/posts\/1650\/revisions"}],"wp:featuredmedia":[{"embeddable":true,"href":"https:\/\/guialimeira.com.br\/news\/wp-json\/wp\/v2\/media\/1651"}],"wp:attachment":[{"href":"https:\/\/guialimeira.com.br\/news\/wp-json\/wp\/v2\/media?parent=1650"}],"wp:term":[{"taxonomy":"category","embeddable":true,"href":"https:\/\/guialimeira.com.br\/news\/wp-json\/wp\/v2\/categories?post=1650"},{"taxonomy":"post_tag","embeddable":true,"href":"https:\/\/guialimeira.com.br\/news\/wp-json\/wp\/v2\/tags?post=1650"}],"curies":[{"name":"wp","href":"https:\/\/api.w.org\/{rel}","templated":true}]}}