{"id":16420,"date":"2024-11-06T22:13:46","date_gmt":"2024-11-07T01:13:46","guid":{"rendered":"https:\/\/guialimeira.com.br\/2024\/11\/06\/cupula-dos-parlamentos-do-g20-debate-combate-a-desigualdade-de-genero\/"},"modified":"2024-11-06T22:13:46","modified_gmt":"2024-11-07T01:13:46","slug":"cupula-dos-parlamentos-do-g20-debate-combate-a-desigualdade-de-genero","status":"publish","type":"post","link":"https:\/\/guialimeira.com.br\/news\/cupula-dos-parlamentos-do-g20-debate-combate-a-desigualdade-de-genero\/","title":{"rendered":"C\u00fapula dos parlamentos do G20 debate combate \u00e0 desigualdade de g\u00eanero"},"content":{"rendered":"<p> <br \/>\n<\/p>\n<div>\n<p>A 10\u00aa C\u00fapula de Presidentes dos Parlamentos do G20, chamada P20, come\u00e7ou nesta quarta-feira (6) no Plen\u00e1rio da C\u00e2mara dos Deputados, em Bras\u00edlia. O tema desta edi\u00e7\u00e3o \u00e9 &#8220;Parlamentos por um mundo justo e um planeta sustent\u00e1vel&#8221;.<img data-recalc-dims=\"1\" decoding=\"async\" src=\"https:\/\/i0.wp.com\/agenciabrasil.ebc.com.br\/ebc.png?w=696&#038;ssl=1\" style=\"width:1px; height:1px; display:inline;\"\/><img data-recalc-dims=\"1\" decoding=\"async\" src=\"https:\/\/i0.wp.com\/agenciabrasil.ebc.com.br\/ebc.gif?w=696&#038;ssl=1\" style=\"width:1px; height:1px; display:inline;\"\/><\/p>\n<p>O evento re\u00fane representantes dos parlamentos das 19 maiores economias do mundo, mais a Uni\u00e3o Europeia e a Uni\u00e3o Africana, al\u00e9m de organismos internacionais.<\/p>\n<p>Durante tr\u00eas dias, ser\u00e3o discutidas propostas para combater as desigualdades de g\u00eanero e ra\u00e7a, a fome e a pobreza, e a crise ambiental.<\/p>\n<p>Na abertura do evento, o\u00a0presidente da C\u00e2mara dos Deputados, Arthur Lira (PP-AL), defendeu a igualdade de g\u00eanero.<\/p>\n<p>&#8220;N\u00e3o h\u00e1 como falar de combate \u00e0 fome, \u00e0 pobreza, \u00e0 desigualdade se n\u00e3o avan\u00e7armos na promo\u00e7\u00e3o da igualdade de g\u00eanero, da autonomia econ\u00f4mica feminina e da supera\u00e7\u00e3o do racismo. N\u00e3o h\u00e1 como falar em desenvolvimento sustent\u00e1vel sem abordar a posi\u00e7\u00e3o das mulheres conhecendo e aplicando pr\u00e1ticas sustent\u00e1veis que podem frear ou mitigar preju\u00edzos ambientais graves&#8221;, disse.\u00a0<\/p>\n<p>Na cerim\u00f4nia, foi entregue ao presidente Arthur Lira a Carta de Alagoas, com 17 recomenda\u00e7\u00f5es para construir futuro mais igualit\u00e1rio entre homens e mulheres. O documento foi elaborado por deputadas e senadoras de 26 pa\u00edses durante a 1\u00aa Reuni\u00e3o de Mulheres Parlamentares do P20, em julho, em Macei\u00f3.<\/p>\n<p>A l\u00edder da bancada feminina no Senado, senadora Leila Barros (PDT-DF), destacou a import\u00e2ncia de ampliar a representa\u00e7\u00e3o das mulheres nos parlamentos. Segundo dados da ONU, o Brasil ocupa a pen\u00faltima posi\u00e7\u00e3o entre os pa\u00edses do G20, melhor apenas que o Jap\u00e3o.<\/p>\n<p>Ela falou tamb\u00e9m sobre a import\u00e2ncia da autonomia econ\u00f4mica das mulheres.<\/p>\n<p>&#8220;Mulheres com controle sobre suas rendas e seus recursos contribuem diretamente para redu\u00e7\u00e3o da pobreza e para o crescimento de suas comunidades. Este f\u00f3rum deve ser um espa\u00e7o para promover iniciativas que garantam o acesso igualit\u00e1rio ao emprego, \u00e0 educa\u00e7\u00e3o financeira e aos mecanismos de prote\u00e7\u00e3o social para que as mulheres possam prosperar economicamente&#8221;, afirmou a senadora.\u00a0<\/p>\n<p>A presidente da Uni\u00e3o Interparlamentar do P20, Tulia Ackson, lembrou que o combate \u00e0 viol\u00eancia contra as mulheres nos parlamentos \u00e9 outro aspecto inegoci\u00e1vel. Segundo ela, estudos mostram que 80% das mulheres sofreram viol\u00eancia psicol\u00f3gica durante mandato parlamentar, principalmente as mais jovens.\u00a0<\/p>\n<p>A 10\u00aa C\u00fapula do P20 vai at\u00e9 sexta-feira (8).\u00a0<\/p>\n<h2>&gt;&gt; Ou\u00e7a a reportagem na Radioag\u00eancia Nacional<\/h2>\n<p>\u00a0<\/p>\n<p>      <!-- Relacionada --><\/p>\n<p>            <!-- Relacionada -->\n    <\/div>\n<p><br \/>\n<br \/><a href=\"https:\/\/agenciabrasil.ebc.com.br\/internacional\/noticia\/2024-11\/cupula-dos-parlamentos-do-g20-debate-combate-desigualdade-de-genero\" rel=\"noopener\">Ag\u00eancia Brasil <\/a><\/p>\n","protected":false},"excerpt":{"rendered":"<p>A 10\u00aa C\u00fapula de Presidentes dos Parlamentos do G20, chamada P20, come\u00e7ou nesta quarta-feira (6) no Plen\u00e1rio da C\u00e2mara dos Deputados, em Bras\u00edlia. O tema desta edi\u00e7\u00e3o \u00e9 &#8220;Parlamentos por um mundo justo e um planeta sustent\u00e1vel&#8221;. O evento re\u00fane representantes dos parlamentos das 19 maiores economias do mundo, mais a Uni\u00e3o Europeia e a [&hellip;]<\/p>\n","protected":false},"author":1,"featured_media":16421,"comment_status":"open","ping_status":"open","sticky":false,"template":"","format":"standard","meta":{"_jetpack_newsletter_access":"","_jetpack_dont_email_post_to_subs":false,"_jetpack_newsletter_tier_id":0,"_jetpack_memberships_contains_paywalled_content":false,"_mbp_banners":[],"_jetpack_feature_clip_id":0,"_jetpack_memberships_contains_paid_content":false,"footnotes":"","jetpack_publicize_message":"","jetpack_publicize_feature_enabled":true,"jetpack_social_post_already_shared":true,"jetpack_social_options":{"image_generator_settings":{"template":"highway","default_image_id":0,"font":"","enabled":false},"version":2},"jetpack_post_was_ever_published":false},"categories":[25],"tags":[],"class_list":["post-16420","post","type-post","status-publish","format-standard","has-post-thumbnail","category-internacional"],"jetpack_publicize_connections":[],"jetpack-related-posts":[],"jetpack_shortlink":"https:\/\/wp.me\/p7Eq1F-4gQ","jetpack_sharing_enabled":true,"jetpack_featured_media_url":"https:\/\/i0.wp.com\/guialimeira.com.br\/news\/wp-content\/uploads\/2024\/11\/img_5558.jpg?fit=1600%2C800&ssl=1","_links":{"self":[{"href":"https:\/\/guialimeira.com.br\/news\/wp-json\/wp\/v2\/posts\/16420","targetHints":{"allow":["GET"]}}],"collection":[{"href":"https:\/\/guialimeira.com.br\/news\/wp-json\/wp\/v2\/posts"}],"about":[{"href":"https:\/\/guialimeira.com.br\/news\/wp-json\/wp\/v2\/types\/post"}],"author":[{"embeddable":true,"href":"https:\/\/guialimeira.com.br\/news\/wp-json\/wp\/v2\/users\/1"}],"replies":[{"embeddable":true,"href":"https:\/\/guialimeira.com.br\/news\/wp-json\/wp\/v2\/comments?post=16420"}],"version-history":[{"count":0,"href":"https:\/\/guialimeira.com.br\/news\/wp-json\/wp\/v2\/posts\/16420\/revisions"}],"wp:featuredmedia":[{"embeddable":true,"href":"https:\/\/guialimeira.com.br\/news\/wp-json\/wp\/v2\/media\/16421"}],"wp:attachment":[{"href":"https:\/\/guialimeira.com.br\/news\/wp-json\/wp\/v2\/media?parent=16420"}],"wp:term":[{"taxonomy":"category","embeddable":true,"href":"https:\/\/guialimeira.com.br\/news\/wp-json\/wp\/v2\/categories?post=16420"},{"taxonomy":"post_tag","embeddable":true,"href":"https:\/\/guialimeira.com.br\/news\/wp-json\/wp\/v2\/tags?post=16420"}],"curies":[{"name":"wp","href":"https:\/\/api.w.org\/{rel}","templated":true}]}}