{"id":16359,"date":"2024-11-06T11:02:42","date_gmt":"2024-11-06T14:02:42","guid":{"rendered":"https:\/\/guialimeira.com.br\/2024\/11\/06\/lideres-mundiais-reagem-a-vitoria-de-trump-nos-estados-unidos\/"},"modified":"2024-11-06T11:02:42","modified_gmt":"2024-11-06T14:02:42","slug":"lideres-mundiais-reagem-a-vitoria-de-trump-nos-estados-unidos","status":"publish","type":"post","link":"https:\/\/guialimeira.com.br\/news\/lideres-mundiais-reagem-a-vitoria-de-trump-nos-estados-unidos\/","title":{"rendered":"L\u00edderes mundiais reagem \u00e0 vit\u00f3ria de Trump nos Estados Unidos"},"content":{"rendered":"<p> <br \/>\n<\/p>\n<div>\n<p>Ao declarar vit\u00f3ria nas elei\u00e7\u00f5es presidenciais norte-americanas, apesar de a contagem de votos n\u00e3o estar oficialmente conclu\u00edda, o presidente eleito, Donld Trump, come\u00e7a a receber mensagens\u00a0de l\u00edderes mundiais.<img data-recalc-dims=\"1\" decoding=\"async\" src=\"https:\/\/i0.wp.com\/agenciabrasil.ebc.com.br\/ebc.png?w=696&#038;ssl=1\" style=\"width:1px; height:1px; display:inline;\"\/><img data-recalc-dims=\"1\" decoding=\"async\" src=\"https:\/\/i0.wp.com\/agenciabrasil.ebc.com.br\/ebc.gif?w=696&#038;ssl=1\" style=\"width:1px; height:1px; display:inline;\"\/><\/p>\n<p>O primeiro-ministro da Hungria, Viktor \u00d3rban, foi um dos primeiros a reagir. \u201cA caminho de uma vit\u00f3ria maravilhosa\u201d, escreveu \u00d3rban numa publica\u00e7\u00e3o no Facebook, quando ainda se contabilizavam os votos.<\/p>\n<p>Mais tarde, quando a elei\u00e7\u00e3o de Trump estava praticamente assegurada, o primeiro-ministro h\u00fangaro voltou a mencionar as elei\u00e7\u00f5es norte-americanas, afirmando que este \u201c\u00e9 o maior regresso da hist\u00f3ria pol\u00edtica dos EUA\u201d.<\/p>\n<p>&#8220;Parab\u00e9ns ao presidente Trump pela enorme vit\u00f3ria. Uma vit\u00f3ria muito necess\u00e1ria para o mundo&#8221;, disse \u00d3rban em\u00a0mensagem publicada na rede social X.<\/p>\n<p>O primeiro-ministro israelense, Benjamin Netanyahu, tamb\u00e9m se manifestou, saudando \u201co maior regresso da hist\u00f3ria\u201d.\u00a0Na rede social X, Netanyahu afirmou\u00a0que o regresso de Trump \u00e0 Casa Branca \u201coferece um novo come\u00e7o \u00e0\u00a0Am\u00e9rica e um poderoso compromisso com a grande alian\u00e7a entre Israel e a Am\u00e9rica\u201d.<\/p>\n<p>Tamb\u00e9m os ministros de extrema-direita do governo israelense\u00a0comemoraram a\u00a0vit\u00f3ria de Trump na elei\u00e7\u00e3o presidencial dos EUA.\u00a0<\/p>\n<p>O ministro dos Neg\u00f3cios Estrangeiros, Israel Katz, felicitou Trump e disse que juntos v\u00e3o \u201cfortalecer a alian\u00e7a EUA-Israel, trazer de volta os ref\u00e9ns e permanecer firmes para derrotar o eixo do mal liderado pelo Ir\u00e3\u201d.<\/p>\n<p>O ministro da Seguran\u00e7a Nacional, Itamar Ben-Gvir, escreveu no Twitter: &#8220;Sim! Deus aben\u00e7oe Trump&#8221;. J\u00e1 o ministro das Finan\u00e7as, Bezalel Smitrich, afirmou: &#8220;Deus aben\u00e7oe Israel, Deus aben\u00e7oe a Am\u00e9rica&#8221;.<\/p>\n<p>O Hamas, por sua vez, disse que Trump ser\u00e1 testado e que o \u201capoio cego\u201d dos EUA a Israel \u201cdeve acabar\u201d.<\/p>\n<p>\u201cEsse apoio cego \u00e0 entidade sionista deve acabar, porque ocorre \u00e0 custa do futuro do nosso povo, bem como da seguran\u00e7a e estabilidade da regi\u00e3o\u201d, disse Bassem Na\u00efm, membro do gabinete pol\u00edtico do Hamas, \u00e0 AFP.<\/p>\n<p>&#8220;Pedimos que Trump aprenda com os erros de Joe Biden&#8221;, disse outra fonte do Hamas \u00e0 ag\u00eancia Reuters.<\/p>\n<p>O governo iraniano declarou-se, por sua vez, indiferente \u00e0 vit\u00f3ria de Donald Trump nas elei\u00e7\u00f5es presidenciais norte-americanas e considera\u00a0que as rela\u00e7\u00f5es entre os dois pa\u00edses n\u00e3o v\u00e3o mudar.<\/p>\n<p>A porta-voz do governo iraniano, Fatemeh Mohajerani, afirmou que &#8220;a elei\u00e7\u00e3o do presidente dos Estados Unidos\u00a0n\u00e3o tem qualquer liga\u00e7\u00e3o clara com o Ir\u00e3. As pol\u00edticas gerais dos Estados Unidos e do Ir\u00e3\u00a0s\u00e3o fixas&#8221;.<\/p>\n<p>&#8220;Considerando a hist\u00f3ria das san\u00e7\u00f5es nas \u00faltimas quatro d\u00e9cadas, o Ir\u00e3\u00a0enfrentou-as e n\u00e3o est\u00e1 preocupado com a reelei\u00e7\u00e3o de Trump, pois n\u00e3o houve qualquer diferen\u00e7a com a outra pessoa [o atual presidente, Joe Biden]&#8221;, disse, acrescentando\u00a0que &#8220;as san\u00e7\u00f5es fortaleceram o poder interno do Ir\u00e3, que tem a capacidade de lidar com novas san\u00e7\u00f5es&#8221;.<\/p>\n<p>O presidente ucraniano, Volodymyr Zelensky, tamb\u00e9m cumprimentou\u00a0Trump pela \u201cnot\u00e1vel vit\u00f3ria eleitoral\u201d.<\/p>\n<p>&#8220;Eu aprecio o comprometimento do presidente Trump com a abordagem \u00abpaz pela for\u00e7a\u00bb em assuntos globais. Esse \u00e9 exatamente o princ\u00edpio que pode praticamente trazer a paz justa para a Ucr\u00e2nia&#8221;, disse na rede social X.<\/p>\n<p>\u201cEstamos ansiosos por uma era dos Estados Unidos\u00a0fortes sob a lideran\u00e7a decisiva do presidente Trump. Contamos com o apoio bipartid\u00e1rio forte e cont\u00ednuo para a Ucr\u00e2nia nos EUA\u201d, acrescentou.<\/p>\n<p>Do lado russo, o Kremlin afirmou\u00a0que Vladimir Putin n\u00e3o tem inten\u00e7\u00f5es de felicitar Trump.\u00a0&#8220;N\u00e3o sei nada sobre um plano do presidente (russo) para felicitar Trump pela elei\u00e7\u00e3o. N\u00e3o nos esque\u00e7amos de que estamos falando\u00a0de um pa\u00eds hostil que est\u00e1 direta e indiretamente envolvido numa guerra contra o nosso Estado&#8221;, disse o porta-voz do Kremlin, Dmitri Peskov, em refer\u00eancia ao conflito na Ucr\u00e2nia.<\/p>\n<p>&#8220;\u00c9 praticamente imposs\u00edvel que as rela\u00e7\u00f5es se deteriorem ainda mais. Elas est\u00e3o no n\u00edvel mais baixo de todos os tempos. Quanto ao que pode acontecer, tudo depender\u00e1 da lideran\u00e7a americana&#8221;, disse Peskov, acrescentando que o Kremlin vai avaliar Trump \u201ccom base em a\u00e7\u00f5es concretas\u201d.<\/p>\n<p>\u201cVeremos o que acontece em janeiro\u201d, disse, referindo-se \u00e0 data da posse do presidente eleito.<\/p>\n<p>O presidente da Turquia, Recep Tayyip Erdogan, tamb\u00e9m j\u00e1 parabenizou o\u00a0\u201camigo\u201d Donald Trump.\u00a0\u201cEspero que as rela\u00e7\u00f5es Turquia-EUA se fortale\u00e7am, que as crises e guerras regionais e globais, especialmente a quest\u00e3o palestina\u00a0e a guerra R\u00fassia-Ucr\u00e2nia, cheguem ao fim; acredito que mais esfor\u00e7os ser\u00e3o feitos para um mundo mais justo\u201d, escreveu Erdogan no X.<\/p>\n<p>A China disse que continuar\u00e1 a trabalhar com os Estados Unidos com base no \u201crespeito m\u00fatuo, coexist\u00eancia pac\u00edfica e coopera\u00e7\u00e3o vantajosa para ambas as partes\u201d, afirmou\u00a0o\u00a0porta-voz do Minist\u00e9rio chin\u00eas dos Neg\u00f3cios Estrangeiros, Mao Ning.\u00a0&#8220;A nossa pol\u00edtica em rela\u00e7\u00e3o aos EUA \u00e9 consistente&#8221;, frisou.<\/p>\n<h2>Rea\u00e7\u00f5es na Europa<\/h2>\n<p>Do lado europeu, uma das primeiras rea\u00e7\u00f5es chegou da\u00a0Fran\u00e7a. O presidente Emmanuel Macron deu os parab\u00e9ns a Donald Trump e disse estar pronto para trabalhar com o republicano. \u201cEstamos prontos para trabalhar juntos, como fizemos nos \u00faltimos quatro anos. Com as suas convic\u00e7\u00f5es e com as minhas. Com respeito e ambi\u00e7\u00e3o. Por mais paz e prosperidade\u201d, escreveu Macron no X.<\/p>\n<p>O primeiro-ministro brit\u00e2nico, Keir Starmer, tamb\u00e9m cumprimentou\u00a0Trump pela sua \u201cvit\u00f3ria hist\u00f3rica\u201d. \u201cEstou ansioso para trabalhar consigo nos pr\u00f3ximos anos. Como aliados mais pr\u00f3ximos, estamos ombro a ombro na defesa dos nossos valores compartilhados de liberdade, democracia e empreendedorismo\u201d, disse\u00a0Starmer no X.<\/p>\n<p>A primeira-ministra italiana, Giorgia Meloni, saudou Trump, salientando que a \u201cIt\u00e1lia e os EUA s\u00e3o na\u00e7\u00f5es \u201cirm\u00e3s\u201d, ligadas por alian\u00e7a inabal\u00e1vel, valores comuns e uma amizade hist\u00f3rica\u201d.\u00a0\u201c\u00c9 um la\u00e7o estrat\u00e9gico, que tenho certeza de que agora fortaleceremos ainda mais\u201d, disse\u00a0Meloni, em\u00a0mensagem partilhada no X.<\/p>\n<p>O chanceler alem\u00e3o, Olaf Scholz, tamb\u00e9m felicitou Trump na rede social X.\u00a0\u201cA Alemanha e os EUA t\u00eam trabalhado juntos com sucesso por longo per\u00edodo para promover a prosperidade e a liberdade em ambos os lados do Atl\u00e2ntico. Continuaremos a faz\u00ea-lo para o benef\u00edcio dos nossos cidad\u00e3os\u201d.\u00a0<\/p>\n<p>O primeiro-ministro espanhol, Pedro S\u00e1nchez, parabenizou\u00a0Trump, afirmando que os dois v\u00e3o \u201ctrabalhar nas rela\u00e7\u00f5es bilaterais estrat\u00e9gicas e numa forte parceria transatl\u00e2ntica\u201d.<\/p>\n<p>O secret\u00e1rio-geral da Organiza\u00e7\u00e3o do Tratado do Atl\u00e2ntico Norte (Otan)\u00a0disse ter j\u00e1 transmitido suas felicita\u00e7\u00f5es a Donald Trump.\u00a0\u201cA sua lideran\u00e7a ser\u00e1 novamente essencial para manter a nossa alian\u00e7a forte. Estou ansioso para trabalhar com ele novamente, a fim de\u00a0promover a paz por meio da for\u00e7a atrav\u00e9s da Otan&#8221;, afirmou\u00a0Mark Rutte na rede social X.<\/p>\n<p>Seu antecessor, Jens Stoltenberg, tamb\u00e9m cumprimentou\u00a0o presidente eleito, lembrando que\u00a0em seu primeiro mandato, a rela\u00e7\u00e3o de trabalho entre os dois \u201cteve como foco\u00a0refor\u00e7ar a seguran\u00e7a transatl\u00e2ntica e adaptar a Otan\u00a0para o futuro\u201d.<\/p>\n<p>\u201cNum mundo de crescente instabilidade, uma lideran\u00e7a forte dos EUA continua essencial\u201d, salientou.<\/p>\n<p>A presidente da Comiss\u00e3o Europeia felicitou Donald Trump pela sua elei\u00e7\u00e3o como 47\u00ba presidente dos Estados Unidos da Am\u00e9rica. \u201cEstou ansiosa para trabalhar com o presidente novamente para promover forte agenda transatl\u00e2ntica\u201d, disse Ursula von der Leyen.\u00a0&#8220;Vamos trabalhar juntos numa parceria transatl\u00e2ntica. Milh\u00f5es de empregos e bilh\u00f5es em com\u00e9rcio e investimento em cada lado do Atl\u00e2ntico dependem do dinamismo e estabilidade de nossa rela\u00e7\u00e3o econ\u00f4mica&#8221;.<\/p>\n<p>A presidente do Parlamento Europeu, Roberta Metsola, disse que \u201ca Europa est\u00e1 pronta para cooperar enquanto enfrenta\u00a0desafios geopol\u00edticos sem precedentes e para manter o v\u00ednculo transatl\u00e2ntico forte, enraizado nos nossos valores compartilhados de liberdade, direitos humanos, democracia e mercados abertos\u201d.<\/p>\n<p><em><strong>*\u00c9 proibida a reprodu\u00e7\u00e3o deste conte\u00fado.<\/strong><\/em><\/p>\n<p>      <!-- Relacionada --><\/p>\n<p>            <!-- Relacionada -->\n    <\/div>\n<p><br \/>\n<br \/><a href=\"https:\/\/agenciabrasil.ebc.com.br\/internacional\/noticia\/2024-11\/lideres-mundiais-reagem-vitoria-de-trump-nos-estados-unidos\" rel=\"noopener\">Ag\u00eancia Brasil <\/a><\/p>\n","protected":false},"excerpt":{"rendered":"<p>Ao declarar vit\u00f3ria nas elei\u00e7\u00f5es presidenciais norte-americanas, apesar de a contagem de votos n\u00e3o estar oficialmente conclu\u00edda, o presidente eleito, Donld Trump, come\u00e7a a receber mensagens\u00a0de l\u00edderes mundiais. O primeiro-ministro da Hungria, Viktor \u00d3rban, foi um dos primeiros a reagir. \u201cA caminho de uma vit\u00f3ria maravilhosa\u201d, escreveu \u00d3rban numa publica\u00e7\u00e3o no Facebook, quando ainda se [&hellip;]<\/p>\n","protected":false},"author":1,"featured_media":7119,"comment_status":"open","ping_status":"open","sticky":false,"template":"","format":"standard","meta":{"_jetpack_newsletter_access":"","_jetpack_dont_email_post_to_subs":false,"_jetpack_newsletter_tier_id":0,"_jetpack_memberships_contains_paywalled_content":false,"_mbp_banners":[],"_jetpack_feature_clip_id":0,"_jetpack_memberships_contains_paid_content":false,"footnotes":"","jetpack_publicize_message":"","jetpack_publicize_feature_enabled":true,"jetpack_social_post_already_shared":true,"jetpack_social_options":{"image_generator_settings":{"template":"highway","default_image_id":0,"font":"","enabled":false},"version":2},"jetpack_post_was_ever_published":false},"categories":[25],"tags":[],"class_list":["post-16359","post","type-post","status-publish","format-standard","has-post-thumbnail","category-internacional"],"jetpack_publicize_connections":[],"jetpack-related-posts":[],"jetpack_shortlink":"https:\/\/wp.me\/p7Eq1F-4fR","jetpack_sharing_enabled":true,"jetpack_featured_media_url":"https:\/\/i0.wp.com\/guialimeira.com.br\/news\/wp-content\/uploads\/2024\/05\/casa_branca.jpg?fit=1600%2C800&ssl=1","_links":{"self":[{"href":"https:\/\/guialimeira.com.br\/news\/wp-json\/wp\/v2\/posts\/16359","targetHints":{"allow":["GET"]}}],"collection":[{"href":"https:\/\/guialimeira.com.br\/news\/wp-json\/wp\/v2\/posts"}],"about":[{"href":"https:\/\/guialimeira.com.br\/news\/wp-json\/wp\/v2\/types\/post"}],"author":[{"embeddable":true,"href":"https:\/\/guialimeira.com.br\/news\/wp-json\/wp\/v2\/users\/1"}],"replies":[{"embeddable":true,"href":"https:\/\/guialimeira.com.br\/news\/wp-json\/wp\/v2\/comments?post=16359"}],"version-history":[{"count":0,"href":"https:\/\/guialimeira.com.br\/news\/wp-json\/wp\/v2\/posts\/16359\/revisions"}],"wp:featuredmedia":[{"embeddable":true,"href":"https:\/\/guialimeira.com.br\/news\/wp-json\/wp\/v2\/media\/7119"}],"wp:attachment":[{"href":"https:\/\/guialimeira.com.br\/news\/wp-json\/wp\/v2\/media?parent=16359"}],"wp:term":[{"taxonomy":"category","embeddable":true,"href":"https:\/\/guialimeira.com.br\/news\/wp-json\/wp\/v2\/categories?post=16359"},{"taxonomy":"post_tag","embeddable":true,"href":"https:\/\/guialimeira.com.br\/news\/wp-json\/wp\/v2\/tags?post=16359"}],"curies":[{"name":"wp","href":"https:\/\/api.w.org\/{rel}","templated":true}]}}