{"id":16322,"date":"2024-11-05T19:47:00","date_gmt":"2024-11-05T22:47:00","guid":{"rendered":"https:\/\/guialimeira.com.br\/2024\/11\/05\/itamaraty-nega-suspensao-de-voos-de-repatriacao-do-libano\/"},"modified":"2024-11-05T19:47:00","modified_gmt":"2024-11-05T22:47:00","slug":"itamaraty-nega-suspensao-de-voos-de-repatriacao-do-libano","status":"publish","type":"post","link":"https:\/\/guialimeira.com.br\/news\/itamaraty-nega-suspensao-de-voos-de-repatriacao-do-libano\/","title":{"rendered":"Itamaraty nega suspens\u00e3o de voos de repatria\u00e7\u00e3o do L\u00edbano"},"content":{"rendered":"<p> <br \/>\n<\/p>\n<div>\n<p>O Minist\u00e9rio das Rela\u00e7\u00f5es Exteriores (MRE) negou, nesta ter\u00e7a-feira (5), que os voos de repatria\u00e7\u00e3o de cidad\u00e3os brasileiros e familiares que vivem no L\u00edbano ser\u00e3o suspensos. A informa\u00e7\u00e3o sobre a suposta suspens\u00e3o chegou a ser noticiada em ve\u00edculos de imprensa.<img data-recalc-dims=\"1\" decoding=\"async\" src=\"https:\/\/i0.wp.com\/agenciabrasil.ebc.com.br\/ebc.png?w=696&#038;ssl=1\" style=\"width:1px; height:1px; display:inline;\"\/><img data-recalc-dims=\"1\" decoding=\"async\" src=\"https:\/\/i0.wp.com\/agenciabrasil.ebc.com.br\/ebc.gif?w=696&#038;ssl=1\" style=\"width:1px; height:1px; display:inline;\"\/><\/p>\n<p>Desde o in\u00edcio de outubro at\u00e9 esta ter\u00e7a-feira (5), foram realizadas 10 viagens, por meio da aeronave KC-30 da For\u00e7a A\u00e9rea Brasileira (FAB). Ao todo, 2.072 pessoas foram trazidas do pa\u00eds do Oriente M\u00e9dio ao Brasil, al\u00e9m de 24 animais de estima\u00e7\u00e3o. Al\u00e9m disso, o governo brasileiro enviou ao L\u00edbano mais de 27 toneladas de itens essenciais, como insumos m\u00e9dicos e hospitalares, alimentos e outros donativos.<\/p>\n<p>De acordo com o pr\u00f3prio Itamaraty, cerca de 3 mil cidad\u00e3os brasileiros se registraram na Embaixada do Brasil em Beirute, capital libanesa, para conseguir uma vaga nos voos de repatria\u00e7\u00e3o. A pasta informou, oficialmente, que novas opera\u00e7\u00f5es de resgate de nacionais da zona de conflito est\u00e3o sendo programada para os pr\u00f3ximos dias.<\/p>\n<p>O conflito no L\u00edbano, intensificado por ataques a\u00e9reos e terrestres por parte de Israel desde o fim de setembro, j\u00e1 resultou na morte confirmada de tr\u00eas cidad\u00e3os brasileiros, todos menores de idade. <a href=\"https:\/\/agenciabrasil.ebc.com.br\/internacional\/noticia\/2024-11\/bebe-brasileira-de-1-ano-de-idade-e-morta-em-bombardeio-de-israel\" target=\"_blank\" rel=\"noopener\">A v\u00edtima mais recente foi a beb\u00ea F\u00e1tima Abbas<\/a>, de 1 ano de idade. O conflito come\u00e7ou no ano passado, ap\u00f3s um ataque do Hamas a Israel, aliado do Hezbollah.<\/p>\n<p>Apenas no L\u00edbano, o n\u00famero de civis mortos no conflito passa de 2,8 mil pessoas, segundo dados de ag\u00eancias internacionais de not\u00edcias.\u00a0<\/p>\n<p>      <!-- Relacionada --><\/p>\n<p>            <!-- Relacionada -->\n    <\/div>\n<p><br \/>\n<br \/><a href=\"https:\/\/agenciabrasil.ebc.com.br\/internacional\/noticia\/2024-11\/itamaraty-nega-suspensao-de-voos-de-repatriacao-do-libano\" rel=\"noopener\">Ag\u00eancia Brasil <\/a><\/p>\n","protected":false},"excerpt":{"rendered":"<p>O Minist\u00e9rio das Rela\u00e7\u00f5es Exteriores (MRE) negou, nesta ter\u00e7a-feira (5), que os voos de repatria\u00e7\u00e3o de cidad\u00e3os brasileiros e familiares que vivem no L\u00edbano ser\u00e3o suspensos. A informa\u00e7\u00e3o sobre a suposta suspens\u00e3o chegou a ser noticiada em ve\u00edculos de imprensa. Desde o in\u00edcio de outubro at\u00e9 esta ter\u00e7a-feira (5), foram realizadas 10 viagens, por meio [&hellip;]<\/p>\n","protected":false},"author":1,"featured_media":16323,"comment_status":"open","ping_status":"open","sticky":false,"template":"","format":"standard","meta":{"_jetpack_newsletter_access":"","_jetpack_dont_email_post_to_subs":false,"_jetpack_newsletter_tier_id":0,"_jetpack_memberships_contains_paywalled_content":false,"_mbp_banners":[],"_jetpack_feature_clip_id":0,"_jetpack_memberships_contains_paid_content":false,"footnotes":"","jetpack_publicize_message":"","jetpack_publicize_feature_enabled":true,"jetpack_social_post_already_shared":true,"jetpack_social_options":{"image_generator_settings":{"template":"highway","default_image_id":0,"font":"","enabled":false},"version":2},"jetpack_post_was_ever_published":false},"categories":[25],"tags":[],"class_list":["post-16322","post","type-post","status-publish","format-standard","has-post-thumbnail","category-internacional"],"jetpack_publicize_connections":[],"jetpack-related-posts":[],"jetpack_shortlink":"https:\/\/wp.me\/p7Eq1F-4fg","jetpack_sharing_enabled":true,"jetpack_featured_media_url":"https:\/\/i0.wp.com\/guialimeira.com.br\/news\/wp-content\/uploads\/2024\/11\/repatriacao_brasileiros1.jpg?fit=1600%2C800&ssl=1","_links":{"self":[{"href":"https:\/\/guialimeira.com.br\/news\/wp-json\/wp\/v2\/posts\/16322","targetHints":{"allow":["GET"]}}],"collection":[{"href":"https:\/\/guialimeira.com.br\/news\/wp-json\/wp\/v2\/posts"}],"about":[{"href":"https:\/\/guialimeira.com.br\/news\/wp-json\/wp\/v2\/types\/post"}],"author":[{"embeddable":true,"href":"https:\/\/guialimeira.com.br\/news\/wp-json\/wp\/v2\/users\/1"}],"replies":[{"embeddable":true,"href":"https:\/\/guialimeira.com.br\/news\/wp-json\/wp\/v2\/comments?post=16322"}],"version-history":[{"count":0,"href":"https:\/\/guialimeira.com.br\/news\/wp-json\/wp\/v2\/posts\/16322\/revisions"}],"wp:featuredmedia":[{"embeddable":true,"href":"https:\/\/guialimeira.com.br\/news\/wp-json\/wp\/v2\/media\/16323"}],"wp:attachment":[{"href":"https:\/\/guialimeira.com.br\/news\/wp-json\/wp\/v2\/media?parent=16322"}],"wp:term":[{"taxonomy":"category","embeddable":true,"href":"https:\/\/guialimeira.com.br\/news\/wp-json\/wp\/v2\/categories?post=16322"},{"taxonomy":"post_tag","embeddable":true,"href":"https:\/\/guialimeira.com.br\/news\/wp-json\/wp\/v2\/tags?post=16322"}],"curies":[{"name":"wp","href":"https:\/\/api.w.org\/{rel}","templated":true}]}}