{"id":16287,"date":"2024-11-05T12:35:55","date_gmt":"2024-11-05T15:35:55","guid":{"rendered":"https:\/\/guialimeira.com.br\/2024\/11\/05\/cidade-do-rio-vacina-trabalhadores-do-turismo-contra-sarampo\/"},"modified":"2024-11-05T12:35:55","modified_gmt":"2024-11-05T15:35:55","slug":"cidade-do-rio-vacina-trabalhadores-do-turismo-contra-sarampo","status":"publish","type":"post","link":"https:\/\/guialimeira.com.br\/news\/cidade-do-rio-vacina-trabalhadores-do-turismo-contra-sarampo\/","title":{"rendered":"Cidade do Rio vacina trabalhadores do turismo contra sarampo"},"content":{"rendered":"<p> <br \/>\n<\/p>\n<div>\n<p>O munic\u00edpio do Rio de Janeiro iniciou, nesta ter\u00e7a-feira (5), uma mobiliza\u00e7\u00e3o para atualizar a vacina\u00e7\u00e3o de trabalhadores do setor de turismo contra o sarampo. Al\u00e9m dos postos de sa\u00fade e super centros de vacina\u00e7\u00e3o, o imunizante estar\u00e1 dispon\u00edvel em locais de concentra\u00e7\u00e3o desses profissionais.<img data-recalc-dims=\"1\" decoding=\"async\" src=\"https:\/\/i0.wp.com\/agenciabrasil.ebc.com.br\/ebc.png?w=696&#038;ssl=1\" style=\"width:1px; height:1px; display:inline;\"\/><img data-recalc-dims=\"1\" decoding=\"async\" src=\"https:\/\/i0.wp.com\/agenciabrasil.ebc.com.br\/ebc.gif?w=696&#038;ssl=1\" style=\"width:1px; height:1px; display:inline;\"\/><\/p>\n<p>O Aeroporto Santos Dumont ser\u00e1 um dos primeiros locais a receber a campanha. O Rio de Janeiro \u00e9 um dos principais tur\u00edsticos do pa\u00eds e sediar\u00e1 a reuni\u00e3o de c\u00fapula do G20, al\u00e9m de eventos paralelos ao f\u00f3rum de l\u00edderes, como o G20 Social, nas pr\u00f3ximas semanas.<\/p>\n<p>Em 2016, o Brasil recebeu certifica\u00e7\u00e3o de elimina\u00e7\u00e3o do v\u00edrus do sarampo e n\u00e3o registrou nenhum caso da doen\u00e7a em 2016 e 2017. Em 2018, devido \u00e0 baixa cobertura vacinal e grande fluxo migrat\u00f3rio, o pa\u00eds voltou a registrar casos.<\/p>\n<p>Em 2019, foram registrados mais de 21 mil casos da doen\u00e7a e o Brasil perdeu a certifica\u00e7\u00e3o. No ano seguinte, foram 8 mil, enquanto em 2021, houve 670 registros. Em 2022, os casos despencaram para 41. Em 2023, o pa\u00eds n\u00e3o registrou nenhum caso. Por isso, o governo brasileiro passou a ter a expectativa de receber a certifica\u00e7\u00e3o de volta.<\/p>\n<p>Neste ano, no entanto, foram registrados dois casos, um no Rio Grande do Sul e outro em Minas Gerais.<\/p>\n<p>Segundo a Secretaria Municipal de Sa\u00fade do Rio de Janeiro, o sarampo \u00e9 uma doen\u00e7a febril aguda altamente transmiss\u00edvel, com cont\u00e1gio por meio do contato direto entre as pessoas e got\u00edculas de secre\u00e7\u00f5es (expelidas ao falar, tossir ou espirrar). A transmiss\u00e3o pode ocorrer pelo ar, em ambientes fechados.<\/p>\n<p>A vacina usada para prevenir o sarampo em adultos \u00e9 a tr\u00edplice viral, que tamb\u00e9m protege contra a caxumba e a rub\u00e9ola. \u201cO esquema vacinal para a popula\u00e7\u00e3o adulta n\u00e3o vacinada \u00e9 composto por duas doses com intervalos de 30 dias para pessoas de at\u00e9 29 anos e dose \u00fanica para a faixa et\u00e1ria de 30 a 59 anos. Se houver indica\u00e7\u00e3o de bloqueio vacinal, pessoas com 60 anos tamb\u00e9m devem tomar uma dose\u201d, informa a Secretaria de Sa\u00fade<\/p>\n<p>      <!-- Relacionada --><\/p>\n<p>            <!-- Relacionada -->\n    <\/div>\n<p><br \/>\n<br \/><a href=\"https:\/\/agenciabrasil.ebc.com.br\/saude\/noticia\/2024-11\/cidade-do-rio-vacina-trabalhadores-do-turismo-contra-sarampo\" rel=\"noopener\">Ag\u00eancia Brasil <\/a><\/p>\n","protected":false},"excerpt":{"rendered":"<p>O munic\u00edpio do Rio de Janeiro iniciou, nesta ter\u00e7a-feira (5), uma mobiliza\u00e7\u00e3o para atualizar a vacina\u00e7\u00e3o de trabalhadores do setor de turismo contra o sarampo. Al\u00e9m dos postos de sa\u00fade e super centros de vacina\u00e7\u00e3o, o imunizante estar\u00e1 dispon\u00edvel em locais de concentra\u00e7\u00e3o desses profissionais. O Aeroporto Santos Dumont ser\u00e1 um dos primeiros locais a [&hellip;]<\/p>\n","protected":false},"author":1,"featured_media":2794,"comment_status":"open","ping_status":"open","sticky":false,"template":"","format":"standard","meta":{"_jetpack_newsletter_access":"","_jetpack_dont_email_post_to_subs":false,"_jetpack_newsletter_tier_id":0,"_jetpack_memberships_contains_paywalled_content":false,"_mbp_banners":[],"_jetpack_feature_clip_id":0,"_jetpack_memberships_contains_paid_content":false,"footnotes":"","jetpack_publicize_message":"","jetpack_publicize_feature_enabled":true,"jetpack_social_post_already_shared":true,"jetpack_social_options":{"image_generator_settings":{"template":"highway","default_image_id":0,"font":"","enabled":false},"version":2},"jetpack_post_was_ever_published":false},"categories":[15],"tags":[],"class_list":["post-16287","post","type-post","status-publish","format-standard","has-post-thumbnail","category-saude"],"jetpack_publicize_connections":[],"jetpack-related-posts":[],"jetpack_shortlink":"https:\/\/wp.me\/p7Eq1F-4eH","jetpack_sharing_enabled":true,"jetpack_featured_media_url":"https:\/\/i0.wp.com\/guialimeira.com.br\/news\/wp-content\/uploads\/2024\/04\/vacina_dengue_07.jpg?fit=1600%2C800&ssl=1","_links":{"self":[{"href":"https:\/\/guialimeira.com.br\/news\/wp-json\/wp\/v2\/posts\/16287","targetHints":{"allow":["GET"]}}],"collection":[{"href":"https:\/\/guialimeira.com.br\/news\/wp-json\/wp\/v2\/posts"}],"about":[{"href":"https:\/\/guialimeira.com.br\/news\/wp-json\/wp\/v2\/types\/post"}],"author":[{"embeddable":true,"href":"https:\/\/guialimeira.com.br\/news\/wp-json\/wp\/v2\/users\/1"}],"replies":[{"embeddable":true,"href":"https:\/\/guialimeira.com.br\/news\/wp-json\/wp\/v2\/comments?post=16287"}],"version-history":[{"count":0,"href":"https:\/\/guialimeira.com.br\/news\/wp-json\/wp\/v2\/posts\/16287\/revisions"}],"wp:featuredmedia":[{"embeddable":true,"href":"https:\/\/guialimeira.com.br\/news\/wp-json\/wp\/v2\/media\/2794"}],"wp:attachment":[{"href":"https:\/\/guialimeira.com.br\/news\/wp-json\/wp\/v2\/media?parent=16287"}],"wp:term":[{"taxonomy":"category","embeddable":true,"href":"https:\/\/guialimeira.com.br\/news\/wp-json\/wp\/v2\/categories?post=16287"},{"taxonomy":"post_tag","embeddable":true,"href":"https:\/\/guialimeira.com.br\/news\/wp-json\/wp\/v2\/tags?post=16287"}],"curies":[{"name":"wp","href":"https:\/\/api.w.org\/{rel}","templated":true}]}}