{"id":16276,"date":"2024-11-05T10:37:41","date_gmt":"2024-11-05T13:37:41","guid":{"rendered":"https:\/\/guialimeira.com.br\/2024\/11\/05\/decimo-voo-da-fab-com-213-repatriados-do-libano-chega-a-sao-paulo\/"},"modified":"2024-11-05T10:37:41","modified_gmt":"2024-11-05T13:37:41","slug":"decimo-voo-da-fab-com-213-repatriados-do-libano-chega-a-sao-paulo","status":"publish","type":"post","link":"https:\/\/guialimeira.com.br\/news\/decimo-voo-da-fab-com-213-repatriados-do-libano-chega-a-sao-paulo\/","title":{"rendered":"D\u00e9cimo voo da FAB com 213 repatriados do L\u00edbano chega a S\u00e3o Paulo"},"content":{"rendered":"<p> <br \/>\n<\/p>\n<div>\n<p>O d\u00e9cimo voo da For\u00e7a A\u00e9rea Brasileira (FAB) que resgatou brasileiros no L\u00edbano pousou \u00e0s 4h06 desta ter\u00e7a-feira (5) na Base A\u00e9rea de S\u00e3o Paulo (BASP), em Guarulhos. Estavam a bordo 213 repatriados e quatro animais de estima\u00e7\u00e3o no voo que integra a Opera\u00e7\u00e3o Ra\u00edzes do Cedro, iniciada em 2 de outubro e coordenada pelo governo federal.<img data-recalc-dims=\"1\" decoding=\"async\" src=\"https:\/\/i0.wp.com\/agenciabrasil.ebc.com.br\/ebc.png?w=696&#038;ssl=1\" style=\"width:1px; height:1px; display:inline;\"\/><img data-recalc-dims=\"1\" decoding=\"async\" src=\"https:\/\/i0.wp.com\/agenciabrasil.ebc.com.br\/ebc.gif?w=696&#038;ssl=1\" style=\"width:1px; height:1px; display:inline;\"\/><\/p>\n<p>A opera\u00e7\u00e3o atingiu a marca de 2.072 brasileiros e 24 animais de estima\u00e7\u00e3o repatriados. A aeronave KC-30, utilizada nas repatria\u00e7\u00f5es, tamb\u00e9m transportou ao L\u00edbano 27,3 toneladas de doa\u00e7\u00f5es essenciais.<\/p>\n<h2>Articula\u00e7\u00e3o<\/h2>\n<p>A log\u00edstica de repatria\u00e7\u00e3o envolve o uso de avi\u00e3o e de servidores da For\u00e7a A\u00e9rea Brasileira (FAB) e um intenso trabalho de articula\u00e7\u00e3o do Itamaraty. Segundo o governo federal, a comunidade brasileira no L\u00edbano tem cerca de 20 mil pessoas.<\/p>\n<p>As a\u00e7\u00f5es de repatria\u00e7\u00e3o foram determinadas pelo presidente Luiz In\u00e1cio Lula da Silva desde o agravamento do conflito naquele pa\u00eds, com bombardeios a\u00e9reos intensos de Israel contra cidades libanesas. Os bombardeios significam um desdobramento da campanha militar israelense na <a href=\"http:\/\/agenciabrasil.ebc.com.br\/geral\/noticia\/2024-09\/entenda-por-que-gaza-motivou-os-bombardeios-de-israel-contra-o-libano\" target=\"_blank\" rel=\"noopener\">Faixa de Gaza<\/a>, territ\u00f3rio palestino ocupado por Tel-Aviv.<\/p>\n<p>Assim como as mil\u00edcias do I\u00eamen e do Iraque t\u00eam lan\u00e7ado ataques contra Israel ou aliados de Tel-Aviv em repres\u00e1lia aos bombardeios em Gaza, a chamada resist\u00eancia libanesa \u2013 coaliz\u00e3o de sete grupos pol\u00edtico-militares liderados pelo Hezbollah \u2013 tem promovido ataques contra Israel desde o dia 7 de outubro, tamb\u00e9m em solidariedade a Gaza.<\/p>\n<p>      <!-- Relacionada --><\/p>\n<p>            <!-- Relacionada -->\n    <\/div>\n<p><br \/>\n<br \/><a href=\"https:\/\/agenciabrasil.ebc.com.br\/internacional\/noticia\/2024-11\/decimo-voo-da-fab-com-213-repatriados-do-libano-chega-sao-paulo\" rel=\"noopener\">Ag\u00eancia Brasil <\/a><\/p>\n","protected":false},"excerpt":{"rendered":"<p>O d\u00e9cimo voo da For\u00e7a A\u00e9rea Brasileira (FAB) que resgatou brasileiros no L\u00edbano pousou \u00e0s 4h06 desta ter\u00e7a-feira (5) na Base A\u00e9rea de S\u00e3o Paulo (BASP), em Guarulhos. Estavam a bordo 213 repatriados e quatro animais de estima\u00e7\u00e3o no voo que integra a Opera\u00e7\u00e3o Ra\u00edzes do Cedro, iniciada em 2 de outubro e coordenada pelo [&hellip;]<\/p>\n","protected":false},"author":1,"featured_media":16277,"comment_status":"open","ping_status":"open","sticky":false,"template":"","format":"standard","meta":{"_jetpack_newsletter_access":"","_jetpack_dont_email_post_to_subs":false,"_jetpack_newsletter_tier_id":0,"_jetpack_memberships_contains_paywalled_content":false,"_mbp_banners":[],"_jetpack_feature_clip_id":0,"_jetpack_memberships_contains_paid_content":false,"footnotes":"","jetpack_publicize_message":"","jetpack_publicize_feature_enabled":true,"jetpack_social_post_already_shared":true,"jetpack_social_options":{"image_generator_settings":{"template":"highway","default_image_id":0,"font":"","enabled":false},"version":2},"jetpack_post_was_ever_published":false},"categories":[25],"tags":[],"class_list":["post-16276","post","type-post","status-publish","format-standard","has-post-thumbnail","category-internacional"],"jetpack_publicize_connections":[],"jetpack-related-posts":[],"jetpack_shortlink":"https:\/\/wp.me\/p7Eq1F-4ew","jetpack_sharing_enabled":true,"jetpack_featured_media_url":"https:\/\/i0.wp.com\/guialimeira.com.br\/news\/wp-content\/uploads\/2024\/11\/libanese_base_aerea_09.jpg?fit=1600%2C800&ssl=1","_links":{"self":[{"href":"https:\/\/guialimeira.com.br\/news\/wp-json\/wp\/v2\/posts\/16276","targetHints":{"allow":["GET"]}}],"collection":[{"href":"https:\/\/guialimeira.com.br\/news\/wp-json\/wp\/v2\/posts"}],"about":[{"href":"https:\/\/guialimeira.com.br\/news\/wp-json\/wp\/v2\/types\/post"}],"author":[{"embeddable":true,"href":"https:\/\/guialimeira.com.br\/news\/wp-json\/wp\/v2\/users\/1"}],"replies":[{"embeddable":true,"href":"https:\/\/guialimeira.com.br\/news\/wp-json\/wp\/v2\/comments?post=16276"}],"version-history":[{"count":0,"href":"https:\/\/guialimeira.com.br\/news\/wp-json\/wp\/v2\/posts\/16276\/revisions"}],"wp:featuredmedia":[{"embeddable":true,"href":"https:\/\/guialimeira.com.br\/news\/wp-json\/wp\/v2\/media\/16277"}],"wp:attachment":[{"href":"https:\/\/guialimeira.com.br\/news\/wp-json\/wp\/v2\/media?parent=16276"}],"wp:term":[{"taxonomy":"category","embeddable":true,"href":"https:\/\/guialimeira.com.br\/news\/wp-json\/wp\/v2\/categories?post=16276"},{"taxonomy":"post_tag","embeddable":true,"href":"https:\/\/guialimeira.com.br\/news\/wp-json\/wp\/v2\/tags?post=16276"}],"curies":[{"name":"wp","href":"https:\/\/api.w.org\/{rel}","templated":true}]}}