{"id":16262,"date":"2024-11-05T08:20:38","date_gmt":"2024-11-05T11:20:38","guid":{"rendered":"https:\/\/guialimeira.com.br\/?p=16262"},"modified":"2024-11-05T08:20:42","modified_gmt":"2024-11-05T11:20:42","slug":"dialogo-entre-camara-e-prefeitura-murilo-felix-agenda-reuniao-com-todos-os-vereadores-eleitos","status":"publish","type":"post","link":"https:\/\/guialimeira.com.br\/news\/dialogo-entre-camara-e-prefeitura-murilo-felix-agenda-reuniao-com-todos-os-vereadores-eleitos\/","title":{"rendered":"Di\u00e1logo entre C\u00e2mara e Prefeitura: Murilo Felix agenda reuni\u00e3o com todos os vereadores eleitos"},"content":{"rendered":"\n<p class=\"wp-block-paragraph\">O prefeito eleito Murilo F\u00e9lix (Podemos) agendou uma reuni\u00e3o com os 21 vereadores eleitos para o pr\u00f3ximo mandato, ap\u00f3s conversa com o presidente da C\u00e2mara Municipal de Limeira, Everton Ferreira (PSD). O objetivo tra\u00e7ado \u00e9 consolidar a uni\u00e3o dos Poderes Executivo e Legislativo em prol da cidade. O encontro ser\u00e1 realizado na quarta-feira, 6 de novembro, \u00e0s 17h, no Plen\u00e1rio Vereador Vit\u00f3rio Bortolan.<\/p>\n\n\n\n<p class=\"wp-block-paragraph\">Essa \u00e9 a<a href=\"https:\/\/www.limeira.sp.leg.br\/noticias\/view\/2024-10-30_prefeito-eleito-murilo-felix-visita-camara-busca-dialogo-e-reforca-respeito-ao-legislativo\" rel=\"noopener\">&nbsp;segunda vez<\/a>&nbsp;que o prefeito eleito demonstra o compromisso de buscar uni\u00e3o e refor\u00e7ar o respeito ao Legislativo. Segundo Everton Ferreira, a reuni\u00e3o foi solicitada por Murilo Felix para que haja di\u00e1logo com todos os parlamentares eleitos para representar os cidad\u00e3os de Limeira a partir de 2025.&nbsp;&nbsp;&nbsp;<\/p>\n\n\n\n<p class=\"wp-block-paragraph\">A conversa ser\u00e1 aberta ao p\u00fablico e tamb\u00e9m ter\u00e1 transmiss\u00e3o ao vivo pelos canais de comunica\u00e7\u00e3o do Legislativo limeirense pelo<a href=\"https:\/\/www.youtube.com\/user\/camaradelimeira\" rel=\"noopener\">&nbsp;Youtube<\/a>, no<a href=\"https:\/\/www.facebook.com\/camaradelimeira\/\" rel=\"noopener\">&nbsp;Facebook<\/a>&nbsp;e no<a href=\"http:\/\/www.limeira.sp.leg.br\/sessoes\/aovivo\" rel=\"noopener\">&nbsp;site<\/a>.&nbsp;<\/p>\n","protected":false},"excerpt":{"rendered":"<p>O prefeito eleito Murilo F\u00e9lix (Podemos) agendou uma reuni\u00e3o com os 21 vereadores eleitos para o pr\u00f3ximo mandato, ap\u00f3s conversa com o presidente da C\u00e2mara Municipal de Limeira, Everton Ferreira (PSD). O objetivo tra\u00e7ado \u00e9 consolidar a uni\u00e3o dos Poderes Executivo e Legislativo em prol da cidade. O encontro ser\u00e1 realizado na quarta-feira, 6 de [&hellip;]<\/p>\n","protected":false},"author":1,"featured_media":16263,"comment_status":"open","ping_status":"open","sticky":false,"template":"","format":"standard","meta":{"_jetpack_newsletter_access":"","_jetpack_dont_email_post_to_subs":false,"_jetpack_newsletter_tier_id":0,"_jetpack_memberships_contains_paywalled_content":false,"_mbp_banners":[],"_jetpack_feature_clip_id":0,"_jetpack_memberships_contains_paid_content":false,"footnotes":"","jetpack_publicize_message":"","jetpack_publicize_feature_enabled":true,"jetpack_social_post_already_shared":true,"jetpack_social_options":{"image_generator_settings":{"template":"highway","default_image_id":0,"font":"","enabled":false},"version":2},"jetpack_post_was_ever_published":false},"categories":[16,19],"tags":[],"class_list":["post-16262","post","type-post","status-publish","format-standard","has-post-thumbnail","category-local","category-politica"],"jetpack_publicize_connections":[],"jetpack-related-posts":[],"jetpack_shortlink":"https:\/\/wp.me\/p7Eq1F-4ei","jetpack_sharing_enabled":true,"jetpack_featured_media_url":"https:\/\/i0.wp.com\/guialimeira.com.br\/news\/wp-content\/uploads\/2024\/11\/2024-11-05_dialogo-entre-camara-e-prefeitura-murilo-felix-agenda-reuniao-com-todos-os-vereadores-eleitos_1.jpg?fit=1280%2C640&ssl=1","_links":{"self":[{"href":"https:\/\/guialimeira.com.br\/news\/wp-json\/wp\/v2\/posts\/16262","targetHints":{"allow":["GET"]}}],"collection":[{"href":"https:\/\/guialimeira.com.br\/news\/wp-json\/wp\/v2\/posts"}],"about":[{"href":"https:\/\/guialimeira.com.br\/news\/wp-json\/wp\/v2\/types\/post"}],"author":[{"embeddable":true,"href":"https:\/\/guialimeira.com.br\/news\/wp-json\/wp\/v2\/users\/1"}],"replies":[{"embeddable":true,"href":"https:\/\/guialimeira.com.br\/news\/wp-json\/wp\/v2\/comments?post=16262"}],"version-history":[{"count":1,"href":"https:\/\/guialimeira.com.br\/news\/wp-json\/wp\/v2\/posts\/16262\/revisions"}],"predecessor-version":[{"id":16264,"href":"https:\/\/guialimeira.com.br\/news\/wp-json\/wp\/v2\/posts\/16262\/revisions\/16264"}],"wp:featuredmedia":[{"embeddable":true,"href":"https:\/\/guialimeira.com.br\/news\/wp-json\/wp\/v2\/media\/16263"}],"wp:attachment":[{"href":"https:\/\/guialimeira.com.br\/news\/wp-json\/wp\/v2\/media?parent=16262"}],"wp:term":[{"taxonomy":"category","embeddable":true,"href":"https:\/\/guialimeira.com.br\/news\/wp-json\/wp\/v2\/categories?post=16262"},{"taxonomy":"post_tag","embeddable":true,"href":"https:\/\/guialimeira.com.br\/news\/wp-json\/wp\/v2\/tags?post=16262"}],"curies":[{"name":"wp","href":"https:\/\/api.w.org\/{rel}","templated":true}]}}