{"id":1623,"date":"2024-04-15T18:18:39","date_gmt":"2024-04-15T21:18:39","guid":{"rendered":"https:\/\/guialimeira.com.br\/2024\/04\/15\/associacao-defende-revogacao-de-medida-que-afastou-juizes-federais\/"},"modified":"2024-04-15T18:18:39","modified_gmt":"2024-04-15T21:18:39","slug":"associacao-defende-revogacao-de-medida-que-afastou-juizes-federais","status":"publish","type":"post","link":"https:\/\/guialimeira.com.br\/news\/associacao-defende-revogacao-de-medida-que-afastou-juizes-federais\/","title":{"rendered":"Associa\u00e7\u00e3o defende revoga\u00e7\u00e3o de medida que afastou ju\u00edzes federais"},"content":{"rendered":"<p> <br \/>\n<\/p>\n<div>\n<p>A Associa\u00e7\u00e3o dos Ju\u00edzes Federais do Brasil (Ajufe) defendeu, nesta segunda-feira (15), \u00a0a revoga\u00e7\u00e3o da decis\u00e3o do corregedor nacional de Justi\u00e7a, Lu\u00eds Felipe Salom\u00e3o, que afastou das fun\u00e7\u00f5es a ju\u00edza federal Gabriela Hardt, sucessora de Sergio Moro no comando da Opera\u00e7\u00e3o Lava Jato, e de mais um juiz e dois desembargadores.<img data-recalc-dims=\"1\" decoding=\"async\" src=\"https:\/\/i0.wp.com\/agenciabrasil.ebc.com.br\/ebc.png?w=696&#038;ssl=1\" style=\"width:1px; height:1px; display:inline;\"\/><img data-recalc-dims=\"1\" decoding=\"async\" src=\"https:\/\/i0.wp.com\/agenciabrasil.ebc.com.br\/ebc.gif?w=696&#038;ssl=1\" style=\"width:1px; height:1px; display:inline;\"\/><\/p>\n<p>Em nota \u00e0 imprensa, a Ajufe diz que recebeu a decis\u00e3o com surpresa. Para a associa\u00e7\u00e3o, a medida s\u00f3 poderia ser tomada pelo plen\u00e1rio do Conselho Nacional de Justi\u00e7a (CNJ).<\/p>\n<p>&#8220;O \u00f3rg\u00e3o com a compet\u00eancia natural para deliberar por tal afastamento \u00e9 o plen\u00e1rio do Conselho Nacional de Justi\u00e7a, tanto que [est\u00e1] pautada a mat\u00e9ria para julgamento na sess\u00e3o de amanh\u00e3, dia 16\/04\/2024, revelando-se inadequado o afastamento por decis\u00e3o monocr\u00e1tica e na v\u00e9spera de tal julgamento&#8221;, afirma a associa\u00e7\u00e3o.<\/p>\n<p>Al\u00e9m disso, a Ajufe tamb\u00e9m defende a atua\u00e7\u00e3o dos magistrados. &#8220;Os magistrados e magistrada afastados pela decis\u00e3o monocr\u00e1tica acima referida possuem conduta ilibada e d\u00e9cadas de bons servi\u00e7os prestados \u00e0 magistratura nacional, sem qualquer m\u00e1cula nos seus curr\u00edculos, sendo absolutamente desarrazoados os seus afastamentos das fun\u00e7\u00f5es jurisdicionais&#8221;, conclui a associa\u00e7\u00e3o.<\/p>\n<p>Para afastar a ju\u00edza, Luis Felipe Salom\u00e3o afirmou que a Gabriela Hardt cometeu irregularidades em decis\u00f5es que autorizaram o repasse de cerca de R$ 2 bilh\u00f5es oriundos de acordos firmados com os investigados da Lava Jato, entre 2015 e 2019, para um fundo que seria gerido pela for\u00e7a-tarefa da opera\u00e7\u00e3o. Os repasses foram suspensos em 2019 pelo Supremo Tribunal Federal (STF).<\/p>\n<p>A decis\u00e3o tamb\u00e9m indica que Gabriela Hardt pode ter discutido os termos do acordo &#8220;fora dos autos&#8221; e por meio de aplicativo de mensagens WhatsApp.<\/p>\n<p>A assessoria de imprensa da Justi\u00e7a Federal em Curitiba informou que a ju\u00edza n\u00e3o vai se manifestar sobre o afastamento.<\/p>\n<p>A liminar que autorizou o afastamento dos magistrados ser\u00e1 julgada amanh\u00e3 (16) pelo plen\u00e1rio do CNJ.\u00a0<\/p>\n<\/p><\/div>\n<p><br \/>\n<br \/><a href=\"https:\/\/agenciabrasil.ebc.com.br\/justica\/noticia\/2024-04\/associacao-defende-revogacao-de-afastamento-de-juizes-federais\" rel=\"noopener\">Ag\u00eancia Brasil<\/a><\/p>\n","protected":false},"excerpt":{"rendered":"<p>A Associa\u00e7\u00e3o dos Ju\u00edzes Federais do Brasil (Ajufe) defendeu, nesta segunda-feira (15), \u00a0a revoga\u00e7\u00e3o da decis\u00e3o do corregedor nacional de Justi\u00e7a, Lu\u00eds Felipe Salom\u00e3o, que afastou das fun\u00e7\u00f5es a ju\u00edza federal Gabriela Hardt, sucessora de Sergio Moro no comando da Opera\u00e7\u00e3o Lava Jato, e de mais um juiz e dois desembargadores. Em nota \u00e0 imprensa, [&hellip;]<\/p>\n","protected":false},"author":1,"featured_media":1624,"comment_status":"open","ping_status":"open","sticky":false,"template":"","format":"standard","meta":{"_jetpack_newsletter_access":"","_jetpack_dont_email_post_to_subs":false,"_jetpack_newsletter_tier_id":0,"_jetpack_memberships_contains_paywalled_content":false,"_mbp_banners":[],"_jetpack_feature_clip_id":0,"_jetpack_memberships_contains_paid_content":false,"footnotes":"","jetpack_publicize_message":"","jetpack_publicize_feature_enabled":true,"jetpack_social_post_already_shared":true,"jetpack_social_options":{"image_generator_settings":{"template":"highway","default_image_id":0,"font":"","enabled":false},"version":2},"jetpack_post_was_ever_published":false},"categories":[22],"tags":[],"class_list":["post-1623","post","type-post","status-publish","format-standard","has-post-thumbnail","category-nacional"],"jetpack_publicize_connections":[],"jetpack-related-posts":[],"jetpack_shortlink":"https:\/\/wp.me\/p7Eq1F-qb","jetpack_sharing_enabled":true,"jetpack_featured_media_url":"https:\/\/i0.wp.com\/guialimeira.com.br\/news\/wp-content\/uploads\/2024\/04\/20231102_134032.jpg?fit=1600%2C800&ssl=1","_links":{"self":[{"href":"https:\/\/guialimeira.com.br\/news\/wp-json\/wp\/v2\/posts\/1623","targetHints":{"allow":["GET"]}}],"collection":[{"href":"https:\/\/guialimeira.com.br\/news\/wp-json\/wp\/v2\/posts"}],"about":[{"href":"https:\/\/guialimeira.com.br\/news\/wp-json\/wp\/v2\/types\/post"}],"author":[{"embeddable":true,"href":"https:\/\/guialimeira.com.br\/news\/wp-json\/wp\/v2\/users\/1"}],"replies":[{"embeddable":true,"href":"https:\/\/guialimeira.com.br\/news\/wp-json\/wp\/v2\/comments?post=1623"}],"version-history":[{"count":0,"href":"https:\/\/guialimeira.com.br\/news\/wp-json\/wp\/v2\/posts\/1623\/revisions"}],"wp:featuredmedia":[{"embeddable":true,"href":"https:\/\/guialimeira.com.br\/news\/wp-json\/wp\/v2\/media\/1624"}],"wp:attachment":[{"href":"https:\/\/guialimeira.com.br\/news\/wp-json\/wp\/v2\/media?parent=1623"}],"wp:term":[{"taxonomy":"category","embeddable":true,"href":"https:\/\/guialimeira.com.br\/news\/wp-json\/wp\/v2\/categories?post=1623"},{"taxonomy":"post_tag","embeddable":true,"href":"https:\/\/guialimeira.com.br\/news\/wp-json\/wp\/v2\/tags?post=1623"}],"curies":[{"name":"wp","href":"https:\/\/api.w.org\/{rel}","templated":true}]}}