{"id":16224,"date":"2024-11-04T17:16:00","date_gmt":"2024-11-04T20:16:00","guid":{"rendered":"https:\/\/guialimeira.com.br\/2024\/11\/04\/vacina-oral-contra-poliomielite-nao-sera-mais-aplicada-no-brasil\/"},"modified":"2024-11-04T17:16:00","modified_gmt":"2024-11-04T20:16:00","slug":"vacina-oral-contra-poliomielite-nao-sera-mais-aplicada-no-brasil","status":"publish","type":"post","link":"https:\/\/guialimeira.com.br\/news\/vacina-oral-contra-poliomielite-nao-sera-mais-aplicada-no-brasil\/","title":{"rendered":"Vacina oral contra poliomielite n\u00e3o ser\u00e1 mais aplicada no Brasil"},"content":{"rendered":"<p> <br \/>\n<\/p>\n<div>\n<p>A partir desta segunda-feira (4), o Minist\u00e9rio da Sa\u00fade ir\u00e1 substituir as duas doses de refor\u00e7o da vacina oral poliomielite bivalente (VOPb), <a href=\"https:\/\/agenciabrasil.ebc.com.br\/saude\/noticia\/2024-09\/marco-na-erradicacao-da-polio-gotinha-da-lugar-vacina-injetavel\" target=\"_blank\" rel=\"noopener\">popularmente conhecida como gotinha<\/a>, por uma dose da vacina inativada (VIP), que \u00e9 injet\u00e1vel. O objetivo \u00e9 alinhar o esquema vacinal \u00e0s pr\u00e1ticas j\u00e1 adotadas por pa\u00edses como os Estados Unidos e na\u00e7\u00f5es europeias.<img data-recalc-dims=\"1\" decoding=\"async\" src=\"https:\/\/i0.wp.com\/agenciabrasil.ebc.com.br\/ebc.png?w=696&#038;ssl=1\" style=\"width:1px; height:1px; display:inline;\"\/><img data-recalc-dims=\"1\" decoding=\"async\" src=\"https:\/\/i0.wp.com\/agenciabrasil.ebc.com.br\/ebc.gif?w=696&#038;ssl=1\" style=\"width:1px; height:1px; display:inline;\"\/><\/p>\n<p>Segundo o Minist\u00e9rio, a mudan\u00e7a vai garantir maior efic\u00e1cia do esquema vacinal, que ser\u00e1 exclusivo com a vacina injet\u00e1vel.<\/p>\n<p>O novo esquema inclui tr\u00eas doses da vacina injet\u00e1vel administradas aos 2, 4 e 6 meses de idade, al\u00e9m de uma dose de refor\u00e7o aos 15 meses. O Minist\u00e9rio da Sa\u00fade j\u00e1 enviou orienta\u00e7\u00f5es aos estados para que preparem os munic\u00edpios para a implementa\u00e7\u00e3o das novas diretrizes.<\/p>\n<p>As doses da vacina oral poliomielite bivalente que estejam lacradas em estoque nos munic\u00edpios ser\u00e3o recolhidas pelo Minist\u00e9rio da Sa\u00fade at\u00e9 o dia 31 de novembro. A partir de hoje, apenas as doses da vacina injet\u00e1vel dever\u00e3o estar dispon\u00edveis nas salas de vacina\u00e7\u00e3o.<\/p>\n<h2>Z\u00e9 Gotinha<\/h2>\n<p>Apesar da substitui\u00e7\u00e3o da vacina oral, o Minist\u00e9rio da Sa\u00fade garante que o personagem Z\u00e9 Gotinha, criado nos anos 1980 para incentivar a ades\u00e3o das fam\u00edlias, continuar\u00e1 sendo um s\u00edmbolo da imuniza\u00e7\u00e3o no pa\u00eds.<\/p>\n<p>\u201cO Z\u00e9 Gotinha \u00e9 um s\u00edmbolo universal na miss\u00e3o de salvar vidas e um aliado importante na educa\u00e7\u00e3o e no combate \u00e0s not\u00edcias falsas. Ele seguir\u00e1 firme nas a\u00e7\u00f5es de conscientiza\u00e7\u00e3o\u201d, explica o diretor do Departamento do Programa Nacional de Imuniza\u00e7\u00f5es (DPNI), Eder Gatti.<\/p>\n<p>      <!-- Relacionada --><\/p>\n<p>            <!-- Relacionada -->\n    <\/div>\n<p><br \/>\n<br \/><a href=\"https:\/\/agenciabrasil.ebc.com.br\/saude\/noticia\/2024-11\/vacina-oral-contra-poliomielite-nao-sera-mais-aplicada-no-brasil\" rel=\"noopener\">Ag\u00eancia Brasil <\/a><\/p>\n","protected":false},"excerpt":{"rendered":"<p>A partir desta segunda-feira (4), o Minist\u00e9rio da Sa\u00fade ir\u00e1 substituir as duas doses de refor\u00e7o da vacina oral poliomielite bivalente (VOPb), popularmente conhecida como gotinha, por uma dose da vacina inativada (VIP), que \u00e9 injet\u00e1vel. O objetivo \u00e9 alinhar o esquema vacinal \u00e0s pr\u00e1ticas j\u00e1 adotadas por pa\u00edses como os Estados Unidos e na\u00e7\u00f5es [&hellip;]<\/p>\n","protected":false},"author":1,"featured_media":16225,"comment_status":"open","ping_status":"open","sticky":false,"template":"","format":"standard","meta":{"_jetpack_newsletter_access":"","_jetpack_dont_email_post_to_subs":false,"_jetpack_newsletter_tier_id":0,"_jetpack_memberships_contains_paywalled_content":false,"_mbp_banners":[],"_jetpack_feature_clip_id":0,"_jetpack_memberships_contains_paid_content":false,"footnotes":"","jetpack_publicize_message":"","jetpack_publicize_feature_enabled":true,"jetpack_social_post_already_shared":true,"jetpack_social_options":{"image_generator_settings":{"template":"highway","default_image_id":0,"font":"","enabled":false},"version":2},"jetpack_post_was_ever_published":false},"categories":[15],"tags":[],"class_list":["post-16224","post","type-post","status-publish","format-standard","has-post-thumbnail","category-saude"],"jetpack_publicize_connections":[],"jetpack-related-posts":[],"jetpack_shortlink":"https:\/\/wp.me\/p7Eq1F-4dG","jetpack_sharing_enabled":true,"jetpack_featured_media_url":"https:\/\/i0.wp.com\/guialimeira.com.br\/news\/wp-content\/uploads\/2024\/11\/edit_mcmgo_abr20180818_1351.jpg?fit=1600%2C800&ssl=1","_links":{"self":[{"href":"https:\/\/guialimeira.com.br\/news\/wp-json\/wp\/v2\/posts\/16224","targetHints":{"allow":["GET"]}}],"collection":[{"href":"https:\/\/guialimeira.com.br\/news\/wp-json\/wp\/v2\/posts"}],"about":[{"href":"https:\/\/guialimeira.com.br\/news\/wp-json\/wp\/v2\/types\/post"}],"author":[{"embeddable":true,"href":"https:\/\/guialimeira.com.br\/news\/wp-json\/wp\/v2\/users\/1"}],"replies":[{"embeddable":true,"href":"https:\/\/guialimeira.com.br\/news\/wp-json\/wp\/v2\/comments?post=16224"}],"version-history":[{"count":0,"href":"https:\/\/guialimeira.com.br\/news\/wp-json\/wp\/v2\/posts\/16224\/revisions"}],"wp:featuredmedia":[{"embeddable":true,"href":"https:\/\/guialimeira.com.br\/news\/wp-json\/wp\/v2\/media\/16225"}],"wp:attachment":[{"href":"https:\/\/guialimeira.com.br\/news\/wp-json\/wp\/v2\/media?parent=16224"}],"wp:term":[{"taxonomy":"category","embeddable":true,"href":"https:\/\/guialimeira.com.br\/news\/wp-json\/wp\/v2\/categories?post=16224"},{"taxonomy":"post_tag","embeddable":true,"href":"https:\/\/guialimeira.com.br\/news\/wp-json\/wp\/v2\/tags?post=16224"}],"curies":[{"name":"wp","href":"https:\/\/api.w.org\/{rel}","templated":true}]}}