{"id":1615,"date":"2024-04-15T18:12:48","date_gmt":"2024-04-15T21:12:48","guid":{"rendered":"https:\/\/guialimeira.com.br\/2024\/04\/15\/teto-de-supermercado-desaba-em-diadema-e-deixa-pelo-menos-9-feridos\/"},"modified":"2024-04-15T18:12:48","modified_gmt":"2024-04-15T21:12:48","slug":"teto-de-supermercado-desaba-em-diadema-e-deixa-pelo-menos-9-feridos","status":"publish","type":"post","link":"https:\/\/guialimeira.com.br\/news\/teto-de-supermercado-desaba-em-diadema-e-deixa-pelo-menos-9-feridos\/","title":{"rendered":"Teto de supermercado desaba em Diadema e deixa pelo menos 9 feridos"},"content":{"rendered":"<p> <br \/>\n<\/p>\n<div>\n<p>Pelo menos nove pessoas ficaram feridas na tarde desta segunda-feira\u00a0(15) ap\u00f3s o desabamento do teto de um supermercado na cidade de Diadema, na Grande S\u00e3o Paulo. A informa\u00e7\u00e3o \u00e9 do Corpo de Bombeiros.<img data-recalc-dims=\"1\" decoding=\"async\" src=\"https:\/\/i0.wp.com\/agenciabrasil.ebc.com.br\/ebc.png?w=696&#038;ssl=1\" style=\"width:1px; height:1px; display:inline;\"\/><img data-recalc-dims=\"1\" decoding=\"async\" src=\"https:\/\/i0.wp.com\/agenciabrasil.ebc.com.br\/ebc.gif?w=696&#038;ssl=1\" style=\"width:1px; height:1px; display:inline;\"\/><\/p>\n<p>O desabamento ocorreu por volta das 16h, no supermercado Vencedor Atacadista, localizado na Avenida Casa Grande, 230.<\/p>\n<p>A Defesa Civil informou que sete v\u00edtimas teriam se ferido de forma leve. Outras duas, de forma mais grave, mas sem risco de morte.<\/p>\n<p>De acordo com a Defesa Civil, o teto do supermercado desabou ap\u00f3s uma chuva forte atingir a\u00a0regi\u00e3o. H\u00e1 informa\u00e7\u00f5es de que, mais cedo, funcion\u00e1rios teriam feito uma manuten\u00e7\u00e3o do teto do estabelecimento.<\/p>\n<p>A <strong>Ag\u00eancia Brasil <\/strong>procurou o supermercado para obter mais informa\u00e7\u00f5es sobre o ocorrido, mas at\u00e9 este momento n\u00e3o obteve retorno.<\/p>\n<\/p><\/div>\n<p><br \/>\n<br \/><a href=\"https:\/\/agenciabrasil.ebc.com.br\/geral\/noticia\/2024-04\/teto-de-supermercado-desaba-em-diadema-e-deixa-pelo-menos-9-feridos\" rel=\"noopener\">Ag\u00eancia Brasil<\/a><\/p>\n","protected":false},"excerpt":{"rendered":"<p>Pelo menos nove pessoas ficaram feridas na tarde desta segunda-feira\u00a0(15) ap\u00f3s o desabamento do teto de um supermercado na cidade de Diadema, na Grande S\u00e3o Paulo. A informa\u00e7\u00e3o \u00e9 do Corpo de Bombeiros. O desabamento ocorreu por volta das 16h, no supermercado Vencedor Atacadista, localizado na Avenida Casa Grande, 230. A Defesa Civil informou que [&hellip;]<\/p>\n","protected":false},"author":1,"featured_media":269,"comment_status":"open","ping_status":"open","sticky":false,"template":"","format":"standard","meta":{"_jetpack_newsletter_access":"","_jetpack_dont_email_post_to_subs":false,"_jetpack_newsletter_tier_id":0,"_jetpack_memberships_contains_paywalled_content":false,"_mbp_banners":[],"_jetpack_feature_clip_id":0,"_jetpack_memberships_contains_paid_content":false,"footnotes":"","jetpack_publicize_message":"","jetpack_publicize_feature_enabled":true,"jetpack_social_post_already_shared":true,"jetpack_social_options":{"image_generator_settings":{"template":"highway","default_image_id":0,"font":"","enabled":false},"version":2},"jetpack_post_was_ever_published":false},"categories":[1],"tags":[],"class_list":["post-1615","post","type-post","status-publish","format-standard","has-post-thumbnail","category-geral"],"jetpack_publicize_connections":[],"jetpack-related-posts":[],"jetpack_shortlink":"https:\/\/wp.me\/p7Eq1F-q3","jetpack_sharing_enabled":true,"jetpack_featured_media_url":"https:\/\/i0.wp.com\/guialimeira.com.br\/news\/wp-content\/uploads\/2024\/03\/thumb_1200x600_agbrasil.png?fit=1200%2C600&ssl=1","_links":{"self":[{"href":"https:\/\/guialimeira.com.br\/news\/wp-json\/wp\/v2\/posts\/1615","targetHints":{"allow":["GET"]}}],"collection":[{"href":"https:\/\/guialimeira.com.br\/news\/wp-json\/wp\/v2\/posts"}],"about":[{"href":"https:\/\/guialimeira.com.br\/news\/wp-json\/wp\/v2\/types\/post"}],"author":[{"embeddable":true,"href":"https:\/\/guialimeira.com.br\/news\/wp-json\/wp\/v2\/users\/1"}],"replies":[{"embeddable":true,"href":"https:\/\/guialimeira.com.br\/news\/wp-json\/wp\/v2\/comments?post=1615"}],"version-history":[{"count":0,"href":"https:\/\/guialimeira.com.br\/news\/wp-json\/wp\/v2\/posts\/1615\/revisions"}],"wp:featuredmedia":[{"embeddable":true,"href":"https:\/\/guialimeira.com.br\/news\/wp-json\/wp\/v2\/media\/269"}],"wp:attachment":[{"href":"https:\/\/guialimeira.com.br\/news\/wp-json\/wp\/v2\/media?parent=1615"}],"wp:term":[{"taxonomy":"category","embeddable":true,"href":"https:\/\/guialimeira.com.br\/news\/wp-json\/wp\/v2\/categories?post=1615"},{"taxonomy":"post_tag","embeddable":true,"href":"https:\/\/guialimeira.com.br\/news\/wp-json\/wp\/v2\/tags?post=1615"}],"curies":[{"name":"wp","href":"https:\/\/api.w.org\/{rel}","templated":true}]}}