{"id":16087,"date":"2024-11-01T20:07:55","date_gmt":"2024-11-01T23:07:55","guid":{"rendered":"https:\/\/guialimeira.com.br\/2024\/11\/01\/capital-paulista-recebe-novo-lote-de-vacinas-contra-dengue\/"},"modified":"2024-11-01T20:07:55","modified_gmt":"2024-11-01T23:07:55","slug":"capital-paulista-recebe-novo-lote-de-vacinas-contra-dengue","status":"publish","type":"post","link":"https:\/\/guialimeira.com.br\/news\/capital-paulista-recebe-novo-lote-de-vacinas-contra-dengue\/","title":{"rendered":"Capital paulista recebe novo lote de vacinas contra dengue"},"content":{"rendered":"<p> <br \/>\n<\/p>\n<div>\n<p>A prefeitura de S\u00e3o Paulo informou, nesta sexta-feira (1\u00ba), que o munic\u00edpio recebeu do Minist\u00e9rio da Sa\u00fade 170.753 doses da vacina contra a dengue, a Qdenga, e que ir\u00e1 retomar a aplica\u00e7\u00e3o da primeira dose do imunizante neste s\u00e1bado (2), em jovens de 10 a 14 anos. A segunda dose continua sendo aplicada normalmente na cidade.<img data-recalc-dims=\"1\" decoding=\"async\" src=\"https:\/\/i0.wp.com\/agenciabrasil.ebc.com.br\/ebc.png?w=696&#038;ssl=1\" style=\"width:1px; height:1px; display:inline;\"\/><img data-recalc-dims=\"1\" decoding=\"async\" src=\"https:\/\/i0.wp.com\/agenciabrasil.ebc.com.br\/ebc.gif?w=696&#038;ssl=1\" style=\"width:1px; height:1px; display:inline;\"\/><\/p>\n<p>Segundo a prefeitura, as pessoas interessadas em se imunizar devem comparecer a uma das unidades b\u00e1sicas de sa\u00fade (UBS) do munic\u00edpio, no per\u00edodo das 7h \u00e0s 19h, de segunda a sexta-feira, ou aos s\u00e1bados, \u00e0s unidades de Atendimento M\u00e9dico Ambulatorial Integradas (AMAs\/UBS), no mesmo hor\u00e1rio, com documento de identifica\u00e7\u00e3o com foto e um respons\u00e1vel legal.<\/p>\n<p>A campanha de vacina\u00e7\u00e3o contra a dengue na capital paulista teve in\u00edcio no m\u00eas de abril e, desde ent\u00e3o, foram vacinadas 186 mil crian\u00e7as e adolescentes de 10 a 14 anos com a primeira dose.<\/p>\n<p>Atualmente, 79.357 crian\u00e7as e adolescentes que receberam a primeira dose est\u00e3o eleg\u00edveis para receberem a segunda dose. Para verificar a disponibilidade do imunizante, basta acessar o portal <a href=\"https:\/\/deolhonafila.prefeitura.sp.gov.br\" target=\"_blank\" rel=\"noopener\">De Olho na Fila<\/a>.<\/p>\n<p>      <!-- Relacionada --><\/p>\n<p>            <!-- Relacionada -->\n    <\/div>\n<p><br \/>\n<br \/><a href=\"https:\/\/agenciabrasil.ebc.com.br\/saude\/noticia\/2024-11\/capital-paulista-recebe-novo-lote-de-vacinas-contra-dengue\" rel=\"noopener\">Ag\u00eancia Brasil <\/a><\/p>\n","protected":false},"excerpt":{"rendered":"<p>A prefeitura de S\u00e3o Paulo informou, nesta sexta-feira (1\u00ba), que o munic\u00edpio recebeu do Minist\u00e9rio da Sa\u00fade 170.753 doses da vacina contra a dengue, a Qdenga, e que ir\u00e1 retomar a aplica\u00e7\u00e3o da primeira dose do imunizante neste s\u00e1bado (2), em jovens de 10 a 14 anos. A segunda dose continua sendo aplicada normalmente na [&hellip;]<\/p>\n","protected":false},"author":1,"featured_media":16088,"comment_status":"open","ping_status":"open","sticky":false,"template":"","format":"standard","meta":{"_jetpack_newsletter_access":"","_jetpack_dont_email_post_to_subs":false,"_jetpack_newsletter_tier_id":0,"_jetpack_memberships_contains_paywalled_content":false,"_mbp_banners":[],"_jetpack_feature_clip_id":0,"_jetpack_memberships_contains_paid_content":false,"footnotes":"","jetpack_publicize_message":"","jetpack_publicize_feature_enabled":true,"jetpack_social_post_already_shared":true,"jetpack_social_options":{"image_generator_settings":{"template":"highway","default_image_id":0,"font":"","enabled":false},"version":2},"jetpack_post_was_ever_published":false},"categories":[15],"tags":[],"class_list":["post-16087","post","type-post","status-publish","format-standard","has-post-thumbnail","category-saude"],"jetpack_publicize_connections":[],"jetpack-related-posts":[],"jetpack_shortlink":"https:\/\/wp.me\/p7Eq1F-4bt","jetpack_sharing_enabled":true,"jetpack_featured_media_url":"https:\/\/i0.wp.com\/guialimeira.com.br\/news\/wp-content\/uploads\/2024\/11\/singen_germany_dengue_packaging_36.jpg?fit=1600%2C800&ssl=1","_links":{"self":[{"href":"https:\/\/guialimeira.com.br\/news\/wp-json\/wp\/v2\/posts\/16087","targetHints":{"allow":["GET"]}}],"collection":[{"href":"https:\/\/guialimeira.com.br\/news\/wp-json\/wp\/v2\/posts"}],"about":[{"href":"https:\/\/guialimeira.com.br\/news\/wp-json\/wp\/v2\/types\/post"}],"author":[{"embeddable":true,"href":"https:\/\/guialimeira.com.br\/news\/wp-json\/wp\/v2\/users\/1"}],"replies":[{"embeddable":true,"href":"https:\/\/guialimeira.com.br\/news\/wp-json\/wp\/v2\/comments?post=16087"}],"version-history":[{"count":0,"href":"https:\/\/guialimeira.com.br\/news\/wp-json\/wp\/v2\/posts\/16087\/revisions"}],"wp:featuredmedia":[{"embeddable":true,"href":"https:\/\/guialimeira.com.br\/news\/wp-json\/wp\/v2\/media\/16088"}],"wp:attachment":[{"href":"https:\/\/guialimeira.com.br\/news\/wp-json\/wp\/v2\/media?parent=16087"}],"wp:term":[{"taxonomy":"category","embeddable":true,"href":"https:\/\/guialimeira.com.br\/news\/wp-json\/wp\/v2\/categories?post=16087"},{"taxonomy":"post_tag","embeddable":true,"href":"https:\/\/guialimeira.com.br\/news\/wp-json\/wp\/v2\/tags?post=16087"}],"curies":[{"name":"wp","href":"https:\/\/api.w.org\/{rel}","templated":true}]}}