{"id":16051,"date":"2024-11-01T11:59:42","date_gmt":"2024-11-01T14:59:42","guid":{"rendered":"https:\/\/guialimeira.com.br\/2024\/11\/01\/tce-determina-que-estado-suspenda-pagamentos-a-pcs-saleme\/"},"modified":"2024-11-01T11:59:42","modified_gmt":"2024-11-01T14:59:42","slug":"tce-determina-que-estado-suspenda-pagamentos-a-pcs-saleme","status":"publish","type":"post","link":"https:\/\/guialimeira.com.br\/news\/tce-determina-que-estado-suspenda-pagamentos-a-pcs-saleme\/","title":{"rendered":"TCE determina que estado suspenda pagamentos a PCS Saleme"},"content":{"rendered":"<p> <br \/>\n<\/p>\n<div>\n<p>O Tribunal de Contas do Estado do Rio (TCE-RJ) determinou que o governo fluminense suspenda qualquer pagamento ao laborat\u00f3rio Patologias Cl\u00ednicas Dr. Saleme (PCS Saleme), cujo contrato com a Funda\u00e7\u00e3o Sa\u00fade, vinculada \u00e0 Secretaria Estadual de Sa\u00fade, foi suspenso em 12 de setembro. O laborat\u00f3rio foi respons\u00e1vel pelo exame de sangue equivocado que permitiu que \u00f3rg\u00e3os infectados pelo v\u00edrus HIV fossem transplantados em seis pacientes.<img data-recalc-dims=\"1\" decoding=\"async\" src=\"https:\/\/i0.wp.com\/agenciabrasil.ebc.com.br\/ebc.png?w=696&#038;ssl=1\" style=\"width:1px; height:1px; display:inline;\"\/><img data-recalc-dims=\"1\" decoding=\"async\" src=\"https:\/\/i0.wp.com\/agenciabrasil.ebc.com.br\/ebc.gif?w=696&#038;ssl=1\" style=\"width:1px; height:1px; display:inline;\"\/><\/p>\n<p>Os exames, realizados no sangue do doador, que era soropositivo, deram \u201cfalso negativo\u201d para a presen\u00e7a de HIV. Com isso, seus \u00f3rg\u00e3os foram liberados para transplante e infectaram os receptores. Investiga\u00e7\u00e3o policial concluiu que o erro no exame foi provocado por falhas no processo de qualidade dos reagentes do exame, a fim de que o laborat\u00f3rio pudesse cortar custos.<\/p>\n<p>Diante da descoberta da falha, a Funda\u00e7\u00e3o Sa\u00fade rompeu o contrato\u00a0com o laborat\u00f3rio em 12 de setembro. Mesmo assim, de acordo com o TCE-RJ, entre 18 de setembro e 1\u00ba\u00a0de outubro, portanto\u00a0dias depois de o contrato com a Funda\u00e7\u00e3o Sa\u00fade ter sido encerrado, foram autorizados quatro pagamentos, no\u00a0valor total de R$ 1,2 milh\u00e3o.<\/p>\n<p>A decis\u00e3o, do conselheiro Jos\u00e9 Maur\u00edcio de Lima Nolasco, determina que a Funda\u00e7\u00e3o Sa\u00fade \u201csuspenda, imediatamente, a efic\u00e1cia de notas de empenho, liquida\u00e7\u00e3o e\/ou pagamento emitidas em favor da sociedade empres\u00e1ria Patologia Cl\u00ednica Doutor Saleme Ltda\u201d e retenha \u201cquaisquer pagamentos at\u00e9 eventual delibera\u00e7\u00e3o em contr\u00e1rio por esta Corte\u201d.<\/p>\n<p>O TCE-RJ determinou ainda que n\u00e3o haja prorroga\u00e7\u00e3o de vig\u00eancia de quaisquer neg\u00f3cios com o PCS Saleme, que informe os contratos que abrangiam os exames e que\u00a0resultaram na infec\u00e7\u00e3o dos seis pacientes, que indique as motiva\u00e7\u00f5es t\u00e9cnicas utilizadas para justificar a terceiriza\u00e7\u00e3o dos servi\u00e7os laboratoriais, que encaminhe planilhas referentes aos pagamentos conclu\u00eddos e pendentes em favor do laborat\u00f3rio e que informe como est\u00e3o sendo prestados os servi\u00e7os anteriormente realizados pelo PCS Saleme.<\/p>\n<h2>Irregularidades<\/h2>\n<p>Al\u00e9m de determinar a suspens\u00e3o dos pagamentos, o TCE-RJ tamb\u00e9m encontrou ind\u00edcios de direcionamento indevido de contrata\u00e7\u00f5es pela antiga diretoria da Funda\u00e7\u00e3o Sa\u00fade a pelo menos outras tr\u00eas empresas, al\u00e9m do PCS Saleme, entre elas uma que tem\u00a0o mesmo endere\u00e7o do laborat\u00f3rio.<\/p>\n<p>Tamb\u00e9m foi percebido, por meio\u00a0de apura\u00e7\u00e3o t\u00e9cnica, um excesso de contrata\u00e7\u00f5es emergenciais ou remunera\u00e7\u00e3o por servi\u00e7os prestados sem cobertura contratual e amparados apenas por termos de ajustamento de conduta (TAC).<\/p>\n<h2>Secretaria<\/h2>\n<p>A Secretaria Estadual de Sa\u00fade informou que a funda\u00e7\u00e3o suspendeu todos os processos de pagamento do PCS Saleme no dia 1\u00ba\u00a0de outubro, mesmo antes da determina\u00e7\u00e3o do TCE-RJ e que, apesar de ainda n\u00e3o ter sido notificada pelo tribunal, abriu sindic\u00e2ncia para apurar as condutas. Al\u00e9m disso, a funda\u00e7\u00e3o est\u00e1 colaborando com o inqu\u00e9rito da Pol\u00edcia Civil, segundo a secretaria.<\/p>\n<p>Foi informado ainda que o laborat\u00f3rio PCS foi interditado cautelarmente pela Vigil\u00e2ncia Sanit\u00e1ria Estadual em 8 de outubro e est\u00e1 proibido de prestar servi\u00e7os em todo o pa\u00eds desde ent\u00e3o.<\/p>\n<p>Sobre os contratos firmados com o PCS e outras empresas, que n\u00e3o envolveram processo de licita\u00e7\u00e3o, a secretaria informou que a Funda\u00e7\u00e3o Sa\u00fade assumiu mais de 50 unidades de sa\u00fade que eram geridas por organiza\u00e7\u00f5es sociais (OS) e que foi necess\u00e1rio realizar contrata\u00e7\u00f5es emergenciais para que n\u00e3o houvesse descontinuidade da assist\u00eancia \u00e0 popula\u00e7\u00e3o.<\/p>\n<p>\u201cA nova dire\u00e7\u00e3o foi nomeada h\u00e1 dez dias e tem o compromisso de acelerar a realiza\u00e7\u00e3o de processos licitat\u00f3rios e melhorar a governan\u00e7a\u201d, informou a secretaria em nota.<\/p>\n<p>      <!-- Relacionada --><\/p>\n<p>            <!-- Relacionada -->\n    <\/div>\n<p><br \/>\n<br \/><a href=\"https:\/\/agenciabrasil.ebc.com.br\/saude\/noticia\/2024-11\/tce-determina-que-estado-suspenda-pagamentos-pcs-saleme\" rel=\"noopener\">Ag\u00eancia Brasil <\/a><\/p>\n","protected":false},"excerpt":{"rendered":"<p>O Tribunal de Contas do Estado do Rio (TCE-RJ) determinou que o governo fluminense suspenda qualquer pagamento ao laborat\u00f3rio Patologias Cl\u00ednicas Dr. Saleme (PCS Saleme), cujo contrato com a Funda\u00e7\u00e3o Sa\u00fade, vinculada \u00e0 Secretaria Estadual de Sa\u00fade, foi suspenso em 12 de setembro. O laborat\u00f3rio foi respons\u00e1vel pelo exame de sangue equivocado que permitiu que [&hellip;]<\/p>\n","protected":false},"author":1,"featured_media":15285,"comment_status":"open","ping_status":"open","sticky":false,"template":"","format":"standard","meta":{"_jetpack_newsletter_access":"","_jetpack_dont_email_post_to_subs":false,"_jetpack_newsletter_tier_id":0,"_jetpack_memberships_contains_paywalled_content":false,"_mbp_banners":[],"_jetpack_feature_clip_id":0,"_jetpack_memberships_contains_paid_content":false,"footnotes":"","jetpack_publicize_message":"","jetpack_publicize_feature_enabled":true,"jetpack_social_post_already_shared":true,"jetpack_social_options":{"image_generator_settings":{"template":"highway","default_image_id":0,"font":"","enabled":false},"version":2},"jetpack_post_was_ever_published":false},"categories":[15],"tags":[],"class_list":["post-16051","post","type-post","status-publish","format-standard","has-post-thumbnail","category-saude"],"jetpack_publicize_connections":[],"jetpack-related-posts":[],"jetpack_shortlink":"https:\/\/wp.me\/p7Eq1F-4aT","jetpack_sharing_enabled":true,"jetpack_featured_media_url":"https:\/\/i0.wp.com\/guialimeira.com.br\/news\/wp-content\/uploads\/2024\/10\/1000005075.jpg?fit=1600%2C800&ssl=1","_links":{"self":[{"href":"https:\/\/guialimeira.com.br\/news\/wp-json\/wp\/v2\/posts\/16051","targetHints":{"allow":["GET"]}}],"collection":[{"href":"https:\/\/guialimeira.com.br\/news\/wp-json\/wp\/v2\/posts"}],"about":[{"href":"https:\/\/guialimeira.com.br\/news\/wp-json\/wp\/v2\/types\/post"}],"author":[{"embeddable":true,"href":"https:\/\/guialimeira.com.br\/news\/wp-json\/wp\/v2\/users\/1"}],"replies":[{"embeddable":true,"href":"https:\/\/guialimeira.com.br\/news\/wp-json\/wp\/v2\/comments?post=16051"}],"version-history":[{"count":0,"href":"https:\/\/guialimeira.com.br\/news\/wp-json\/wp\/v2\/posts\/16051\/revisions"}],"wp:featuredmedia":[{"embeddable":true,"href":"https:\/\/guialimeira.com.br\/news\/wp-json\/wp\/v2\/media\/15285"}],"wp:attachment":[{"href":"https:\/\/guialimeira.com.br\/news\/wp-json\/wp\/v2\/media?parent=16051"}],"wp:term":[{"taxonomy":"category","embeddable":true,"href":"https:\/\/guialimeira.com.br\/news\/wp-json\/wp\/v2\/categories?post=16051"},{"taxonomy":"post_tag","embeddable":true,"href":"https:\/\/guialimeira.com.br\/news\/wp-json\/wp\/v2\/tags?post=16051"}],"curies":[{"name":"wp","href":"https:\/\/api.w.org\/{rel}","templated":true}]}}