{"id":1603,"date":"2024-04-15T17:11:47","date_gmt":"2024-04-15T20:11:47","guid":{"rendered":"https:\/\/guialimeira.com.br\/2024\/04\/15\/centrais-sindicais-anunciam-celebracao-do-dia-1o-de-maio-unificada\/"},"modified":"2024-04-15T17:11:47","modified_gmt":"2024-04-15T20:11:47","slug":"centrais-sindicais-anunciam-celebracao-do-dia-1o-de-maio-unificada","status":"publish","type":"post","link":"https:\/\/guialimeira.com.br\/news\/centrais-sindicais-anunciam-celebracao-do-dia-1o-de-maio-unificada\/","title":{"rendered":"Centrais sindicais anunciam celebra\u00e7\u00e3o do dia 1\u00ba de maio unificada"},"content":{"rendered":"<p> <br \/>\n<\/p>\n<div>\n<p>Os presidentes das centrais sindicais CUT (Central \u00danica dos Trabalhadores), For\u00e7a Sindical, UGT (Uni\u00e3o Geral dos Trabalhadores), CTB (Central dos Trabalhadores e Trabalhadoras do Brasil), NCST (Nova Central Sindical de Trabalhadores), CSB (Central dos Sindicatos Brasileiros), Intersindical Central da Classe Trabalhadora, anunciaram nesta segunda-feira (15) a participa\u00e7\u00e3o do ato nacional do 1\u00ba de Maio.<img data-recalc-dims=\"1\" decoding=\"async\" src=\"https:\/\/i0.wp.com\/agenciabrasil.ebc.com.br\/ebc.png?w=696&#038;ssl=1\" style=\"width:1px; height:1px; display:inline;\"\/><img data-recalc-dims=\"1\" decoding=\"async\" src=\"https:\/\/i0.wp.com\/agenciabrasil.ebc.com.br\/ebc.gif?w=696&#038;ssl=1\" style=\"width:1px; height:1px; display:inline;\"\/><\/p>\n<p>O evento Por um Brasil mais Justo espera reunir 50 mil pessoas no estacionamento da Neo Qu\u00edmica Arena, o Itaquer\u00e3o, na zona leste da capital paulista. A mudan\u00e7a do evento do centro da cidade para o bairro de Itaquera \u00e9 para que a festa fique mais pr\u00f3xima dos trabalhadores, segundo os organizadores. Marcado para as 10h, o evento gratuito ter\u00e1 shows e um ato pol\u00edtico, que defender\u00e1 as bandeiras do emprego decente, corre\u00e7\u00e3o da tabela do Imposto de Renda, juros mais baixos, aposentadoria digna, sal\u00e1rio igual para trabalho igual e valoriza\u00e7\u00e3o do servi\u00e7o p\u00fablico. A programa\u00e7\u00e3o completa n\u00e3o foi informada ainda e deve ser divulgada pr\u00f3ximo da data do evento.<\/p>\n<p>Apesar de o presidente Luiz In\u00e1cio Lula da Silva ter participado da celebra\u00e7\u00e3o no ano passado, ainda n\u00e3o h\u00e1 confirma\u00e7\u00e3o de que ele esteja presente neste ano.\u00a0<\/p>\n<h2>Greves<\/h2>\n<p>O presidente nacional da CUT, S\u00e9rgio Nobre, ao comentar as paralisa\u00e7\u00f5es dos funcion\u00e1rios p\u00fablicos federais, que reivindicam aumento de sal\u00e1rio, lembrou que esses trabalhadores ficaram praticamente 7 anos sem di\u00e1logo com o governo e sem nenhum reajuste, acumulando demandas que n\u00e3o s\u00e3o s\u00f3 salariais, e que h\u00e1 reivindica\u00e7\u00f5es de reestrutura\u00e7\u00e3o de carreiras, al\u00e9m de haver precariedade no que diz respeito a equipamentos.<\/p>\n<p>\u201c\u00c9 natural que os trabalhadores tenham suas pautas. Tamb\u00e9m houve um desmonte dos servi\u00e7os p\u00fablicos nesses 7 anos. O reajuste de 9% do ano passado foi um avan\u00e7o. O pr\u00f3prio presidente Lula nos ensinou que reajuste zero s\u00f3 \u00e9 aceit\u00e1vel na derrota. Ent\u00e3o eu espero que o ministro Fernando Haddad encontre um espa\u00e7o dentro do or\u00e7amento para atender a reivindica\u00e7\u00e3o dos trabalhadores\u201d, disse.<\/p>\n<p>Nobre ressaltou ainda que o papel do sindicato \u00e9 o de reivindicar e a mesa de negocia\u00e7\u00e3o nem sempre chega a um acordo, mas segundo ele, \u00e9 muito importante que o di\u00e1logo aconte\u00e7a. \u201cE est\u00e1 acontecendo. Eu acho que o governo vai anunciar um calend\u00e1rio de negocia\u00e7\u00e3o por setores e n\u00f3s esperamos que as negocia\u00e7\u00f5es avancem e a greve n\u00e3o aconte\u00e7a. Se n\u00e3o tiver proposta nenhuma, o sindicato foi feito para lutar e as centrais v\u00e3o dar todo apoio \u00e0 luta dos servidores p\u00fablicos\u201d, afirmou.<\/p>\n<\/p><\/div>\n<p><br \/>\n<br \/><a href=\"https:\/\/agenciabrasil.ebc.com.br\/geral\/noticia\/2024-04\/centrais-sindicais-anunciam-celebracao-do-dia-1o-de-maio-unificada\" rel=\"noopener\">Ag\u00eancia Brasil<\/a><\/p>\n","protected":false},"excerpt":{"rendered":"<p>Os presidentes das centrais sindicais CUT (Central \u00danica dos Trabalhadores), For\u00e7a Sindical, UGT (Uni\u00e3o Geral dos Trabalhadores), CTB (Central dos Trabalhadores e Trabalhadoras do Brasil), NCST (Nova Central Sindical de Trabalhadores), CSB (Central dos Sindicatos Brasileiros), Intersindical Central da Classe Trabalhadora, anunciaram nesta segunda-feira (15) a participa\u00e7\u00e3o do ato nacional do 1\u00ba de Maio. O [&hellip;]<\/p>\n","protected":false},"author":1,"featured_media":1604,"comment_status":"open","ping_status":"open","sticky":false,"template":"","format":"standard","meta":{"_jetpack_newsletter_access":"","_jetpack_dont_email_post_to_subs":false,"_jetpack_newsletter_tier_id":0,"_jetpack_memberships_contains_paywalled_content":false,"_mbp_banners":[],"_jetpack_feature_clip_id":0,"_jetpack_memberships_contains_paid_content":false,"footnotes":"","jetpack_publicize_message":"","jetpack_publicize_feature_enabled":true,"jetpack_social_post_already_shared":true,"jetpack_social_options":{"image_generator_settings":{"template":"highway","default_image_id":0,"font":"","enabled":false},"version":2},"jetpack_post_was_ever_published":false},"categories":[1],"tags":[],"class_list":["post-1603","post","type-post","status-publish","format-standard","has-post-thumbnail","category-geral"],"jetpack_publicize_connections":[],"jetpack-related-posts":[],"jetpack_shortlink":"https:\/\/wp.me\/p7Eq1F-pR","jetpack_sharing_enabled":true,"jetpack_featured_media_url":"https:\/\/i0.wp.com\/guialimeira.com.br\/news\/wp-content\/uploads\/2024\/04\/mg_4203.jpg?fit=1600%2C800&ssl=1","_links":{"self":[{"href":"https:\/\/guialimeira.com.br\/news\/wp-json\/wp\/v2\/posts\/1603","targetHints":{"allow":["GET"]}}],"collection":[{"href":"https:\/\/guialimeira.com.br\/news\/wp-json\/wp\/v2\/posts"}],"about":[{"href":"https:\/\/guialimeira.com.br\/news\/wp-json\/wp\/v2\/types\/post"}],"author":[{"embeddable":true,"href":"https:\/\/guialimeira.com.br\/news\/wp-json\/wp\/v2\/users\/1"}],"replies":[{"embeddable":true,"href":"https:\/\/guialimeira.com.br\/news\/wp-json\/wp\/v2\/comments?post=1603"}],"version-history":[{"count":0,"href":"https:\/\/guialimeira.com.br\/news\/wp-json\/wp\/v2\/posts\/1603\/revisions"}],"wp:featuredmedia":[{"embeddable":true,"href":"https:\/\/guialimeira.com.br\/news\/wp-json\/wp\/v2\/media\/1604"}],"wp:attachment":[{"href":"https:\/\/guialimeira.com.br\/news\/wp-json\/wp\/v2\/media?parent=1603"}],"wp:term":[{"taxonomy":"category","embeddable":true,"href":"https:\/\/guialimeira.com.br\/news\/wp-json\/wp\/v2\/categories?post=1603"},{"taxonomy":"post_tag","embeddable":true,"href":"https:\/\/guialimeira.com.br\/news\/wp-json\/wp\/v2\/tags?post=1603"}],"curies":[{"name":"wp","href":"https:\/\/api.w.org\/{rel}","templated":true}]}}