{"id":1601,"date":"2024-04-15T16:16:14","date_gmt":"2024-04-15T19:16:14","guid":{"rendered":"https:\/\/guialimeira.com.br\/2024\/04\/15\/cnj-determina-afastamento-de-gabriela-hardt-ex-juiza-da-lava-jato\/"},"modified":"2024-04-15T16:16:14","modified_gmt":"2024-04-15T19:16:14","slug":"cnj-determina-afastamento-de-gabriela-hardt-ex-juiza-da-lava-jato","status":"publish","type":"post","link":"https:\/\/guialimeira.com.br\/news\/cnj-determina-afastamento-de-gabriela-hardt-ex-juiza-da-lava-jato\/","title":{"rendered":"CNJ determina afastamento de Gabriela Hardt, ex-ju\u00edza da Lava jato"},"content":{"rendered":"<p> <br \/>\n<\/p>\n<div>\n<p>O corregedor nacional de Justi\u00e7a, ministro Lu\u00eds Felipe Salom\u00e3o, determinou nesta segunda-feira (15) o afastamento da ju\u00edza federal Gabriela Hardt, ex-magistrada da Opera\u00e7\u00e3o Lava Jato.<img data-recalc-dims=\"1\" decoding=\"async\" src=\"https:\/\/i0.wp.com\/agenciabrasil.ebc.com.br\/ebc.png?w=696&#038;ssl=1\" style=\"width:1px; height:1px; display:inline;\"\/><img data-recalc-dims=\"1\" decoding=\"async\" src=\"https:\/\/i0.wp.com\/agenciabrasil.ebc.com.br\/ebc.gif?w=696&#038;ssl=1\" style=\"width:1px; height:1px; display:inline;\"\/><\/p>\n<p>Gabriela atou como substituta do ex-juiz Sergio Moro na 13\u00aa Vara Federal em Curitiba. Atualmente, ela trabalha em uma vara recursal da Justi\u00e7a Federal no Paran\u00e1.<\/p>\n<p>Salom\u00e3o tamb\u00e9m decidiu afastar das fun\u00e7\u00f5es dois desembargadores do TRF4 e um juiz da 13\u00aa Vara Federal em Curitiba. A decis\u00e3o atinge os desembargadores Carlos Eduardo Thompson Flores, Loraci Flores de Lima e o atual juiz da Lava Jato Danilo Pereira J\u00fanior.<\/p>\n<p>Os afastamentos foram determinados de forma cautelar e ser\u00e3o analisados na sess\u00e3o de desta ter\u00e7a-feira (16) do Conselho Nacional de Justi\u00e7a (CNJ).<\/p>\n<p>Nas decis\u00f5es, o corregedor citou supostas irregularidades cometidas pelos magistrados durante os trabalhos de investiga\u00e7\u00e3o da Lava Jato.<\/p>\n<p>Para afastar a ju\u00edza, Salom\u00e3o afirmou que a magistrada cometeu irregularidades em decis\u00f5es que autorizaram o repasse de cerca de R$ 2 bilh\u00f5es oriundos de acordos firmados com os investigados, entre 2015 e 2019, para um fundo que seria gerido pela for\u00e7a-tarefa da Lava Jato. Os repasses foram suspensos em 2019 pelo Supremo Tribunal Federal (STF).<\/p>\n<p>Para o corregedor, Gabriela Hardt pode cometido o que chamou que &#8220;recircula\u00e7\u00e3o de valores&#8221;, direcionando os recursos obtidos em acordos de dela\u00e7\u00e3o e leni\u00eancia com investigados na opera\u00e7\u00e3o.<\/p>\n<p>&#8220;Os atos atribu\u00eddos \u00e0 magistrada Gabriela se amoldam tamb\u00e9m a infra\u00e7\u00f5es administrativas graves, constituindo fortes ind\u00edcios de faltas disciplinares e viola\u00e7\u00f5es a deveres funcionais da magistrada, o que justifica a interven\u00e7\u00e3o desta Corregedoria Nacional de Justi\u00e7a e do Conselho Nacional de Justi\u00e7a&#8221;, justificou Salom\u00e3o.<\/p>\n<p>A decis\u00e3o tamb\u00e9m indica que Gabriela Hardt pode ter discutido os termos do acordo &#8220;fora dos autos&#8221; e por meio de aplicativo de mensagens WhatsApp.<\/p>\n<p>&#8220;A decis\u00e3o da magistrada [homologa\u00e7\u00e3o do acordo] \u00a0foi baseada exclusivamente nas informa\u00e7\u00f5es incompletas (e at\u00e9 mesmo informais, fornecidas fora dos autos e sem qualquer registro processual) dos procuradores da for\u00e7a-tarefa da Opera\u00e7\u00e3o Lava Jato, sem qualquer tipo de contradit\u00f3rio ou intima\u00e7\u00e3o da Uni\u00e3o Federal&#8221;, completou o corregedor.<\/p>\n<p>A assessoria de imprensa da Justi\u00e7a Federal em Curitiba informou que a ju\u00edza n\u00e3o vai se manifestar sobre o afastamento.<\/p>\n<h2>Descumprimento de decis\u00e3o<\/h2>\n<p>Os desembargadores do TRF 4 s\u00e3o acusados pelo CNJ de descumprimento de uma decis\u00e3o do Supremo que suspendeu os processos contra o ex-juiz da Lava Jato Eduardo Appio. Eles faziam parte da 8\u00aa turma do TRF, colegiado que deliberou sobre o caso e afastou Appio do cargo.<\/p>\n<p>&#8220;O comportamento deliberado de descumprimento de ordem emanada da Suprema Corte contribui para um estado de coisas que atua contra a institucionalidade do pa\u00eds, tornando, por isso, grav\u00edssimas as condutas em an\u00e1lise, frontalmente incompat\u00edveis com a dignidade das fun\u00e7\u00f5es de magistrado&#8221;, afirmou o corregedor.<\/p>\n<p>Procurado pela reportagem, o TRF4 ainda n\u00e3o se manifestou.\u00a0<\/p>\n<p><em>*Texto ampliado \u00e0s 15h16 e \u00e0s 15h32. O texto tamb\u00e9m foi alterado para corre\u00e7\u00e3o \u00e0s 16h06: Danilo Pereira Jr \u00e9 juiz da 13\u00aa Vara Federal em Curitiba, e n\u00e3o do TRF4<\/em><\/p>\n<\/p><\/div>\n<p><br \/>\n<br \/><a href=\"https:\/\/agenciabrasil.ebc.com.br\/justica\/noticia\/2024-04\/cnj-determina-afastamento-de-gabriela-hardt-ex-juiza-da-lava-jato\" rel=\"noopener\">Ag\u00eancia Brasil<\/a><\/p>\n","protected":false},"excerpt":{"rendered":"<p>O corregedor nacional de Justi\u00e7a, ministro Lu\u00eds Felipe Salom\u00e3o, determinou nesta segunda-feira (15) o afastamento da ju\u00edza federal Gabriela Hardt, ex-magistrada da Opera\u00e7\u00e3o Lava Jato. Gabriela atou como substituta do ex-juiz Sergio Moro na 13\u00aa Vara Federal em Curitiba. Atualmente, ela trabalha em uma vara recursal da Justi\u00e7a Federal no Paran\u00e1. Salom\u00e3o tamb\u00e9m decidiu afastar [&hellip;]<\/p>\n","protected":false},"author":1,"featured_media":1602,"comment_status":"open","ping_status":"open","sticky":false,"template":"","format":"standard","meta":{"_jetpack_newsletter_access":"","_jetpack_dont_email_post_to_subs":false,"_jetpack_newsletter_tier_id":0,"_jetpack_memberships_contains_paywalled_content":false,"_mbp_banners":[],"_jetpack_feature_clip_id":0,"_jetpack_memberships_contains_paid_content":false,"footnotes":"","jetpack_publicize_message":"","jetpack_publicize_feature_enabled":true,"jetpack_social_post_already_shared":true,"jetpack_social_options":{"image_generator_settings":{"template":"highway","default_image_id":0,"font":"","enabled":false},"version":2},"jetpack_post_was_ever_published":false},"categories":[22],"tags":[],"class_list":["post-1601","post","type-post","status-publish","format-standard","has-post-thumbnail","category-nacional"],"jetpack_publicize_connections":[],"jetpack-related-posts":[],"jetpack_shortlink":"https:\/\/wp.me\/p7Eq1F-pP","jetpack_sharing_enabled":true,"jetpack_featured_media_url":"https:\/\/i0.wp.com\/guialimeira.com.br\/news\/wp-content\/uploads\/2024\/04\/20231102_134151.jpg?fit=1600%2C800&ssl=1","_links":{"self":[{"href":"https:\/\/guialimeira.com.br\/news\/wp-json\/wp\/v2\/posts\/1601","targetHints":{"allow":["GET"]}}],"collection":[{"href":"https:\/\/guialimeira.com.br\/news\/wp-json\/wp\/v2\/posts"}],"about":[{"href":"https:\/\/guialimeira.com.br\/news\/wp-json\/wp\/v2\/types\/post"}],"author":[{"embeddable":true,"href":"https:\/\/guialimeira.com.br\/news\/wp-json\/wp\/v2\/users\/1"}],"replies":[{"embeddable":true,"href":"https:\/\/guialimeira.com.br\/news\/wp-json\/wp\/v2\/comments?post=1601"}],"version-history":[{"count":0,"href":"https:\/\/guialimeira.com.br\/news\/wp-json\/wp\/v2\/posts\/1601\/revisions"}],"wp:featuredmedia":[{"embeddable":true,"href":"https:\/\/guialimeira.com.br\/news\/wp-json\/wp\/v2\/media\/1602"}],"wp:attachment":[{"href":"https:\/\/guialimeira.com.br\/news\/wp-json\/wp\/v2\/media?parent=1601"}],"wp:term":[{"taxonomy":"category","embeddable":true,"href":"https:\/\/guialimeira.com.br\/news\/wp-json\/wp\/v2\/categories?post=1601"},{"taxonomy":"post_tag","embeddable":true,"href":"https:\/\/guialimeira.com.br\/news\/wp-json\/wp\/v2\/tags?post=1601"}],"curies":[{"name":"wp","href":"https:\/\/api.w.org\/{rel}","templated":true}]}}