{"id":15994,"date":"2024-10-31T11:41:41","date_gmt":"2024-10-31T14:41:41","guid":{"rendered":"https:\/\/guialimeira.com.br\/2024\/10\/31\/onu-alerta-para-agravamento-da-fome-em-gaza-no-sudao-e-mali-em-2025\/"},"modified":"2024-10-31T11:41:41","modified_gmt":"2024-10-31T14:41:41","slug":"onu-alerta-para-agravamento-da-fome-em-gaza-no-sudao-e-mali-em-2025","status":"publish","type":"post","link":"https:\/\/guialimeira.com.br\/news\/onu-alerta-para-agravamento-da-fome-em-gaza-no-sudao-e-mali-em-2025\/","title":{"rendered":"ONU alerta para agravamento da fome em Gaza, no Sud\u00e3o e Mali em 2025"},"content":{"rendered":"<p> <br \/>\n<\/p>\n<div>\n<p>As ag\u00eancias alimentares da Organiza\u00e7\u00e3o das Na\u00e7\u00f5es Unidas (ONU) alertaram nesta quinta-feira (31)\u00a0para o poss\u00edvel agravamento da fome nos pr\u00f3ximos sete meses em muitas partes do mundo, sendo Gaza, o Sud\u00e3o, Sud\u00e3o do Sul, Mali e Haiti as mais preocupantes.<img data-recalc-dims=\"1\" decoding=\"async\" src=\"https:\/\/i0.wp.com\/agenciabrasil.ebc.com.br\/ebc.png?w=696&#038;ssl=1\" style=\"width:1px; height:1px; display:inline;\"\/><img data-recalc-dims=\"1\" decoding=\"async\" src=\"https:\/\/i0.wp.com\/agenciabrasil.ebc.com.br\/ebc.gif?w=696&#038;ssl=1\" style=\"width:1px; height:1px; display:inline;\"\/><\/p>\n<p>Em relat\u00f3rio semestral, a Organiza\u00e7\u00e3o das Na\u00e7\u00f5es Unidas para a Alimenta\u00e7\u00e3o e a Agricultura (FAO) e o Programa Alimentar Mundial (PAM) disseram que os conflitos e a viol\u00eancia armada s\u00e3o respons\u00e1veis pela maior parte da inseguran\u00e7a alimentar aguda nas regi\u00f5es analisadas.<\/p>\n<p>As condi\u00e7\u00f5es meteorol\u00f3gicas extremas s\u00e3o fator importante em outras regi\u00f5es, enquanto a desigualdade econ\u00f4mica e os elevados n\u00edveis de d\u00edvida em muitos pa\u00edses em desenvolvimento prejudicam a capacidade de resposta dos governos.<\/p>\n<p>\u00c9 necess\u00e1ria uma a\u00e7\u00e3o humanit\u00e1ria urgente para evitar a fome e a morte na Faixa de Gaza, no Sud\u00e3o, no Sud\u00e3o do Sul, no Haiti e no Mali, pediram a FAO e o PAM, segundo a ag\u00eancia francesa AFP.<\/p>\n<p>&#8220;Na aus\u00eancia de esfor\u00e7os humanit\u00e1rios imediatos e de uma a\u00e7\u00e3o internacional concertada para remediar as graves dificuldades de acesso e para reduzir o conflito e a inseguran\u00e7a, a fome e a perda de vidas humanas poder\u00e3o agravar-se&#8221; nessas regi\u00f5es, alertaram.<\/p>\n<p>Nig\u00e9ria, Chade, I\u00eamen, Mo\u00e7ambique, Myanmar (antiga Birm\u00e2nia), S\u00edria e L\u00edbano encontram-se igualmente em\u00a0situa\u00e7\u00e3o muito preocupante.<\/p>\n<p>O relat\u00f3rio conjunto, com base em investiga\u00e7\u00f5es feitas\u00a0por peritos das duas ag\u00eancias da ONU com sede em Roma, abrange o per\u00edodo de novembro de 2024 a maio de 2025.<\/p>\n<p>O relat\u00f3rio tem foco\u00a0nas &#8220;situa\u00e7\u00f5es mais graves&#8221; e n\u00e3o representa &#8220;todos os pa\u00edses\/territ\u00f3rios que registram n\u00edveis elevados de inseguran\u00e7a alimentar aguda&#8221;, disseram os autores.<\/p>\n<p>O ano de 2024 \u00e9 o segundo consecutivo de diminui\u00e7\u00e3o do financiamento da ajuda humanit\u00e1ria. Doze\u00a0planos de seguran\u00e7a alimentar enfrentaram quebras de financiamento superiores a 75% em pa\u00edses como a Eti\u00f3pia, o I\u00eamen, a S\u00edria e Myanmar.<\/p>\n<p>Os n\u00edveis de inseguran\u00e7a alimentar s\u00e3o medidos numa escala de 1 a 5, sendo que o \u00faltimo corresponde a situa\u00e7\u00e3o de &#8220;cat\u00e1strofe&#8221;.<\/p>\n<p>Na Faixa de Gaza, o recente recrudescimento das hostilidades entre palestinos\u00a0e israelenses\u00a0faz temer que o cen\u00e1rio catastr\u00f3fico da fome possa se tornar realidade, segundo as duas ag\u00eancias.<\/p>\n<p>Em meados de outubro, 1,9 milh\u00e3o\u00a0de pessoas, correspondente a 91% da popula\u00e7\u00e3o de Gaza, estava\u00a0deslocada.<\/p>\n<p>No Sud\u00e3o, centenas de milhares de pessoas deslocadas pelo conflito continuar\u00e3o a enfrentar a fome.<\/p>\n<p>No Sud\u00e3o do Sul, o n\u00famero de pessoas que enfrentam a fome e a morte deve ter\u00a0duplicado\u00a0entre abril e julho de 2024, em compara\u00e7\u00e3o com o mesmo per\u00edodo de 2023.<\/p>\n<p>Estes n\u00fameros poder\u00e3o agravar-se a partir de maio de 2025, com o per\u00edodo que se segue e precede duas colheitas.<\/p>\n<p>De acordo com a FAO e o PAM, mais de 1\u00a0milh\u00e3o de pessoas foram afetadas por graves inunda\u00e7\u00f5es em outubro no Sud\u00e3o do Sul, um pa\u00eds cronicamente inst\u00e1vel, assolado pela viol\u00eancia e pela estagna\u00e7\u00e3o econ\u00f4mica.<\/p>\n<p>A viol\u00eancia armada no Haiti, combinada com uma crise econ\u00f4mica persistente e furac\u00f5es, \u00e9 suscet\u00edvel de agravar os n\u00edveis de fome j\u00e1 cr\u00edticos.<\/p>\n<p>A escalada do conflito no Mali, onde a ONU retirou a miss\u00e3o de\u00a0paz em 2023, corre o risco de agravar os n\u00edveis j\u00e1 cr\u00edticos, com grupos armados a imporem bloqueios nas estradas e a impedirem a entrega de ajuda humanit\u00e1ria.<\/p>\n<p>Os efeitos diretos e indiretos dos conflitos na inseguran\u00e7a alimentar s\u00e3o consider\u00e1veis, segundo os autores do relat\u00f3rio, e v\u00e3o muito al\u00e9m da destrui\u00e7\u00e3o de gado e culturas.<\/p>\n<p>Os conflitos obrigam as pessoas a fugir de casa, &#8220;perturbando os meios de subsist\u00eancia e os rendimentos, limitando o acesso aos mercados e conduzindo a flutua\u00e7\u00f5es de pre\u00e7os e a uma produ\u00e7\u00e3o e consumo irregulares de alimentos&#8221;.<\/p>\n<p>Em algumas regi\u00f5es, as condi\u00e7\u00f5es meteorol\u00f3gicas extremas, causadas pelo poss\u00edvel reaparecimento, neste inverno, do La Ni\u00f1a, um fen\u00f4meno clim\u00e1tico natural que pode desencadear chuvas intensas ou agravar as secas e as ondas\u00a0de calor, podem exacerbar as crises alimentares, segundo a FAO e o PAM.<\/p>\n<p><em><strong>*\u00c9 proibida a reprodu\u00e7\u00e3o deste conte\u00fado.<\/strong><\/em><\/p>\n<p>      <!-- Relacionada --><\/p>\n<p>            <!-- Relacionada -->\n    <\/div>\n<p><br \/>\n<br \/><a href=\"https:\/\/agenciabrasil.ebc.com.br\/internacional\/noticia\/2024-10\/onu-alerta-para-agravamento-da-fome-em-gaza-no-sudao-e-mali-em-2025\" rel=\"noopener\">Ag\u00eancia Brasil <\/a><\/p>\n","protected":false},"excerpt":{"rendered":"<p>As ag\u00eancias alimentares da Organiza\u00e7\u00e3o das Na\u00e7\u00f5es Unidas (ONU) alertaram nesta quinta-feira (31)\u00a0para o poss\u00edvel agravamento da fome nos pr\u00f3ximos sete meses em muitas partes do mundo, sendo Gaza, o Sud\u00e3o, Sud\u00e3o do Sul, Mali e Haiti as mais preocupantes. Em relat\u00f3rio semestral, a Organiza\u00e7\u00e3o das Na\u00e7\u00f5es Unidas para a Alimenta\u00e7\u00e3o e a Agricultura (FAO) [&hellip;]<\/p>\n","protected":false},"author":1,"featured_media":15995,"comment_status":"open","ping_status":"open","sticky":false,"template":"","format":"standard","meta":{"_jetpack_newsletter_access":"","_jetpack_dont_email_post_to_subs":false,"_jetpack_newsletter_tier_id":0,"_jetpack_memberships_contains_paywalled_content":false,"_mbp_banners":[],"_jetpack_feature_clip_id":0,"_jetpack_memberships_contains_paid_content":false,"footnotes":"","jetpack_publicize_message":"","jetpack_publicize_feature_enabled":true,"jetpack_social_post_already_shared":true,"jetpack_social_options":{"image_generator_settings":{"template":"highway","default_image_id":0,"font":"","enabled":false},"version":2},"jetpack_post_was_ever_published":false},"categories":[25],"tags":[],"class_list":["post-15994","post","type-post","status-publish","format-standard","has-post-thumbnail","category-internacional"],"jetpack_publicize_connections":[],"jetpack-related-posts":[],"jetpack_shortlink":"https:\/\/wp.me\/p7Eq1F-49Y","jetpack_sharing_enabled":true,"jetpack_featured_media_url":"https:\/\/i0.wp.com\/guialimeira.com.br\/news\/wp-content\/uploads\/2024\/10\/sudao_do_sul.jpg?fit=1600%2C800&ssl=1","_links":{"self":[{"href":"https:\/\/guialimeira.com.br\/news\/wp-json\/wp\/v2\/posts\/15994","targetHints":{"allow":["GET"]}}],"collection":[{"href":"https:\/\/guialimeira.com.br\/news\/wp-json\/wp\/v2\/posts"}],"about":[{"href":"https:\/\/guialimeira.com.br\/news\/wp-json\/wp\/v2\/types\/post"}],"author":[{"embeddable":true,"href":"https:\/\/guialimeira.com.br\/news\/wp-json\/wp\/v2\/users\/1"}],"replies":[{"embeddable":true,"href":"https:\/\/guialimeira.com.br\/news\/wp-json\/wp\/v2\/comments?post=15994"}],"version-history":[{"count":0,"href":"https:\/\/guialimeira.com.br\/news\/wp-json\/wp\/v2\/posts\/15994\/revisions"}],"wp:featuredmedia":[{"embeddable":true,"href":"https:\/\/guialimeira.com.br\/news\/wp-json\/wp\/v2\/media\/15995"}],"wp:attachment":[{"href":"https:\/\/guialimeira.com.br\/news\/wp-json\/wp\/v2\/media?parent=15994"}],"wp:term":[{"taxonomy":"category","embeddable":true,"href":"https:\/\/guialimeira.com.br\/news\/wp-json\/wp\/v2\/categories?post=15994"},{"taxonomy":"post_tag","embeddable":true,"href":"https:\/\/guialimeira.com.br\/news\/wp-json\/wp\/v2\/tags?post=15994"}],"curies":[{"name":"wp","href":"https:\/\/api.w.org\/{rel}","templated":true}]}}