{"id":15964,"date":"2024-10-30T22:21:49","date_gmt":"2024-10-31T01:21:49","guid":{"rendered":"https:\/\/guialimeira.com.br\/2024\/10\/30\/ministros-do-g20-debatem-solucoes-integradas-para-desafios-da-saude\/"},"modified":"2024-10-30T22:21:49","modified_gmt":"2024-10-31T01:21:49","slug":"ministros-do-g20-debatem-solucoes-integradas-para-desafios-da-saude","status":"publish","type":"post","link":"https:\/\/guialimeira.com.br\/news\/ministros-do-g20-debatem-solucoes-integradas-para-desafios-da-saude\/","title":{"rendered":"Ministros do G20 debatem solu\u00e7\u00f5es integradas para desafios da sa\u00fade"},"content":{"rendered":"<p> <br \/>\n<\/p>\n<div>\n<p>Discuss\u00f5es em torno da abordagem &#8220;Uma S\u00f3 Sa\u00fade&#8221; ganharam destaque no segundo dia da Reuni\u00e3o de Ministros de Sa\u00fade do G20. O encontro ocorre\u00a0no Rio de Janeiro at\u00e9 esta quinta-feira (31), quando dever\u00e1 ser apresentada uma declara\u00e7\u00e3o final.<img data-recalc-dims=\"1\" decoding=\"async\" src=\"https:\/\/i0.wp.com\/agenciabrasil.ebc.com.br\/ebc.png?w=696&#038;ssl=1\" style=\"width:1px; height:1px; display:inline;\"\/><img data-recalc-dims=\"1\" decoding=\"async\" src=\"https:\/\/i0.wp.com\/agenciabrasil.ebc.com.br\/ebc.gif?w=696&#038;ssl=1\" style=\"width:1px; height:1px; display:inline;\"\/><\/p>\n<p>A reuni\u00e3o ministerial integra a programa\u00e7\u00e3o da presid\u00eancia brasileira do G20, que re\u00fane as 19 maiores economias do mundo, bem como a Uni\u00e3o Europeia e mais recentemente a Uni\u00e3o Africana. O grupo se consolidou como foro global de di\u00e1logo e coordena\u00e7\u00e3o sobre temas econ\u00f4micos, sociais, de desenvolvimento e de coopera\u00e7\u00e3o internacional. Em dezembro do ano passado, o Brasil sucedeu a \u00cdndia na presid\u00eancia. \u00c9 a primeira vez que o pa\u00eds assumiu essa posi\u00e7\u00e3o no atual formato do G20, estabelecido em 2008. No fim do ano, a presid\u00eancia ser\u00e1 transferida para a \u00c1frica do Sul.<\/p>\n<p>Uma das diretrizes de atua\u00e7\u00e3o do Minist\u00e9rio de Sa\u00fade brasileiro na condu\u00e7\u00e3o das discuss\u00f5es setoriais no G20 \u00e9 refor\u00e7ar a abordagem &#8220;Uma S\u00f3 Sa\u00fade&#8221;. Ela busca estimular a colabora\u00e7\u00e3o de diferentes setores para desenvolver solu\u00e7\u00f5es integradas para desafios globais como pandemias, resist\u00eancia antimicrobiana, mudan\u00e7as clim\u00e1ticas e perda de biodiversidade.<\/p>\n<p>A abordagem reconhece a interconex\u00e3o entre a sa\u00fade humana, animal, vegetal e ambiental. Sua implementa\u00e7\u00e3o envolve desde medidas de preven\u00e7\u00e3o de doen\u00e7as zoon\u00f3ticas at\u00e9 a promo\u00e7\u00e3o de seguran\u00e7a alimentar e prote\u00e7\u00e3o do meio ambiente.<\/p>\n<p>&#8220;A abordagem Uma S\u00f3 Sa\u00fade oferece oportunidades para o desenvolvimento e implementa\u00e7\u00e3o de programas, pol\u00edticas p\u00fablicas, legisla\u00e7\u00f5es e pesquisas, nos quais diversos setores e disciplinas colaboram para alcan\u00e7ar melhores resultados nas estrat\u00e9gias de sa\u00fade humana, sa\u00fade animal, sa\u00fade vegetal e sa\u00fade ambiental&#8221;, afirmou a ministra da Sa\u00fade, N\u00edsia Trindade, em seu pronunciamento de abertura dos trabalhos do segundo dia da reuni\u00e3o ministerial.<\/p>\n<p>&#8220;Refor\u00e7o aqui a import\u00e2ncia da sa\u00fade ambiental numa perspectiva ampla. A implementa\u00e7\u00e3o dessa abordagem promove a coopera\u00e7\u00e3o em todos os n\u00edveis do local ao global para enfrentar desafios emergentes e reemergentes como pandemias, resist\u00eancia aos antimicrobianos, mudan\u00e7as clim\u00e1ticas e seus impactos na sa\u00fade e outros desafios \u00e0 qualidade de vida de nossas popula\u00e7\u00f5es&#8221;, acrescentou.<\/p>\n<p>Como base nessa abordagem, a Organiza\u00e7\u00e3o Mundial da Sa\u00fade (OMS), a Organiza\u00e7\u00e3o Mundial da Sa\u00fade Animal (OMSA), a Organiza\u00e7\u00e3o das Na\u00e7\u00f5es Unidas para Agricultura e Alimenta\u00e7\u00e3o (FAO) e o Programa das Na\u00e7\u00f5es Unidas para o Meio Ambiente (Pnuma) formaram uma alian\u00e7a quadripartite e desenvolveram o Plano de A\u00e7\u00e3o Conjunto para Uma S\u00f3 Sa\u00fade (2022\u20132026). O objetivo \u00e9 trabalhar de forma coordenada.<\/p>\n<p>&#8220;Essa abordagem visa melhorar o acesso a vacinas, medicamentos e diagn\u00f3sticos com foco nas doen\u00e7as que afetam popula\u00e7\u00f5es em situa\u00e7\u00e3o de vulnerabilidade. Ao mesmo tempo buscar fortalecer capacidades nacionais e regionais&#8221;, exemplificou N\u00edsia.<\/p>\n<p>Ela destacou tamb\u00e9m a import\u00e2ncia de se criar um ambiente que favore\u00e7a a inova\u00e7\u00e3o, a pesquisa e a resili\u00eancia.<\/p>\n<p>      <!-- Relacionada --><\/p>\n<p>            <!-- Relacionada -->\n    <\/div>\n<p><br \/>\n<br \/><a href=\"https:\/\/agenciabrasil.ebc.com.br\/saude\/noticia\/2024-10\/ministros-do-g20-debatem-solucoes-integradas-para-desafios-da-saude\" rel=\"noopener\">Ag\u00eancia Brasil <\/a><\/p>\n","protected":false},"excerpt":{"rendered":"<p>Discuss\u00f5es em torno da abordagem &#8220;Uma S\u00f3 Sa\u00fade&#8221; ganharam destaque no segundo dia da Reuni\u00e3o de Ministros de Sa\u00fade do G20. O encontro ocorre\u00a0no Rio de Janeiro at\u00e9 esta quinta-feira (31), quando dever\u00e1 ser apresentada uma declara\u00e7\u00e3o final. A reuni\u00e3o ministerial integra a programa\u00e7\u00e3o da presid\u00eancia brasileira do G20, que re\u00fane as 19 maiores economias [&hellip;]<\/p>\n","protected":false},"author":1,"featured_media":15965,"comment_status":"open","ping_status":"open","sticky":false,"template":"","format":"standard","meta":{"_jetpack_newsletter_access":"","_jetpack_dont_email_post_to_subs":false,"_jetpack_newsletter_tier_id":0,"_jetpack_memberships_contains_paywalled_content":false,"_mbp_banners":[],"_jetpack_feature_clip_id":0,"_jetpack_memberships_contains_paid_content":false,"footnotes":"","jetpack_publicize_message":"","jetpack_publicize_feature_enabled":true,"jetpack_social_post_already_shared":true,"jetpack_social_options":{"image_generator_settings":{"template":"highway","default_image_id":0,"font":"","enabled":false},"version":2},"jetpack_post_was_ever_published":false},"categories":[15],"tags":[],"class_list":["post-15964","post","type-post","status-publish","format-standard","has-post-thumbnail","category-saude"],"jetpack_publicize_connections":[],"jetpack-related-posts":[],"jetpack_shortlink":"https:\/\/wp.me\/p7Eq1F-49u","jetpack_sharing_enabled":true,"jetpack_featured_media_url":"https:\/\/i0.wp.com\/guialimeira.com.br\/news\/wp-content\/uploads\/2024\/10\/hospital_de_campanha_covid-19_complexo_esportivo_do_ibirapuera2904200183_0.jpg?fit=1600%2C800&ssl=1","_links":{"self":[{"href":"https:\/\/guialimeira.com.br\/news\/wp-json\/wp\/v2\/posts\/15964","targetHints":{"allow":["GET"]}}],"collection":[{"href":"https:\/\/guialimeira.com.br\/news\/wp-json\/wp\/v2\/posts"}],"about":[{"href":"https:\/\/guialimeira.com.br\/news\/wp-json\/wp\/v2\/types\/post"}],"author":[{"embeddable":true,"href":"https:\/\/guialimeira.com.br\/news\/wp-json\/wp\/v2\/users\/1"}],"replies":[{"embeddable":true,"href":"https:\/\/guialimeira.com.br\/news\/wp-json\/wp\/v2\/comments?post=15964"}],"version-history":[{"count":0,"href":"https:\/\/guialimeira.com.br\/news\/wp-json\/wp\/v2\/posts\/15964\/revisions"}],"wp:featuredmedia":[{"embeddable":true,"href":"https:\/\/guialimeira.com.br\/news\/wp-json\/wp\/v2\/media\/15965"}],"wp:attachment":[{"href":"https:\/\/guialimeira.com.br\/news\/wp-json\/wp\/v2\/media?parent=15964"}],"wp:term":[{"taxonomy":"category","embeddable":true,"href":"https:\/\/guialimeira.com.br\/news\/wp-json\/wp\/v2\/categories?post=15964"},{"taxonomy":"post_tag","embeddable":true,"href":"https:\/\/guialimeira.com.br\/news\/wp-json\/wp\/v2\/tags?post=15964"}],"curies":[{"name":"wp","href":"https:\/\/api.w.org\/{rel}","templated":true}]}}