{"id":15938,"date":"2024-10-30T17:23:42","date_gmt":"2024-10-30T20:23:42","guid":{"rendered":"https:\/\/guialimeira.com.br\/2024\/10\/30\/brasil-condena-ataque-de-israel-que-matou-93-em-gaza\/"},"modified":"2024-10-30T17:23:42","modified_gmt":"2024-10-30T20:23:42","slug":"brasil-condena-ataque-de-israel-que-matou-93-em-gaza","status":"publish","type":"post","link":"https:\/\/guialimeira.com.br\/news\/brasil-condena-ataque-de-israel-que-matou-93-em-gaza\/","title":{"rendered":"Brasil condena ataque de Israel que matou 93 em Gaza"},"content":{"rendered":"<p> <br \/>\n<\/p>\n<div>\n<p>O Minist\u00e9rio das Rela\u00e7\u00f5es Exteriores (MRE) condenou o bombardeio promovido por Israel contra um edif\u00edcio residencial em Beit Lahia, na Faixa de Gaza, que <a href=\"https:\/\/agenciabrasil.ebc.com.br\/internacional\/noticia\/2024-10\/ataque-de-israel-predio-no-norte-de-gaza-deixa-pelo-menos-77-mortos\" target=\"_blank\" rel=\"noopener\">deixou ao menos 93 mortos nesta ter\u00e7a-feira (29)<\/a> incluindo dezenas crian\u00e7as, de acordo com atualiza\u00e7\u00f5es mais recentes.<img data-recalc-dims=\"1\" decoding=\"async\" src=\"https:\/\/i0.wp.com\/agenciabrasil.ebc.com.br\/ebc.png?w=696&#038;ssl=1\" style=\"width:1px; height:1px; display:inline;\"\/><img data-recalc-dims=\"1\" decoding=\"async\" src=\"https:\/\/i0.wp.com\/agenciabrasil.ebc.com.br\/ebc.gif?w=696&#038;ssl=1\" style=\"width:1px; height:1px; display:inline;\"\/><\/p>\n<p>&#8220;O Brasil manifesta preocupa\u00e7\u00e3o com a imposi\u00e7\u00e3o de obst\u00e1culos ao ingresso de ajuda humanit\u00e1ria no Norte da Faixa e com as ordens de evacua\u00e7\u00e3o emitidas pelas for\u00e7as israelenses para a popula\u00e7\u00e3o na regi\u00e3o, a\u00e7\u00e3o que amea\u00e7a provocar novo deslocamento for\u00e7ado de milhares de civis&#8221;, diz nota emitida nesta quarta-feira (30), um dia ap\u00f3s o ataque.<\/p>\n<p>Desde o in\u00edcio do m\u00eas, for\u00e7as militares israelenses intensificaram a\u00e7\u00f5es no norte da Faixa de Gaza, com diversos bombardeios a resid\u00eancias e infraestrutura civis, incluindo escolas, hospitais e abrigos. J\u00e1 foram mais de 350 mortes nas duas \u00faltimas semanas, de acordo com autoridades locais. A alega\u00e7\u00e3o \u00e9 o combate ao Hamas, que teria se reagrupado na regi\u00e3o.<\/p>\n<p>&#8220;O Brasil reitera o apelo por cessar-fogo permanente e abrangente, que inclua a liberta\u00e7\u00e3o de todos os ref\u00e9ns e a entrada desimpedida de ajuda humanit\u00e1ria em Gaza&#8221;, refor\u00e7a a nota do MRE.<\/p>\n<p>Enquanto mant\u00e9m ataques em Gaza, Israel prossegue incurs\u00f5es militares no L\u00edbano, com milhares de v\u00edtimas civis, al\u00e9m de ataques a alvos militares do Ir\u00e3, em meio \u00e0 escalada de tens\u00f5es entre os dois pa\u00edses.\u00a0\u00a0<\/p>\n<p>      <!-- Relacionada --><\/p>\n<p>            <!-- Relacionada -->\n    <\/div>\n<p><br \/>\n<br \/><a href=\"https:\/\/agenciabrasil.ebc.com.br\/internacional\/noticia\/2024-10\/brasil-condena-ataque-de-israel-que-matou-93-em-gaza-0\" rel=\"noopener\">Ag\u00eancia Brasil <\/a><\/p>\n","protected":false},"excerpt":{"rendered":"<p>O Minist\u00e9rio das Rela\u00e7\u00f5es Exteriores (MRE) condenou o bombardeio promovido por Israel contra um edif\u00edcio residencial em Beit Lahia, na Faixa de Gaza, que deixou ao menos 93 mortos nesta ter\u00e7a-feira (29) incluindo dezenas crian\u00e7as, de acordo com atualiza\u00e7\u00f5es mais recentes. &#8220;O Brasil manifesta preocupa\u00e7\u00e3o com a imposi\u00e7\u00e3o de obst\u00e1culos ao ingresso de ajuda humanit\u00e1ria [&hellip;]<\/p>\n","protected":false},"author":1,"featured_media":15449,"comment_status":"open","ping_status":"open","sticky":false,"template":"","format":"standard","meta":{"_jetpack_newsletter_access":"","_jetpack_dont_email_post_to_subs":false,"_jetpack_newsletter_tier_id":0,"_jetpack_memberships_contains_paywalled_content":false,"_mbp_banners":[],"_jetpack_feature_clip_id":0,"_jetpack_memberships_contains_paid_content":false,"footnotes":"","jetpack_publicize_message":"","jetpack_publicize_feature_enabled":true,"jetpack_social_post_already_shared":true,"jetpack_social_options":{"image_generator_settings":{"template":"highway","default_image_id":0,"font":"","enabled":false},"version":2},"jetpack_post_was_ever_published":false},"categories":[25],"tags":[],"class_list":["post-15938","post","type-post","status-publish","format-standard","has-post-thumbnail","category-internacional"],"jetpack_publicize_connections":[],"jetpack-related-posts":[],"jetpack_shortlink":"https:\/\/wp.me\/p7Eq1F-494","jetpack_sharing_enabled":true,"jetpack_featured_media_url":"https:\/\/i0.wp.com\/guialimeira.com.br\/news\/wp-content\/uploads\/2024\/10\/2024-10-07t125431z_1_lynxmpek960fe_rtroptp_4_israel-palestinians.jpg?fit=1600%2C800&ssl=1","_links":{"self":[{"href":"https:\/\/guialimeira.com.br\/news\/wp-json\/wp\/v2\/posts\/15938","targetHints":{"allow":["GET"]}}],"collection":[{"href":"https:\/\/guialimeira.com.br\/news\/wp-json\/wp\/v2\/posts"}],"about":[{"href":"https:\/\/guialimeira.com.br\/news\/wp-json\/wp\/v2\/types\/post"}],"author":[{"embeddable":true,"href":"https:\/\/guialimeira.com.br\/news\/wp-json\/wp\/v2\/users\/1"}],"replies":[{"embeddable":true,"href":"https:\/\/guialimeira.com.br\/news\/wp-json\/wp\/v2\/comments?post=15938"}],"version-history":[{"count":0,"href":"https:\/\/guialimeira.com.br\/news\/wp-json\/wp\/v2\/posts\/15938\/revisions"}],"wp:featuredmedia":[{"embeddable":true,"href":"https:\/\/guialimeira.com.br\/news\/wp-json\/wp\/v2\/media\/15449"}],"wp:attachment":[{"href":"https:\/\/guialimeira.com.br\/news\/wp-json\/wp\/v2\/media?parent=15938"}],"wp:term":[{"taxonomy":"category","embeddable":true,"href":"https:\/\/guialimeira.com.br\/news\/wp-json\/wp\/v2\/categories?post=15938"},{"taxonomy":"post_tag","embeddable":true,"href":"https:\/\/guialimeira.com.br\/news\/wp-json\/wp\/v2\/tags?post=15938"}],"curies":[{"name":"wp","href":"https:\/\/api.w.org\/{rel}","templated":true}]}}