{"id":1592,"date":"2024-04-15T16:10:44","date_gmt":"2024-04-15T19:10:44","guid":{"rendered":"https:\/\/guialimeira.com.br\/2024\/04\/15\/corpos-encontrados-em-embarcacao-no-para-ainda-nao-foram-identificados\/"},"modified":"2024-04-15T16:10:44","modified_gmt":"2024-04-15T19:10:44","slug":"corpos-encontrados-em-embarcacao-no-para-ainda-nao-foram-identificados","status":"publish","type":"post","link":"https:\/\/guialimeira.com.br\/news\/corpos-encontrados-em-embarcacao-no-para-ainda-nao-foram-identificados\/","title":{"rendered":"Corpos encontrados em embarca\u00e7\u00e3o no Par\u00e1 ainda n\u00e3o foram identificados"},"content":{"rendered":"<p> <br \/>\n<\/p>\n<div>\n<p>Ainda n\u00e3o \u00e9 poss\u00edvel fazer a identifica\u00e7\u00e3o dos corpos encontrados em um barco \u00e0 deriva na manh\u00e3 de s\u00e1bado (13) no litoral paraense, informou nesta segunda-feira (15) a Pol\u00edcia Federal (PF). A <a href=\"https:\/\/agenciabrasil.ebc.com.br\/geral\/noticia\/2024-04\/embarcacao-e-encontrada-no-para-com-varios-corpos-em-decomposicao\" target=\"_blank\" rel=\"noopener\">embarca\u00e7\u00e3o foi encontrada<\/a> por pescadores com alguns corpos j\u00e1 em decomposi\u00e7\u00e3o, em um rio na regi\u00e3o de Salgado, no nordeste do Par\u00e1.<img data-recalc-dims=\"1\" decoding=\"async\" src=\"https:\/\/i0.wp.com\/agenciabrasil.ebc.com.br\/ebc.png?w=696&#038;ssl=1\" style=\"width:1px; height:1px; display:inline;\"\/><img data-recalc-dims=\"1\" decoding=\"async\" src=\"https:\/\/i0.wp.com\/agenciabrasil.ebc.com.br\/ebc.gif?w=696&#038;ssl=1\" style=\"width:1px; height:1px; display:inline;\"\/><\/p>\n<p>\u201cAt\u00e9 o momento, n\u00e3o \u00e9 poss\u00edvel precisar o n\u00famero de corpos na embarca\u00e7\u00e3o, nem fornecer indicativos da nacionalidade do barco e das pessoas a bordo\u201d, informou a PF.<\/p>\n<p>A embarca\u00e7\u00e3o foi levada para a terra firme, no munic\u00edpio de Bragan\u00e7a, no domingo (14). Os trabalhos de busca e resgate da embarca\u00e7\u00e3o com as v\u00edtimas transcorreram das 7h \u00e0s 23h30, hor\u00e1rio em que a equipe chegou ao porto de Vila do Castelo.<\/p>\n<p>Participaram das a\u00e7\u00f5es uma embarca\u00e7\u00e3o da Marinha e um bote dos Bombeiros Militares de Bragan\u00e7a, e agentes da Guarda Municipal, Defesa Civil municipal, Pol\u00edcia Cient\u00edfica do estado e Departamento Municipal de Mobilidade Urbana e Tr\u00e2nsito de Bragan\u00e7a.<\/p>\n<p>Os corpos ser\u00e3o levados para o Instituto M\u00e9dico Legal (IML) de Bragan\u00e7a para in\u00edcio dos trabalhos de identifica\u00e7\u00e3o. Tamb\u00e9m ser\u00e1 feita per\u00edcia na embarca\u00e7\u00e3o.<\/p>\n<p>\u201cAp\u00f3s a remo\u00e7\u00e3o do barco, ser\u00e3o realizados os exames m\u00e9dico-legais e outros, visando \u00e0 identifica\u00e7\u00e3o de todas as v\u00edtimas, seguindo o protocolo internacional de Identifica\u00e7\u00e3o de V\u00edtimas de Desastres da Interpol (DVI)\u201d, informou a PF.<\/p>\n<p>O protocolo permite a identifica\u00e7\u00e3o das v\u00edtimas mesmo em estado de decomposi\u00e7\u00e3o avan\u00e7ado, por meio da utiliza\u00e7\u00e3o de amostras de DNA, impress\u00f5es digitais, caracter\u00edsticas f\u00edsicas, registros odontol\u00f3gicos e reconhecimento de objetos pessoais.<\/p>\n<p>Os peritos criminais federais da PF no Par\u00e1 trabalhar\u00e3o em conjunto com a equipe precursora de DVI da PF, composta por peritos criminais federais e papiloscopistas policiais federais do Instituto Nacional de Criminal\u00edstica (INC) e do Instituto Nacional de Identifica\u00e7\u00e3o (INI), em Bras\u00edlia.<\/p>\n<p>Em um v\u00eddeo divulgado por habitantes da regi\u00e3o, filmado no momento em que a embarca\u00e7\u00e3o foi encontrada, fala-se que havia cerca de 20 corpos no barco, e que eles estariam j\u00e1 em estado avan\u00e7ado de decomposi\u00e7\u00e3o.<\/p>\n<p>Em nota, o Minist\u00e9rio P\u00fablico Federal (MPF) no Par\u00e1 informou que foi determinada a abertura de duas investiga\u00e7\u00f5es sobre o caso.<\/p>\n<p>&#8220;Uma investiga\u00e7\u00e3o criminal foca em eventuais crimes cometidos e na responsabiliza\u00e7\u00e3o penal de autores. A investiga\u00e7\u00e3o c\u00edvel concentra-se em quest\u00f5es de interesse p\u00fablico e na prote\u00e7\u00e3o de direitos que n\u00e3o necessariamente envolvem crimes&#8221;, explica o texto.<\/p>\n<\/p><\/div>\n<p><br \/>\n<br \/><a href=\"https:\/\/agenciabrasil.ebc.com.br\/geral\/noticia\/2024-04\/corpos-encontrados-em-embarcacao-no-para-ainda-nao-foram-identificados\" rel=\"noopener\">Ag\u00eancia Brasil<\/a><\/p>\n","protected":false},"excerpt":{"rendered":"<p>Ainda n\u00e3o \u00e9 poss\u00edvel fazer a identifica\u00e7\u00e3o dos corpos encontrados em um barco \u00e0 deriva na manh\u00e3 de s\u00e1bado (13) no litoral paraense, informou nesta segunda-feira (15) a Pol\u00edcia Federal (PF). A embarca\u00e7\u00e3o foi encontrada por pescadores com alguns corpos j\u00e1 em decomposi\u00e7\u00e3o, em um rio na regi\u00e3o de Salgado, no nordeste do Par\u00e1. \u201cAt\u00e9 [&hellip;]<\/p>\n","protected":false},"author":1,"featured_media":269,"comment_status":"open","ping_status":"open","sticky":false,"template":"","format":"standard","meta":{"_jetpack_newsletter_access":"","_jetpack_dont_email_post_to_subs":false,"_jetpack_newsletter_tier_id":0,"_jetpack_memberships_contains_paywalled_content":false,"_mbp_banners":[],"_jetpack_feature_clip_id":0,"_jetpack_memberships_contains_paid_content":false,"footnotes":"","jetpack_publicize_message":"","jetpack_publicize_feature_enabled":true,"jetpack_social_post_already_shared":true,"jetpack_social_options":{"image_generator_settings":{"template":"highway","default_image_id":0,"font":"","enabled":false},"version":2},"jetpack_post_was_ever_published":false},"categories":[1],"tags":[],"class_list":["post-1592","post","type-post","status-publish","format-standard","has-post-thumbnail","category-geral"],"jetpack_publicize_connections":[],"jetpack-related-posts":[],"jetpack_shortlink":"https:\/\/wp.me\/p7Eq1F-pG","jetpack_sharing_enabled":true,"jetpack_featured_media_url":"https:\/\/i0.wp.com\/guialimeira.com.br\/news\/wp-content\/uploads\/2024\/03\/thumb_1200x600_agbrasil.png?fit=1200%2C600&ssl=1","_links":{"self":[{"href":"https:\/\/guialimeira.com.br\/news\/wp-json\/wp\/v2\/posts\/1592","targetHints":{"allow":["GET"]}}],"collection":[{"href":"https:\/\/guialimeira.com.br\/news\/wp-json\/wp\/v2\/posts"}],"about":[{"href":"https:\/\/guialimeira.com.br\/news\/wp-json\/wp\/v2\/types\/post"}],"author":[{"embeddable":true,"href":"https:\/\/guialimeira.com.br\/news\/wp-json\/wp\/v2\/users\/1"}],"replies":[{"embeddable":true,"href":"https:\/\/guialimeira.com.br\/news\/wp-json\/wp\/v2\/comments?post=1592"}],"version-history":[{"count":0,"href":"https:\/\/guialimeira.com.br\/news\/wp-json\/wp\/v2\/posts\/1592\/revisions"}],"wp:featuredmedia":[{"embeddable":true,"href":"https:\/\/guialimeira.com.br\/news\/wp-json\/wp\/v2\/media\/269"}],"wp:attachment":[{"href":"https:\/\/guialimeira.com.br\/news\/wp-json\/wp\/v2\/media?parent=1592"}],"wp:term":[{"taxonomy":"category","embeddable":true,"href":"https:\/\/guialimeira.com.br\/news\/wp-json\/wp\/v2\/categories?post=1592"},{"taxonomy":"post_tag","embeddable":true,"href":"https:\/\/guialimeira.com.br\/news\/wp-json\/wp\/v2\/tags?post=1592"}],"curies":[{"name":"wp","href":"https:\/\/api.w.org\/{rel}","templated":true}]}}