{"id":15863,"date":"2024-10-29T17:59:41","date_gmt":"2024-10-29T20:59:41","guid":{"rendered":"https:\/\/guialimeira.com.br\/2024\/10\/29\/brasil-volta-a-condenar-embargo-economico-contra-cuba\/"},"modified":"2024-10-29T17:59:41","modified_gmt":"2024-10-29T20:59:41","slug":"brasil-volta-a-condenar-embargo-economico-contra-cuba","status":"publish","type":"post","link":"https:\/\/guialimeira.com.br\/news\/brasil-volta-a-condenar-embargo-economico-contra-cuba\/","title":{"rendered":"Brasil volta a condenar embargo econ\u00f4mico contra Cuba"},"content":{"rendered":"<p> <br \/>\n<\/p>\n<div>\n<p>O ministro das Rela\u00e7\u00f5es Exteriores, Mauro Vieira, discursou contra o embargo econ\u00f4mico, comercial e financeiro imposto a Cuba pelo governo dos Estados Unidos, durante sess\u00e3o da assembleia geral das Na\u00e7\u00f5es Unidas, nesta ter\u00e7a-feira (29), na sede da entidade, em Nova York.<img data-recalc-dims=\"1\" decoding=\"async\" src=\"https:\/\/i0.wp.com\/agenciabrasil.ebc.com.br\/ebc.png?w=696&#038;ssl=1\" style=\"width:1px; height:1px; display:inline;\"\/><img data-recalc-dims=\"1\" decoding=\"async\" src=\"https:\/\/i0.wp.com\/agenciabrasil.ebc.com.br\/ebc.gif?w=696&#038;ssl=1\" style=\"width:1px; height:1px; display:inline;\"\/><\/p>\n<p>Em vigor h\u00e1 mais de 60 anos, o embargo prejudicou o desenvolvimento social e econ\u00f4mico do pa\u00eds caribenho e penalizou mais pobres, afirmou o chanceler. &#8220;A persist\u00eancia da medida afeta diretamente o exerc\u00edcio dos direitos humanos do povo cubano, limitando o acesso a bens essenciais, como medicamentos e tecnologias indispens\u00e1veis para o desenvolvimento. O rep\u00fadio ao embargo econ\u00f4mico contra Cuba \u00e9, praticamente, um consenso internacional, e com raz\u00e3o&#8221;, argumentou. \u00a0 \u00a0<\/p>\n<p>&#8220;O Brasil sustenta firmemente que as \u00fanicas san\u00e7\u00f5es leg\u00edtimas amparadas pelo direito internacional s\u00e3o aquelas adotadas pelo Conselho de Seguran\u00e7a no \u00e2mbito do Cap\u00edtulo VII da Carta das Na\u00e7\u00f5es Unidas&#8221;, observou o chanceler, que refor\u00e7ou a posi\u00e7\u00e3o hist\u00f3rica do governo brasileiro sobre o tema. &#8220;Hoje, como tantas vezes antes, o Brasil reitera sua firme, categ\u00f3rica e constante oposi\u00e7\u00e3o ao embargo econ\u00f4mico, comercial e financeiro imposto contra Cuba. Rejeitamos tamb\u00e9m a aplica\u00e7\u00e3o extraterritorial de leis nacionais discriminat\u00f3rias.&#8221;<\/p>\n<p>Mauro Vieira tamb\u00e9m abordou a situa\u00e7\u00e3o de emerg\u00eancia energ\u00e9tica em Cuba, que sofreu com apag\u00f5es nas \u00faltimas semanas, situa\u00e7\u00e3o agravada pelo embargo e pela passagem do furac\u00e3o Oscar, que causou significativas perdas humanas e destrui\u00e7\u00e3o no territ\u00f3rio. Al\u00e9m de demonstrar solidariedade, o governo brasileiro informa ter ativado medidas de coopera\u00e7\u00e3o e assist\u00eancia, com fornecimento combust\u00edveis e alimentos \u00e0 ilha socialista. Em setembro de 2023, durante a 47\u00aa C\u00fapula do G77 e China, Brasil e Cuba assinaram uma carta de inten\u00e7\u00f5es para estabelecer um programa de coopera\u00e7\u00e3o agr\u00edcola, incluindo a doa\u00e7\u00e3o de 20 mil toneladas de arroz e 3,1 mil toneladas de leite em p\u00f3.<\/p>\n<p>O ministro brasileiro ainda fez um apelo direto aos Estados Unidos para reconsiderarem sua pol\u00edtica em rela\u00e7\u00e3o a Cuba, eliminando as san\u00e7\u00f5es e retirando o pa\u00eds da lista de Estados patrocinadores do terrorismo e promovendo &#8220;um di\u00e1logo construtivo baseado no respeito m\u00fatuo e na n\u00e3o interfer\u00eancia&#8221;.<\/p>\n<p>      <!-- Relacionada --><\/p>\n<p>            <!-- Relacionada -->\n    <\/div>\n<p><br \/>\n<br \/><a href=\"https:\/\/agenciabrasil.ebc.com.br\/internacional\/noticia\/2024-10\/brasil-volta-condenar-embargo-economico-contra-cuba\" rel=\"noopener\">Ag\u00eancia Brasil <\/a><\/p>\n","protected":false},"excerpt":{"rendered":"<p>O ministro das Rela\u00e7\u00f5es Exteriores, Mauro Vieira, discursou contra o embargo econ\u00f4mico, comercial e financeiro imposto a Cuba pelo governo dos Estados Unidos, durante sess\u00e3o da assembleia geral das Na\u00e7\u00f5es Unidas, nesta ter\u00e7a-feira (29), na sede da entidade, em Nova York. Em vigor h\u00e1 mais de 60 anos, o embargo prejudicou o desenvolvimento social e [&hellip;]<\/p>\n","protected":false},"author":1,"featured_media":15411,"comment_status":"open","ping_status":"open","sticky":false,"template":"","format":"standard","meta":{"_jetpack_newsletter_access":"","_jetpack_dont_email_post_to_subs":false,"_jetpack_newsletter_tier_id":0,"_jetpack_memberships_contains_paywalled_content":false,"_mbp_banners":[],"_jetpack_feature_clip_id":0,"_jetpack_memberships_contains_paid_content":false,"footnotes":"","jetpack_publicize_message":"","jetpack_publicize_feature_enabled":true,"jetpack_social_post_already_shared":true,"jetpack_social_options":{"image_generator_settings":{"template":"highway","default_image_id":0,"font":"","enabled":false},"version":2},"jetpack_post_was_ever_published":false},"categories":[25],"tags":[],"class_list":["post-15863","post","type-post","status-publish","format-standard","has-post-thumbnail","category-internacional"],"jetpack_publicize_connections":[],"jetpack-related-posts":[],"jetpack_shortlink":"https:\/\/wp.me\/p7Eq1F-47R","jetpack_sharing_enabled":true,"jetpack_featured_media_url":"https:\/\/i0.wp.com\/guialimeira.com.br\/news\/wp-content\/uploads\/2024\/10\/0d7a1541.jpg?fit=1600%2C800&ssl=1","_links":{"self":[{"href":"https:\/\/guialimeira.com.br\/news\/wp-json\/wp\/v2\/posts\/15863","targetHints":{"allow":["GET"]}}],"collection":[{"href":"https:\/\/guialimeira.com.br\/news\/wp-json\/wp\/v2\/posts"}],"about":[{"href":"https:\/\/guialimeira.com.br\/news\/wp-json\/wp\/v2\/types\/post"}],"author":[{"embeddable":true,"href":"https:\/\/guialimeira.com.br\/news\/wp-json\/wp\/v2\/users\/1"}],"replies":[{"embeddable":true,"href":"https:\/\/guialimeira.com.br\/news\/wp-json\/wp\/v2\/comments?post=15863"}],"version-history":[{"count":0,"href":"https:\/\/guialimeira.com.br\/news\/wp-json\/wp\/v2\/posts\/15863\/revisions"}],"wp:featuredmedia":[{"embeddable":true,"href":"https:\/\/guialimeira.com.br\/news\/wp-json\/wp\/v2\/media\/15411"}],"wp:attachment":[{"href":"https:\/\/guialimeira.com.br\/news\/wp-json\/wp\/v2\/media?parent=15863"}],"wp:term":[{"taxonomy":"category","embeddable":true,"href":"https:\/\/guialimeira.com.br\/news\/wp-json\/wp\/v2\/categories?post=15863"},{"taxonomy":"post_tag","embeddable":true,"href":"https:\/\/guialimeira.com.br\/news\/wp-json\/wp\/v2\/tags?post=15863"}],"curies":[{"name":"wp","href":"https:\/\/api.w.org\/{rel}","templated":true}]}}