{"id":15839,"date":"2024-10-29T12:48:14","date_gmt":"2024-10-29T15:48:14","guid":{"rendered":"https:\/\/guialimeira.com.br\/2024\/10\/29\/g20-brasil-quer-criar-coalizao-para-producao-regional-de-vacinas\/"},"modified":"2024-10-29T12:48:14","modified_gmt":"2024-10-29T15:48:14","slug":"g20-brasil-quer-criar-coalizao-para-producao-regional-de-vacinas","status":"publish","type":"post","link":"https:\/\/guialimeira.com.br\/news\/g20-brasil-quer-criar-coalizao-para-producao-regional-de-vacinas\/","title":{"rendered":"G20: Brasil quer criar coaliz\u00e3o para produ\u00e7\u00e3o regional de vacinas"},"content":{"rendered":"<p> <br \/>\n<\/p>\n<div>\n<p>Ministros da sa\u00fade dos pa\u00edses que integram o G20 se re\u00fanem nesta semana no Rio de Janeiro. O encontro deve fechar um consenso entre as na\u00e7\u00f5es a ser apresentado na c\u00fapula de l\u00edderes, que ser\u00e1 realizada nos dias 18 e 19 de novembro, na capital fluminense.<img data-recalc-dims=\"1\" decoding=\"async\" src=\"https:\/\/i0.wp.com\/agenciabrasil.ebc.com.br\/ebc.png?w=696&#038;ssl=1\" style=\"width:1px; height:1px; display:inline;\"\/><img data-recalc-dims=\"1\" decoding=\"async\" src=\"https:\/\/i0.wp.com\/agenciabrasil.ebc.com.br\/ebc.gif?w=696&#038;ssl=1\" style=\"width:1px; height:1px; display:inline;\"\/><\/p>\n<p>Em entrevista \u00e0 imprensa, nesta ter\u00e7a-feira (29), a ministra brasileira, N\u00edsia Trindade, disse que a grande contribui\u00e7\u00e3o que o G20 pode dar para a sa\u00fade global ser\u00e1 apoiar a cria\u00e7\u00e3o de uma coaliz\u00e3o para a produ\u00e7\u00e3o local e regional de vacinas e medicamentos em pa\u00edses e regi\u00f5es que t\u00eam dificuldade de acesso a esses imunizantes.<\/p>\n<p>&#8220;Isso ser\u00e1 um fato in\u00e9dito. Temos trabalhado para reduzir a desigualdade entre os pa\u00edses e aumentar esse acesso. Essa \u00e9 a principal medida que esperamos ser\u00a0aprovada. N\u00e3o \u00e9 poss\u00edvel continuarmos com a depend\u00eancia que se verificou durante a pandemia de covid-19, quando muitos pa\u00edses demoraram muito tempo para aplicar a primeira dose da vacina&#8221;, afirmou N\u00edsia.<\/p>\n<p>A ministra da Sa\u00fade disse ainda que o Brasil tamb\u00e9m defender\u00e1 a expans\u00e3o da estrat\u00e9gia de sa\u00fade digital, medidas de mitiga\u00e7\u00e3o dos efeitos das mudan\u00e7as clim\u00e1ticas e a cria\u00e7\u00e3o de um instrumento para enfrentamento de novas pandemias.\u00a0<\/p>\n<p>O pa\u00eds tamb\u00e9m quer compartilhar a experi\u00eancia da plataforma Ci\u00eancia com Sa\u00fade, que visa combater a desinforma\u00e7\u00e3o em temas relativos \u00e0 sa\u00fade.<\/p>\n<p>      <!-- Relacionada --><\/p>\n<p>            <!-- Relacionada -->\n    <\/div>\n<p><br \/>\n<br \/><a href=\"https:\/\/agenciabrasil.ebc.com.br\/saude\/noticia\/2024-10\/g20-brasil-quer-criar-coalizao-para-producao-regional-de-vacinas\" rel=\"noopener\">Ag\u00eancia Brasil <\/a><\/p>\n","protected":false},"excerpt":{"rendered":"<p>Ministros da sa\u00fade dos pa\u00edses que integram o G20 se re\u00fanem nesta semana no Rio de Janeiro. O encontro deve fechar um consenso entre as na\u00e7\u00f5es a ser apresentado na c\u00fapula de l\u00edderes, que ser\u00e1 realizada nos dias 18 e 19 de novembro, na capital fluminense. Em entrevista \u00e0 imprensa, nesta ter\u00e7a-feira (29), a ministra [&hellip;]<\/p>\n","protected":false},"author":1,"featured_media":15840,"comment_status":"open","ping_status":"open","sticky":false,"template":"","format":"standard","meta":{"_jetpack_newsletter_access":"","_jetpack_dont_email_post_to_subs":false,"_jetpack_newsletter_tier_id":0,"_jetpack_memberships_contains_paywalled_content":false,"_mbp_banners":[],"_jetpack_feature_clip_id":0,"_jetpack_memberships_contains_paid_content":false,"footnotes":"","jetpack_publicize_message":"","jetpack_publicize_feature_enabled":true,"jetpack_social_post_already_shared":true,"jetpack_social_options":{"image_generator_settings":{"template":"highway","default_image_id":0,"font":"","enabled":false},"version":2},"jetpack_post_was_ever_published":false},"categories":[15],"tags":[],"class_list":["post-15839","post","type-post","status-publish","format-standard","has-post-thumbnail","category-saude"],"jetpack_publicize_connections":[],"jetpack-related-posts":[],"jetpack_shortlink":"https:\/\/wp.me\/p7Eq1F-47t","jetpack_sharing_enabled":true,"jetpack_featured_media_url":"https:\/\/i0.wp.com\/guialimeira.com.br\/news\/wp-content\/uploads\/2024\/10\/nisia-bom-dia_mcamgo_abr_17072024-2.jpg?fit=1600%2C800&ssl=1","_links":{"self":[{"href":"https:\/\/guialimeira.com.br\/news\/wp-json\/wp\/v2\/posts\/15839","targetHints":{"allow":["GET"]}}],"collection":[{"href":"https:\/\/guialimeira.com.br\/news\/wp-json\/wp\/v2\/posts"}],"about":[{"href":"https:\/\/guialimeira.com.br\/news\/wp-json\/wp\/v2\/types\/post"}],"author":[{"embeddable":true,"href":"https:\/\/guialimeira.com.br\/news\/wp-json\/wp\/v2\/users\/1"}],"replies":[{"embeddable":true,"href":"https:\/\/guialimeira.com.br\/news\/wp-json\/wp\/v2\/comments?post=15839"}],"version-history":[{"count":0,"href":"https:\/\/guialimeira.com.br\/news\/wp-json\/wp\/v2\/posts\/15839\/revisions"}],"wp:featuredmedia":[{"embeddable":true,"href":"https:\/\/guialimeira.com.br\/news\/wp-json\/wp\/v2\/media\/15840"}],"wp:attachment":[{"href":"https:\/\/guialimeira.com.br\/news\/wp-json\/wp\/v2\/media?parent=15839"}],"wp:term":[{"taxonomy":"category","embeddable":true,"href":"https:\/\/guialimeira.com.br\/news\/wp-json\/wp\/v2\/categories?post=15839"},{"taxonomy":"post_tag","embeddable":true,"href":"https:\/\/guialimeira.com.br\/news\/wp-json\/wp\/v2\/tags?post=15839"}],"curies":[{"name":"wp","href":"https:\/\/api.w.org\/{rel}","templated":true}]}}