{"id":15834,"date":"2024-10-29T12:23:48","date_gmt":"2024-10-29T15:23:48","guid":{"rendered":"https:\/\/guialimeira.com.br\/?p=15834"},"modified":"2024-10-29T12:25:11","modified_gmt":"2024-10-29T15:25:11","slug":"ex-vereador-carlos-rossler-morre-aos-67-anos","status":"publish","type":"post","link":"https:\/\/guialimeira.com.br\/news\/ex-vereador-carlos-rossler-morre-aos-67-anos\/","title":{"rendered":"Ex-vereador Carlos Rossler morre aos 67 anos"},"content":{"rendered":"\n<p class=\"wp-block-paragraph\">Faleceu na manh\u00e3 desta ter\u00e7a-feira (29), o administrador e ex-vereador Carlos Eduardo Rossler, de 67 anos. Rossler se encontrava no Hospital Unimed. A causa da morte n\u00e3o foi divulgada. Ele deixa a esposa, Mariangela Baldove Rossler e o filho Carlos.&nbsp;<\/p>\n\n\n\n<p class=\"wp-block-paragraph\">Rossler foi suplente de vereador em duas legislaturas (2005-2008) e (2009-2012). Ele ocupou a cadeira de parlamentar na sua segunda legislatura como suplente.&nbsp;<\/p>\n\n\n\n<p class=\"wp-block-paragraph\">O corpo do ex-vereador ser\u00e1 velado a partir das 13h30 no Vel\u00f3rio Saudades II e o sepultamento se dar\u00e1 \u00e0s 16h30, no Cemit\u00e9rio Saudades&nbsp;<\/p>\n\n\n\n<p class=\"wp-block-paragraph\">Consternados com a morte do ex-vereador, o prefeito Mario Botion, a vice-prefeita Erika Tank e a primeira-dama Roberta Botion transmitem \u00e0 fam\u00edlia e amigos de Rossler, os mais sinceros sentimentos de pesar.<\/p>\n\n\n\n<p class=\"wp-block-paragraph\"><strong>Texto: Secretaria de Comunica\u00e7\u00e3o Social&nbsp;<\/strong><\/p>\n\n\n\n<p class=\"wp-block-paragraph\"><strong>Foto: Divulga\u00e7\u00e3o&nbsp;<\/strong><\/p>\n","protected":false},"excerpt":{"rendered":"<p>Faleceu na manh\u00e3 desta ter\u00e7a-feira (29), o administrador e ex-vereador Carlos Eduardo Rossler, de 67 anos. Rossler se encontrava no Hospital Unimed. A causa da morte n\u00e3o foi divulgada. Ele deixa a esposa, Mariangela Baldove Rossler e o filho Carlos.&nbsp; Rossler foi suplente de vereador em duas legislaturas (2005-2008) e (2009-2012). Ele ocupou a cadeira [&hellip;]<\/p>\n","protected":false},"author":1,"featured_media":15835,"comment_status":"open","ping_status":"open","sticky":false,"template":"","format":"standard","meta":{"_jetpack_newsletter_access":"","_jetpack_dont_email_post_to_subs":false,"_jetpack_newsletter_tier_id":0,"_jetpack_memberships_contains_paywalled_content":false,"_mbp_banners":[],"_jetpack_feature_clip_id":0,"_jetpack_memberships_contains_paid_content":false,"footnotes":"","jetpack_publicize_message":"","jetpack_publicize_feature_enabled":true,"jetpack_social_post_already_shared":true,"jetpack_social_options":{"image_generator_settings":{"template":"highway","default_image_id":0,"font":"","enabled":false},"version":2},"jetpack_post_was_ever_published":false},"categories":[16,19],"tags":[],"class_list":["post-15834","post","type-post","status-publish","format-standard","has-post-thumbnail","category-local","category-politica"],"jetpack_publicize_connections":[],"jetpack-related-posts":[],"jetpack_shortlink":"https:\/\/wp.me\/p7Eq1F-47o","jetpack_sharing_enabled":true,"jetpack_featured_media_url":"https:\/\/i0.wp.com\/guialimeira.com.br\/news\/wp-content\/uploads\/2024\/10\/CARLOS-ROSSLER-3.jpg?fit=1280%2C852&ssl=1","_links":{"self":[{"href":"https:\/\/guialimeira.com.br\/news\/wp-json\/wp\/v2\/posts\/15834","targetHints":{"allow":["GET"]}}],"collection":[{"href":"https:\/\/guialimeira.com.br\/news\/wp-json\/wp\/v2\/posts"}],"about":[{"href":"https:\/\/guialimeira.com.br\/news\/wp-json\/wp\/v2\/types\/post"}],"author":[{"embeddable":true,"href":"https:\/\/guialimeira.com.br\/news\/wp-json\/wp\/v2\/users\/1"}],"replies":[{"embeddable":true,"href":"https:\/\/guialimeira.com.br\/news\/wp-json\/wp\/v2\/comments?post=15834"}],"version-history":[{"count":1,"href":"https:\/\/guialimeira.com.br\/news\/wp-json\/wp\/v2\/posts\/15834\/revisions"}],"predecessor-version":[{"id":15836,"href":"https:\/\/guialimeira.com.br\/news\/wp-json\/wp\/v2\/posts\/15834\/revisions\/15836"}],"wp:featuredmedia":[{"embeddable":true,"href":"https:\/\/guialimeira.com.br\/news\/wp-json\/wp\/v2\/media\/15835"}],"wp:attachment":[{"href":"https:\/\/guialimeira.com.br\/news\/wp-json\/wp\/v2\/media?parent=15834"}],"wp:term":[{"taxonomy":"category","embeddable":true,"href":"https:\/\/guialimeira.com.br\/news\/wp-json\/wp\/v2\/categories?post=15834"},{"taxonomy":"post_tag","embeddable":true,"href":"https:\/\/guialimeira.com.br\/news\/wp-json\/wp\/v2\/tags?post=15834"}],"curies":[{"name":"wp","href":"https:\/\/api.w.org\/{rel}","templated":true}]}}