{"id":15817,"date":"2024-10-29T08:50:44","date_gmt":"2024-10-29T11:50:44","guid":{"rendered":"https:\/\/guialimeira.com.br\/2024\/10\/29\/aviao-com-221-brasileiros-repatriados-do-libano-chega-em-guarulhos\/"},"modified":"2024-10-29T08:50:44","modified_gmt":"2024-10-29T11:50:44","slug":"aviao-com-221-brasileiros-repatriados-do-libano-chega-em-guarulhos","status":"publish","type":"post","link":"https:\/\/guialimeira.com.br\/news\/aviao-com-221-brasileiros-repatriados-do-libano-chega-em-guarulhos\/","title":{"rendered":"Avi\u00e3o com 221 brasileiros repatriados do L\u00edbano chega em Guarulhos"},"content":{"rendered":"<p> <br \/>\n<\/p>\n<div>\n<p>Uma aeronave com 221 brasileiros repatriados do L\u00edbano pousou \u00e0s 5h55 desta ter\u00e7a-feira (29) na Base A\u00e9rea de S\u00e3o Paulo, em Guarulhos (SP). A informa\u00e7\u00e3o foi confirmada, em nota, pela For\u00e7a A\u00e9rea Brasileira (FAB). Este \u00e9 o nono voo de repatria\u00e7\u00e3o de brasileiros da zona de conflito no L\u00edbano.<img data-recalc-dims=\"1\" decoding=\"async\" src=\"https:\/\/i0.wp.com\/agenciabrasil.ebc.com.br\/ebc.png?w=696&#038;ssl=1\" style=\"width:1px; height:1px; display:inline;\"\/><img data-recalc-dims=\"1\" decoding=\"async\" src=\"https:\/\/i0.wp.com\/agenciabrasil.ebc.com.br\/ebc.gif?w=696&#038;ssl=1\" style=\"width:1px; height:1px; display:inline;\"\/><\/p>\n<p>Al\u00e9m do grupo, a aeronave modelo KC-30 trouxe tamb\u00e9m um animal de estima\u00e7\u00e3o. A Opera\u00e7\u00e3o Ra\u00edzes do Cedro, respons\u00e1vel pelas a\u00e7\u00f5es de repatria\u00e7\u00e3o, teve in\u00edcio no \u00faltimo dia 2.<\/p>\n<h2>Tr\u00eas mil querem voltar<\/h2>\n<p>A log\u00edstica envolve o uso de aeronaves e servidores da FAB, al\u00e9m do trabalho de articula\u00e7\u00e3o via Itamaraty. Segundo o governo federal, a comunidade brasileira no L\u00edbano contabiliza de cerca de 20 mil pessoas, das quais pelo menos tr\u00eas mil manifestaram desejo de retornar ao Brasil.<\/p>\n<p>No fim de setembro, bombardeios israelenses no L\u00edbano deixaram dois adolescentes brasileiros mortos \u2013 Mirna Raef Nasser, de 16 anos, e Ali Kamal Abdallah, de 15 anos. Israel e o grupo Hezbollah, do L\u00edbano, participam de ataques na fronteira desde o in\u00edcio da atual guerra na Faixa de Gaza, no ano passado, detonada ap\u00f3s um ataque do Hamas, aliado do Hezbollah.<\/p>\n<p>      <!-- Relacionada --><\/p>\n<p>            <!-- Relacionada -->\n    <\/div>\n<p><br \/>\n<br \/><a href=\"https:\/\/agenciabrasil.ebc.com.br\/internacional\/noticia\/2024-10\/aviao-com-221-brasileiros-repatriados-do-libano-chega-em-guarulhos\" rel=\"noopener\">Ag\u00eancia Brasil <\/a><\/p>\n","protected":false},"excerpt":{"rendered":"<p>Uma aeronave com 221 brasileiros repatriados do L\u00edbano pousou \u00e0s 5h55 desta ter\u00e7a-feira (29) na Base A\u00e9rea de S\u00e3o Paulo, em Guarulhos (SP). A informa\u00e7\u00e3o foi confirmada, em nota, pela For\u00e7a A\u00e9rea Brasileira (FAB). Este \u00e9 o nono voo de repatria\u00e7\u00e3o de brasileiros da zona de conflito no L\u00edbano. Al\u00e9m do grupo, a aeronave modelo [&hellip;]<\/p>\n","protected":false},"author":1,"featured_media":15818,"comment_status":"open","ping_status":"open","sticky":false,"template":"","format":"standard","meta":{"_jetpack_newsletter_access":"","_jetpack_dont_email_post_to_subs":false,"_jetpack_newsletter_tier_id":0,"_jetpack_memberships_contains_paywalled_content":false,"_mbp_banners":[],"_jetpack_feature_clip_id":0,"_jetpack_memberships_contains_paid_content":false,"footnotes":"","jetpack_publicize_message":"","jetpack_publicize_feature_enabled":true,"jetpack_social_post_already_shared":true,"jetpack_social_options":{"image_generator_settings":{"template":"highway","default_image_id":0,"font":"","enabled":false},"version":2},"jetpack_post_was_ever_published":false},"categories":[25],"tags":[],"class_list":["post-15817","post","type-post","status-publish","format-standard","has-post-thumbnail","category-internacional"],"jetpack_publicize_connections":[],"jetpack-related-posts":[],"jetpack_shortlink":"https:\/\/wp.me\/p7Eq1F-477","jetpack_sharing_enabled":true,"jetpack_featured_media_url":"https:\/\/i0.wp.com\/guialimeira.com.br\/news\/wp-content\/uploads\/2024\/10\/libanese_base_aerea_01.jpg?fit=1600%2C800&ssl=1","_links":{"self":[{"href":"https:\/\/guialimeira.com.br\/news\/wp-json\/wp\/v2\/posts\/15817","targetHints":{"allow":["GET"]}}],"collection":[{"href":"https:\/\/guialimeira.com.br\/news\/wp-json\/wp\/v2\/posts"}],"about":[{"href":"https:\/\/guialimeira.com.br\/news\/wp-json\/wp\/v2\/types\/post"}],"author":[{"embeddable":true,"href":"https:\/\/guialimeira.com.br\/news\/wp-json\/wp\/v2\/users\/1"}],"replies":[{"embeddable":true,"href":"https:\/\/guialimeira.com.br\/news\/wp-json\/wp\/v2\/comments?post=15817"}],"version-history":[{"count":0,"href":"https:\/\/guialimeira.com.br\/news\/wp-json\/wp\/v2\/posts\/15817\/revisions"}],"wp:featuredmedia":[{"embeddable":true,"href":"https:\/\/guialimeira.com.br\/news\/wp-json\/wp\/v2\/media\/15818"}],"wp:attachment":[{"href":"https:\/\/guialimeira.com.br\/news\/wp-json\/wp\/v2\/media?parent=15817"}],"wp:term":[{"taxonomy":"category","embeddable":true,"href":"https:\/\/guialimeira.com.br\/news\/wp-json\/wp\/v2\/categories?post=15817"},{"taxonomy":"post_tag","embeddable":true,"href":"https:\/\/guialimeira.com.br\/news\/wp-json\/wp\/v2\/tags?post=15817"}],"curies":[{"name":"wp","href":"https:\/\/api.w.org\/{rel}","templated":true}]}}