{"id":15713,"date":"2024-10-27T14:08:47","date_gmt":"2024-10-27T17:08:47","guid":{"rendered":"https:\/\/guialimeira.com.br\/2024\/10\/27\/mais-de-272-milhoes-de-uruguaios-escolhem-novo-presidente-hoje\/"},"modified":"2024-10-27T14:08:47","modified_gmt":"2024-10-27T17:08:47","slug":"mais-de-272-milhoes-de-uruguaios-escolhem-novo-presidente-hoje","status":"publish","type":"post","link":"https:\/\/guialimeira.com.br\/news\/mais-de-272-milhoes-de-uruguaios-escolhem-novo-presidente-hoje\/","title":{"rendered":"Mais de 2,72 milh\u00f5es de uruguaios escolhem novo presidente hoje"},"content":{"rendered":"<p> <br \/>\n<\/p>\n<div>\n<p>Pouco mais de 2,72 milh\u00f5es de uruguaios est\u00e3o aptos a votar neste domingo (28). Al\u00e9m de escolherem o pr\u00f3ximo presidente do Uruguai e seu vice, os eleitores eleger\u00e3o senadores e deputados. E ainda responder\u00e3o a duas propostas plebiscit\u00e1rias de reforma constitucional.<img data-recalc-dims=\"1\" decoding=\"async\" src=\"https:\/\/i0.wp.com\/agenciabrasil.ebc.com.br\/ebc.png?w=696&#038;ssl=1\" style=\"width:1px; height:1px; display:inline;\"\/><img data-recalc-dims=\"1\" decoding=\"async\" src=\"https:\/\/i0.wp.com\/agenciabrasil.ebc.com.br\/ebc.gif?w=696&#038;ssl=1\" style=\"width:1px; height:1px; display:inline;\"\/><\/p>\n<p>Na disputa para suceder o atual presidente, Lacalle Pou, est\u00e3o Yamand\u00fa Orsi, do campo progressista; \u00c1lvaro Delgado, de centro-direita, e Andr\u00e9s Ojeda, do Partido Colorado.<\/p>\n<p>Segundo a imprensa uruguaia, as mais recentes pesquisas de inten\u00e7\u00e3o de voto indicam que Orsi, que conta com o apoio do ex-presidente Jos\u00e9 Pepe Mujica, lidera na prefer\u00eancia do eleitorado. Em seguida vem Delgado, candidato da situa\u00e7\u00e3o e ex-secret\u00e1rio da Presid\u00eancia de Lacalle Pou.<\/p>\n<p>As pesquisas tamb\u00e9m apontam que nenhum candidato \u00e0 presid\u00eancia obter\u00e1, neste domingo, 50% mais um de todos os votos \u2013 incluindo brancos e nulos. Se tal previs\u00e3o se confirmar, os dois candidatos mais votados disputar\u00e3o um segundo turno e os eleitores ter\u00e3o que voltar \u00e0s urnas no dia 24 de novembro. No Uruguai, como no Brasil, o voto \u00e9 obrigat\u00f3rio<\/p>\n<p>Os uruguaios tamb\u00e9m v\u00e3o eleger 30 senadores e 99 deputados para compor o Poder Legislativo nacional pelos pr\u00f3ximos cinco anos (2025-2030).<\/p>\n<h2>Plebiscito<\/h2>\n<p>Os cidad\u00e3os aptos a votar tamb\u00e9m se manifestar\u00e3o sobre duas propostas para alterar trechos da Constitui\u00e7\u00e3o uruguaia. Um dos projetos visa a modificar um artigo que trata de seguridade social, mexendo com as regras para aposentadoria em vigor.<\/p>\n<p>Se os eleitores aprovarem a reforma do Artigo n\u00ba 67 da Constitui\u00e7\u00e3o, o Uruguai voltar\u00e1 a fixar em 60 anos a idade m\u00ednima para aposentadoria, tornando sem efeito a reforma previdenci\u00e1ria de 2023, que elevou para os atuais 65 anos a idade m\u00ednima. Com a eventual aprova\u00e7\u00e3o da mudan\u00e7a, os aposentados n\u00e3o mais poder\u00e3o receber valor menor que o sal\u00e1rio m\u00ednimo nacional.<\/p>\n<p>A outra proposta sob escrut\u00ednio autoriza que policiais realizem, com autoriza\u00e7\u00e3o judicial, buscas nas resid\u00eancias de suspeitos mesmo que durante a noite. Hoje, a Constitui\u00e7\u00e3o uruguaia estabelece que, \u00e0 noite, s\u00f3 \u00e9 permitido ingressar em um domic\u00edlio com a autoriza\u00e7\u00e3o do propriet\u00e1rio.<\/p>\n<p>      <!-- Relacionada --><\/p>\n<p>            <!-- Relacionada -->\n    <\/div>\n<p><br \/>\n<br \/><a href=\"https:\/\/agenciabrasil.ebc.com.br\/internacional\/noticia\/2024-10\/mais-de-272-milhoes-de-uruguaios-escolhem-novo-presidente-hoje\" rel=\"noopener\">Ag\u00eancia Brasil <\/a><\/p>\n","protected":false},"excerpt":{"rendered":"<p>Pouco mais de 2,72 milh\u00f5es de uruguaios est\u00e3o aptos a votar neste domingo (28). Al\u00e9m de escolherem o pr\u00f3ximo presidente do Uruguai e seu vice, os eleitores eleger\u00e3o senadores e deputados. E ainda responder\u00e3o a duas propostas plebiscit\u00e1rias de reforma constitucional. Na disputa para suceder o atual presidente, Lacalle Pou, est\u00e3o Yamand\u00fa Orsi, do campo [&hellip;]<\/p>\n","protected":false},"author":1,"featured_media":15714,"comment_status":"open","ping_status":"open","sticky":false,"template":"","format":"standard","meta":{"_jetpack_newsletter_access":"","_jetpack_dont_email_post_to_subs":false,"_jetpack_newsletter_tier_id":0,"_jetpack_memberships_contains_paywalled_content":false,"_mbp_banners":[],"_jetpack_feature_clip_id":0,"_jetpack_memberships_contains_paid_content":false,"footnotes":"","jetpack_publicize_message":"","jetpack_publicize_feature_enabled":true,"jetpack_social_post_already_shared":true,"jetpack_social_options":{"image_generator_settings":{"template":"highway","default_image_id":0,"font":"","enabled":false},"version":2},"jetpack_post_was_ever_published":false},"categories":[25],"tags":[],"class_list":["post-15713","post","type-post","status-publish","format-standard","has-post-thumbnail","category-internacional"],"jetpack_publicize_connections":[],"jetpack-related-posts":[],"jetpack_shortlink":"https:\/\/wp.me\/p7Eq1F-45r","jetpack_sharing_enabled":true,"jetpack_featured_media_url":"https:\/\/i0.wp.com\/guialimeira.com.br\/news\/wp-content\/uploads\/2024\/10\/eleicoes_uruguai_0103200051.jpg?fit=1600%2C800&ssl=1","_links":{"self":[{"href":"https:\/\/guialimeira.com.br\/news\/wp-json\/wp\/v2\/posts\/15713","targetHints":{"allow":["GET"]}}],"collection":[{"href":"https:\/\/guialimeira.com.br\/news\/wp-json\/wp\/v2\/posts"}],"about":[{"href":"https:\/\/guialimeira.com.br\/news\/wp-json\/wp\/v2\/types\/post"}],"author":[{"embeddable":true,"href":"https:\/\/guialimeira.com.br\/news\/wp-json\/wp\/v2\/users\/1"}],"replies":[{"embeddable":true,"href":"https:\/\/guialimeira.com.br\/news\/wp-json\/wp\/v2\/comments?post=15713"}],"version-history":[{"count":0,"href":"https:\/\/guialimeira.com.br\/news\/wp-json\/wp\/v2\/posts\/15713\/revisions"}],"wp:featuredmedia":[{"embeddable":true,"href":"https:\/\/guialimeira.com.br\/news\/wp-json\/wp\/v2\/media\/15714"}],"wp:attachment":[{"href":"https:\/\/guialimeira.com.br\/news\/wp-json\/wp\/v2\/media?parent=15713"}],"wp:term":[{"taxonomy":"category","embeddable":true,"href":"https:\/\/guialimeira.com.br\/news\/wp-json\/wp\/v2\/categories?post=15713"},{"taxonomy":"post_tag","embeddable":true,"href":"https:\/\/guialimeira.com.br\/news\/wp-json\/wp\/v2\/tags?post=15713"}],"curies":[{"name":"wp","href":"https:\/\/api.w.org\/{rel}","templated":true}]}}