{"id":15694,"date":"2024-10-26T16:47:47","date_gmt":"2024-10-26T19:47:47","guid":{"rendered":"https:\/\/guialimeira.com.br\/2024\/10\/26\/governo-brasileiro-diz-ver-com-preocupacao-ataque-de-israel-ao-ira\/"},"modified":"2024-10-26T16:47:47","modified_gmt":"2024-10-26T19:47:47","slug":"governo-brasileiro-diz-ver-com-preocupacao-ataque-de-israel-ao-ira","status":"publish","type":"post","link":"https:\/\/guialimeira.com.br\/news\/governo-brasileiro-diz-ver-com-preocupacao-ataque-de-israel-ao-ira\/","title":{"rendered":"Governo brasileiro diz ver com preocupa\u00e7\u00e3o ataque de Israel ao Ir\u00e3"},"content":{"rendered":"<p> <br \/>\n<\/p>\n<div>\n<p>O governo brasileiro informou que acompanha com preocupa\u00e7\u00e3o os <a href=\"https:\/\/agenciabrasil.ebc.com.br\/internacional\/noticia\/2024-10\/israel-ataca-alvos-militares-no-ira\" target=\"_blank\" rel=\"noopener\">ataques a\u00e9reos<\/a> israelenses contra o territ\u00f3rio iraniano. Em nota divulgada neste s\u00e1bado (26), o Minist\u00e9rio das Rela\u00e7\u00f5es Exteriores destacou que \u201ccondena a escalada do conflito e renova seu apelo a todas as partes envolvidas para que exer\u00e7am m\u00e1xima conten\u00e7\u00e3o\u201d.<img data-recalc-dims=\"1\" decoding=\"async\" src=\"https:\/\/i0.wp.com\/agenciabrasil.ebc.com.br\/ebc.png?w=696&#038;ssl=1\" style=\"width:1px; height:1px; display:inline;\"\/><img data-recalc-dims=\"1\" decoding=\"async\" src=\"https:\/\/i0.wp.com\/agenciabrasil.ebc.com.br\/ebc.gif?w=696&#038;ssl=1\" style=\"width:1px; height:1px; display:inline;\"\/><\/p>\n<p>\u201cO Brasil reitera sua convic\u00e7\u00e3o acerca da necessidade de amplo cessar-fogo em todo o Oriente M\u00e9dio e volta a conclamar a comunidade internacional para que utilize todos os instrumentos diplom\u00e1ticos \u00e0 disposi\u00e7\u00e3o para conter o aprofundamento do conflito\u201d, refor\u00e7ou o comunicado do Itamaraty.<\/p>\n<p>A nota informa ainda que a Embaixada do Brasil em Teer\u00e3 monitora a situa\u00e7\u00e3o de brasileiros no Ir\u00e3 e mant\u00e9m contato permanente com os nacionais no pa\u00eds.<\/p>\n<h2>Entenda<\/h2>\n<p>Israel atacou instala\u00e7\u00f5es militares no Ir\u00e3 na manh\u00e3 deste s\u00e1bado, mas a retalia\u00e7\u00e3o a um ataque iraniano neste m\u00eas n\u00e3o pareceu ter como alvo instala\u00e7\u00f5es petrol\u00edferas e nucleares mais sens\u00edveis do pa\u00eds, ap\u00f3s apelos urgentes de aliados e vizinhos para modera\u00e7\u00e3o.\u00a0<\/p>\n<p>Militares de Israel disseram que dezenas de jatos completaram tr\u00eas ondas de ataques antes do amanhecer contra f\u00e1bricas de m\u00edsseis e outros locais e alertaram o Ir\u00e3 a n\u00e3o revidar.<\/p>\n<p>O Ir\u00e3, por sua vez, informou que suas defesas a\u00e9reas reagiram com sucesso ao ataque, mas dois soldados foram mortos e alguns locais sofreram \u201cdanos limitados\u201d. Uma ag\u00eancia de not\u00edcias semioficial iraniana prometeu uma \u201crea\u00e7\u00e3o proporcional\u201d aos ataques israelenses.<\/p>\n<p>      <!-- Relacionada --><\/p>\n<p>            <!-- Relacionada -->\n    <\/div>\n<p><br \/>\n<br \/><a href=\"https:\/\/agenciabrasil.ebc.com.br\/internacional\/noticia\/2024-10\/governo-brasileiro-diz-ver-com-preocupacao-ataque-de-israel-ao-ira\" rel=\"noopener\">Ag\u00eancia Brasil <\/a><\/p>\n","protected":false},"excerpt":{"rendered":"<p>O governo brasileiro informou que acompanha com preocupa\u00e7\u00e3o os ataques a\u00e9reos israelenses contra o territ\u00f3rio iraniano. Em nota divulgada neste s\u00e1bado (26), o Minist\u00e9rio das Rela\u00e7\u00f5es Exteriores destacou que \u201ccondena a escalada do conflito e renova seu apelo a todas as partes envolvidas para que exer\u00e7am m\u00e1xima conten\u00e7\u00e3o\u201d. \u201cO Brasil reitera sua convic\u00e7\u00e3o acerca da [&hellip;]<\/p>\n","protected":false},"author":1,"featured_media":572,"comment_status":"open","ping_status":"open","sticky":false,"template":"","format":"standard","meta":{"_jetpack_newsletter_access":"","_jetpack_dont_email_post_to_subs":false,"_jetpack_newsletter_tier_id":0,"_jetpack_memberships_contains_paywalled_content":false,"_mbp_banners":[],"_jetpack_feature_clip_id":0,"_jetpack_memberships_contains_paid_content":false,"footnotes":"","jetpack_publicize_message":"","jetpack_publicize_feature_enabled":true,"jetpack_social_post_already_shared":true,"jetpack_social_options":{"image_generator_settings":{"template":"highway","default_image_id":0,"font":"","enabled":false},"version":2},"jetpack_post_was_ever_published":false},"categories":[25],"tags":[],"class_list":["post-15694","post","type-post","status-publish","format-standard","has-post-thumbnail","category-internacional"],"jetpack_publicize_connections":[],"jetpack-related-posts":[],"jetpack_shortlink":"https:\/\/wp.me\/p7Eq1F-458","jetpack_sharing_enabled":true,"jetpack_featured_media_url":"https:\/\/i0.wp.com\/guialimeira.com.br\/news\/wp-content\/uploads\/2024\/03\/pzzb1932.jpg?fit=1600%2C800&ssl=1","_links":{"self":[{"href":"https:\/\/guialimeira.com.br\/news\/wp-json\/wp\/v2\/posts\/15694","targetHints":{"allow":["GET"]}}],"collection":[{"href":"https:\/\/guialimeira.com.br\/news\/wp-json\/wp\/v2\/posts"}],"about":[{"href":"https:\/\/guialimeira.com.br\/news\/wp-json\/wp\/v2\/types\/post"}],"author":[{"embeddable":true,"href":"https:\/\/guialimeira.com.br\/news\/wp-json\/wp\/v2\/users\/1"}],"replies":[{"embeddable":true,"href":"https:\/\/guialimeira.com.br\/news\/wp-json\/wp\/v2\/comments?post=15694"}],"version-history":[{"count":0,"href":"https:\/\/guialimeira.com.br\/news\/wp-json\/wp\/v2\/posts\/15694\/revisions"}],"wp:featuredmedia":[{"embeddable":true,"href":"https:\/\/guialimeira.com.br\/news\/wp-json\/wp\/v2\/media\/572"}],"wp:attachment":[{"href":"https:\/\/guialimeira.com.br\/news\/wp-json\/wp\/v2\/media?parent=15694"}],"wp:term":[{"taxonomy":"category","embeddable":true,"href":"https:\/\/guialimeira.com.br\/news\/wp-json\/wp\/v2\/categories?post=15694"},{"taxonomy":"post_tag","embeddable":true,"href":"https:\/\/guialimeira.com.br\/news\/wp-json\/wp\/v2\/tags?post=15694"}],"curies":[{"name":"wp","href":"https:\/\/api.w.org\/{rel}","templated":true}]}}