{"id":1564,"date":"2024-04-15T14:07:16","date_gmt":"2024-04-15T17:07:16","guid":{"rendered":"https:\/\/guialimeira.com.br\/2024\/04\/15\/universidade-rural-retoma-aulas-uma-semana-depois-de-morte-de-aluno\/"},"modified":"2024-04-15T14:07:16","modified_gmt":"2024-04-15T17:07:16","slug":"universidade-rural-retoma-aulas-uma-semana-depois-de-morte-de-aluno","status":"publish","type":"post","link":"https:\/\/guialimeira.com.br\/news\/universidade-rural-retoma-aulas-uma-semana-depois-de-morte-de-aluno\/","title":{"rendered":"Universidade Rural retoma aulas uma semana depois de morte de aluno"},"content":{"rendered":"<p> <br \/>\n<\/p>\n<div>\n<p>A Universidade Federal Rural do Rio de Janeiro (UFRRJ) decidiu que retomar\u00e1 suas atividades nesta ter\u00e7a-feira (16), mais de uma semana depois da morte do estudante Bernardo Para\u00edso, no \u00faltimo dia 8. O aluno de Ci\u00eancias Biol\u00f3gicas, de 24 anos, <a href=\"https:\/\/agenciabrasil.ebc.com.br\/geral\/noticia\/2024-04\/tiroteio-no-rj-deixa-universitario-morto-e-duas-criancas-feridas\" target=\"_blank\" rel=\"noopener\">morreu durante um tiroteio<\/a> no centro de Serop\u00e9dica, no Grande Rio, munic\u00edpio onde se localiza a sede da institui\u00e7\u00e3o.<img data-recalc-dims=\"1\" decoding=\"async\" src=\"https:\/\/i0.wp.com\/agenciabrasil.ebc.com.br\/ebc.png?w=696&#038;ssl=1\" style=\"width:1px; height:1px; display:inline;\"\/><img data-recalc-dims=\"1\" decoding=\"async\" src=\"https:\/\/i0.wp.com\/agenciabrasil.ebc.com.br\/ebc.gif?w=696&#038;ssl=1\" style=\"width:1px; height:1px; display:inline;\"\/><\/p>\n<p>No mesmo dia da morte de Bernardo Para\u00edso, a universidade decretou luto e <a href=\"https:\/\/agenciabrasil.ebc.com.br\/geral\/noticia\/2024-04\/rj-universidade-suspende-atividades-e-declara-luto-por-morte-de-aluno\" target=\"_blank\" rel=\"noopener\">decidiu suspender suas atividades<\/a>, devido \u00e0 necessidade de \u201cse estabelecer um momento de transi\u00e7\u00e3o em face \u00e0 complexidade e delicadeza do cen\u00e1rio em que nos encontramos\u201d.\u00a0<\/p>\n<p>A Rural informou, por meio de nota, que o c\u00f4mputo das frequ\u00eancias ser\u00e1 flexibilizado durante esta semana, de 16 a 19 de abril. Aqueles que n\u00e3o conseguirem retornar \u00e0s aulas presencialmente ter\u00e3o os materiais de apoio \u00e0 disposi\u00e7\u00e3o. As avalia\u00e7\u00f5es previstas para esta semana ser\u00e3o <a href=\"https:\/\/portal.ufrrj.br\/retorno-das-atividades-academicas-e-administrativas-no-campus-de-seropedica\/\" target=\"_blank\" rel=\"noopener\">canceladas e reagendadas<\/a>.<\/p>\n<p>\u201cA Administra\u00e7\u00e3o Central reconhece plenamente os desafios e as preocupa\u00e7\u00f5es da comunidade universit\u00e1ria quanto \u00e0 seguran\u00e7a interna e, nesse sentido, reiteramos que est\u00e3o sendo envidados todos os esfor\u00e7os para prover\u00a0as a\u00e7\u00f5es cab\u00edveis a uma Institui\u00e7\u00e3o Federal de Ensino Superior\u201d, informa a nota.<\/p>\n<p>Ainda de acordo com a universidade, os estudantes poder\u00e3o buscar acolhimento junto \u00e0 rede de profissionais e docentes que atuam em a\u00e7\u00f5es de preven\u00e7\u00e3o e promo\u00e7\u00e3o de sa\u00fade mental na institui\u00e7\u00e3o, atrav\u00e9s do email\u00a0proaes@ufrrj.br.<\/p>\n<p>\u201c\u00c9 importante registrar que a realidade da viol\u00eancia urbana que nos atingiu n\u00e3o est\u00e1 restrita a Serop\u00e9dica. A suspens\u00e3o indefinida das atividades de ensino, pesquisa e extens\u00e3o neste campus da UFRRJ n\u00e3o trar\u00e1 as solu\u00e7\u00f5es que almejamos, pois estas dependem de a\u00e7\u00f5es de pol\u00edticas de seguran\u00e7a p\u00fablica, sob a responsabilidade das for\u00e7as de seguran\u00e7a\u201d, continua a nota. \u201cA Universidade P\u00fablica n\u00e3o pode parar \u2013 estamos juntos para, n\u00e3o s\u00f3 enfrentar nossa realidade, mas tamb\u00e9m para transform\u00e1-la\u201d.<\/p>\n<p>Bernardo Para\u00edso ia ao supermercado com uma amiga, quando foi morto durante uma troca de tiros entre dois grupos criminosos rivais.<\/p>\n<\/p><\/div>\n<p><br \/>\n<br \/><a href=\"https:\/\/agenciabrasil.ebc.com.br\/geral\/noticia\/2024-04\/universidade-rural-retoma-aulas-uma-semana-depois-de-morte-de-aluno\" rel=\"noopener\">Ag\u00eancia Brasil<\/a><\/p>\n","protected":false},"excerpt":{"rendered":"<p>A Universidade Federal Rural do Rio de Janeiro (UFRRJ) decidiu que retomar\u00e1 suas atividades nesta ter\u00e7a-feira (16), mais de uma semana depois da morte do estudante Bernardo Para\u00edso, no \u00faltimo dia 8. O aluno de Ci\u00eancias Biol\u00f3gicas, de 24 anos, morreu durante um tiroteio no centro de Serop\u00e9dica, no Grande Rio, munic\u00edpio onde se localiza [&hellip;]<\/p>\n","protected":false},"author":1,"featured_media":1565,"comment_status":"open","ping_status":"open","sticky":false,"template":"","format":"standard","meta":{"_jetpack_newsletter_access":"","_jetpack_dont_email_post_to_subs":false,"_jetpack_newsletter_tier_id":0,"_jetpack_memberships_contains_paywalled_content":false,"_mbp_banners":[],"_jetpack_feature_clip_id":0,"_jetpack_memberships_contains_paid_content":false,"footnotes":"","jetpack_publicize_message":"","jetpack_publicize_feature_enabled":true,"jetpack_social_post_already_shared":true,"jetpack_social_options":{"image_generator_settings":{"template":"highway","default_image_id":0,"font":"","enabled":false},"version":2},"jetpack_post_was_ever_published":false},"categories":[1],"tags":[],"class_list":["post-1564","post","type-post","status-publish","format-standard","has-post-thumbnail","category-geral"],"jetpack_publicize_connections":[],"jetpack-related-posts":[],"jetpack_shortlink":"https:\/\/wp.me\/p7Eq1F-pe","jetpack_sharing_enabled":true,"jetpack_featured_media_url":"https:\/\/i0.wp.com\/guialimeira.com.br\/news\/wp-content\/uploads\/2024\/04\/campus_da_universidade_federal_rural_do_rio_de_janeiro060220_6437.jpg?fit=1600%2C800&ssl=1","_links":{"self":[{"href":"https:\/\/guialimeira.com.br\/news\/wp-json\/wp\/v2\/posts\/1564","targetHints":{"allow":["GET"]}}],"collection":[{"href":"https:\/\/guialimeira.com.br\/news\/wp-json\/wp\/v2\/posts"}],"about":[{"href":"https:\/\/guialimeira.com.br\/news\/wp-json\/wp\/v2\/types\/post"}],"author":[{"embeddable":true,"href":"https:\/\/guialimeira.com.br\/news\/wp-json\/wp\/v2\/users\/1"}],"replies":[{"embeddable":true,"href":"https:\/\/guialimeira.com.br\/news\/wp-json\/wp\/v2\/comments?post=1564"}],"version-history":[{"count":0,"href":"https:\/\/guialimeira.com.br\/news\/wp-json\/wp\/v2\/posts\/1564\/revisions"}],"wp:featuredmedia":[{"embeddable":true,"href":"https:\/\/guialimeira.com.br\/news\/wp-json\/wp\/v2\/media\/1565"}],"wp:attachment":[{"href":"https:\/\/guialimeira.com.br\/news\/wp-json\/wp\/v2\/media?parent=1564"}],"wp:term":[{"taxonomy":"category","embeddable":true,"href":"https:\/\/guialimeira.com.br\/news\/wp-json\/wp\/v2\/categories?post=1564"},{"taxonomy":"post_tag","embeddable":true,"href":"https:\/\/guialimeira.com.br\/news\/wp-json\/wp\/v2\/tags?post=1564"}],"curies":[{"name":"wp","href":"https:\/\/api.w.org\/{rel}","templated":true}]}}