{"id":15604,"date":"2024-10-25T10:15:41","date_gmt":"2024-10-25T13:15:41","guid":{"rendered":"https:\/\/guialimeira.com.br\/2024\/10\/25\/voo-da-operacao-raizes-do-cedro-aterrissou-hoje-com-239-pessoas-em-sp\/"},"modified":"2024-10-25T10:15:41","modified_gmt":"2024-10-25T13:15:41","slug":"voo-da-operacao-raizes-do-cedro-aterrissou-hoje-com-239-pessoas-em-sp","status":"publish","type":"post","link":"https:\/\/guialimeira.com.br\/news\/voo-da-operacao-raizes-do-cedro-aterrissou-hoje-com-239-pessoas-em-sp\/","title":{"rendered":"Voo da Opera\u00e7\u00e3o Ra\u00edzes do Cedro aterrissou hoje com 239 pessoas em SP"},"content":{"rendered":"<p> <br \/>\n<\/p>\n<div>\n<p>Aterrissou hoje (25), \u00e0s 4h15, a aeronave KC-30, da For\u00e7a A\u00e9rea Brasileira (FAB), utilizado na Opera\u00e7\u00e3o \u201cRa\u00edzes do Cedro\u201d, com mais 239 passageiros e tr\u00eas animais dom\u00e9sticos resgatados do conflito entre o Hezbollah e o Ex\u00e9rcito israelense, no L\u00edbano.<img data-recalc-dims=\"1\" decoding=\"async\" src=\"https:\/\/i0.wp.com\/agenciabrasil.ebc.com.br\/ebc.png?w=696&#038;ssl=1\" style=\"width:1px; height:1px; display:inline;\"\/><img data-recalc-dims=\"1\" decoding=\"async\" src=\"https:\/\/i0.wp.com\/agenciabrasil.ebc.com.br\/ebc.gif?w=696&#038;ssl=1\" style=\"width:1px; height:1px; display:inline;\"\/><\/p>\n<p>\u00c9 o oito voo com brasileiros, e seus familiares, que estavam no L\u00edbano e pediram para voltar ao Brasil. Ao todo, foram 1.877 pessoas e 21 animais de estima\u00e7\u00e3o trazidos da regi\u00e3o em conflito no Oriente M\u00e9dio. O Itamaraty afirmou que recebeu cerca de tr\u00eas mil solicita\u00e7\u00f5es para embarque de repatria\u00e7\u00f5es.<\/p>\n<p>A Opera\u00e7\u00e3o Ra\u00edzes do Cedro \u00e9 promovida pelos minist\u00e9rios das Rela\u00e7\u00f5es Exteriores e da Defesa, teve in\u00edcio em 5 de outubro, com o acirramento do conflito no Oriente M\u00e9dio.\u00a0<\/p>\n<p>A opera\u00e7\u00e3o conta tamb\u00e9m com o apoio do Minist\u00e9rio da Justi\u00e7a e Seguran\u00e7a P\u00fablica, do Minist\u00e9rio do Desenvolvimento e Assist\u00eancia Social, Fam\u00edlia e Combate \u00e0 Fome (MDS), do Minist\u00e9rio da Sa\u00fade, da Pol\u00edcia Federal, da Receita Federal e da Pol\u00edcia Rodovi\u00e1ria Federal.<\/p>\n<p>O Itamaraty, por meio da Embaixada do Brasil em Beirute, mant\u00e9m contato com brasileiros e seus familiares pr\u00f3ximos para atendimento de assist\u00eancia consular, verifica\u00e7\u00e3o da necessidade de organizar os voos de repatria\u00e7\u00e3o.<\/p>\n<p>O governo brasileiro ainda ressalta o alerta para as orienta\u00e7\u00f5es de seguran\u00e7a das autoridades libanesas, sendo que aqueles com disponibilidade de recursos procurem deixar o territ\u00f3rio liban\u00eas por meios pr\u00f3prios. O aeroporto de Beirute continua em opera\u00e7\u00e3o, com a realiza\u00e7\u00e3o de 26 voos di\u00e1rios da companhia libanesa Middle East Airlines.<\/p>\n<p>      <!-- Relacionada --><\/p>\n<p>            <!-- Relacionada -->\n    <\/div>\n<p><br \/>\n<br \/><a href=\"https:\/\/agenciabrasil.ebc.com.br\/internacional\/noticia\/2024-10\/voo-da-operacao-raizes-do-cedro-aterrizou-hoje-com-239-pessoas-em-sp\" rel=\"noopener\">Ag\u00eancia Brasil <\/a><\/p>\n","protected":false},"excerpt":{"rendered":"<p>Aterrissou hoje (25), \u00e0s 4h15, a aeronave KC-30, da For\u00e7a A\u00e9rea Brasileira (FAB), utilizado na Opera\u00e7\u00e3o \u201cRa\u00edzes do Cedro\u201d, com mais 239 passageiros e tr\u00eas animais dom\u00e9sticos resgatados do conflito entre o Hezbollah e o Ex\u00e9rcito israelense, no L\u00edbano. \u00c9 o oito voo com brasileiros, e seus familiares, que estavam no L\u00edbano e pediram para [&hellip;]<\/p>\n","protected":false},"author":1,"featured_media":269,"comment_status":"open","ping_status":"open","sticky":false,"template":"","format":"standard","meta":{"_jetpack_newsletter_access":"","_jetpack_dont_email_post_to_subs":false,"_jetpack_newsletter_tier_id":0,"_jetpack_memberships_contains_paywalled_content":false,"_mbp_banners":[],"_jetpack_feature_clip_id":0,"_jetpack_memberships_contains_paid_content":false,"footnotes":"","jetpack_publicize_message":"","jetpack_publicize_feature_enabled":true,"jetpack_social_post_already_shared":true,"jetpack_social_options":{"image_generator_settings":{"template":"highway","default_image_id":0,"font":"","enabled":false},"version":2},"jetpack_post_was_ever_published":false},"categories":[25],"tags":[],"class_list":["post-15604","post","type-post","status-publish","format-standard","has-post-thumbnail","category-internacional"],"jetpack_publicize_connections":[],"jetpack-related-posts":[],"jetpack_shortlink":"https:\/\/wp.me\/p7Eq1F-43G","jetpack_sharing_enabled":true,"jetpack_featured_media_url":"https:\/\/i0.wp.com\/guialimeira.com.br\/news\/wp-content\/uploads\/2024\/03\/thumb_1200x600_agbrasil.png?fit=1200%2C600&ssl=1","_links":{"self":[{"href":"https:\/\/guialimeira.com.br\/news\/wp-json\/wp\/v2\/posts\/15604","targetHints":{"allow":["GET"]}}],"collection":[{"href":"https:\/\/guialimeira.com.br\/news\/wp-json\/wp\/v2\/posts"}],"about":[{"href":"https:\/\/guialimeira.com.br\/news\/wp-json\/wp\/v2\/types\/post"}],"author":[{"embeddable":true,"href":"https:\/\/guialimeira.com.br\/news\/wp-json\/wp\/v2\/users\/1"}],"replies":[{"embeddable":true,"href":"https:\/\/guialimeira.com.br\/news\/wp-json\/wp\/v2\/comments?post=15604"}],"version-history":[{"count":0,"href":"https:\/\/guialimeira.com.br\/news\/wp-json\/wp\/v2\/posts\/15604\/revisions"}],"wp:featuredmedia":[{"embeddable":true,"href":"https:\/\/guialimeira.com.br\/news\/wp-json\/wp\/v2\/media\/269"}],"wp:attachment":[{"href":"https:\/\/guialimeira.com.br\/news\/wp-json\/wp\/v2\/media?parent=15604"}],"wp:term":[{"taxonomy":"category","embeddable":true,"href":"https:\/\/guialimeira.com.br\/news\/wp-json\/wp\/v2\/categories?post=15604"},{"taxonomy":"post_tag","embeddable":true,"href":"https:\/\/guialimeira.com.br\/news\/wp-json\/wp\/v2\/tags?post=15604"}],"curies":[{"name":"wp","href":"https:\/\/api.w.org\/{rel}","templated":true}]}}