{"id":15583,"date":"2024-10-24T21:57:41","date_gmt":"2024-10-25T00:57:41","guid":{"rendered":"https:\/\/guialimeira.com.br\/2024\/10\/24\/mario-moreira-e-reeleito-e-ficara-na-presidencia-da-fiocruz-ate-2028\/"},"modified":"2024-10-24T21:57:41","modified_gmt":"2024-10-25T00:57:41","slug":"mario-moreira-e-reeleito-e-ficara-na-presidencia-da-fiocruz-ate-2028","status":"publish","type":"post","link":"https:\/\/guialimeira.com.br\/news\/mario-moreira-e-reeleito-e-ficara-na-presidencia-da-fiocruz-ate-2028\/","title":{"rendered":"Mario Moreira \u00e9 reeleito e ficar\u00e1 na presid\u00eancia da Fiocruz at\u00e9 2028"},"content":{"rendered":"<p> <br \/>\n<\/p>\n<div>\n<p>Com 81,8% dos votos v\u00e1lidos, o presidente da Funda\u00e7\u00e3o Oswaldo Cruz (Fiocruz), Mario Moreira, foi reeleito para o mandato de 2025-2028. Ele foi o \u00fanico a apresentar candidatura: recebeu 2.901 votos de servidores p\u00fablicos da institui\u00e7\u00e3o, em um total de 3.546.\u00a0<img data-recalc-dims=\"1\" decoding=\"async\" src=\"https:\/\/i0.wp.com\/agenciabrasil.ebc.com.br\/ebc.png?w=696&#038;ssl=1\" style=\"width:1px; height:1px; display:inline;\"\/><img data-recalc-dims=\"1\" decoding=\"async\" src=\"https:\/\/i0.wp.com\/agenciabrasil.ebc.com.br\/ebc.gif?w=696&#038;ssl=1\" style=\"width:1px; height:1px; display:inline;\"\/><\/p>\n<p>O resultado ser\u00e1 encaminhado para homologa\u00e7\u00e3o do Conselho Deliberativo, depois para a ministra da Sa\u00fade, N\u00edsia Trindade e para o presidente Luiz In\u00e1cio Lula da Silva, que decidir\u00e3o sobre a nomea\u00e7\u00e3o.<\/p>\n<p>\u201cMeu empenho vai ser em torno da manuten\u00e7\u00e3o da import\u00e2ncia da Fiocruz. Nossa institui\u00e7\u00e3o se encontra num momento de inflex\u00e3o institucional e temos que nos unir e debater para que possamos pactuar o projeto da Fiocruz do futuro. N\u00f3s temos uma responsabilidade muito grande pela frente. Temos uma heran\u00e7a nas m\u00e3os, um patrim\u00f4nio do qual n\u00e3o podemos descuidar\u201d, disse o presidente reeleito.<\/p>\n<h2>Trajet\u00f3ria\u00a0<\/h2>\n<p>Mario Moreira est\u00e1 na Fiocruz desde 1994. Ele \u00e9 doutor em Pol\u00edticas P\u00fablicas pela Universidade Federal do Paran\u00e1, com est\u00e1gio doutoral na Universidade de Coimbra, em Portugal; mestre em Sa\u00fade P\u00fablica pela Escola Nacional de Sa\u00fade P\u00fablica Sergio Arouca (Ensp\/Fiocruz); e mestre em Gest\u00e3o de Tecnologias e Inova\u00e7\u00e3o pela Universidade de Sussex, no Reino Unido.<\/p>\n<p>Em 2017, tornou-se vice-presidente de Gest\u00e3o e Desenvolvimento Institucional da Fiocruz. Foi eleito para o cargo de presidente da Fiocruz em mar\u00e7o de 2023. O processo eleitoral foi aberto para conclus\u00e3o do mandato de N\u00edsia Trindade Lima, convidada para assumir o Minist\u00e9rio da Sa\u00fade.<\/p>\n<p>\u00a0<\/p>\n<p>      <!-- Relacionada --><br \/>\n            <!-- Relacionada -->\n    <\/div>\n<p><br \/>\n<br \/><a href=\"https:\/\/agenciabrasil.ebc.com.br\/saude\/noticia\/2024-10\/mario-moreira-e-reeleito-e-ficara-na-presidencia-da-fiocruz-ate-2028\" rel=\"noopener\">Ag\u00eancia Brasil <\/a><\/p>\n","protected":false},"excerpt":{"rendered":"<p>Com 81,8% dos votos v\u00e1lidos, o presidente da Funda\u00e7\u00e3o Oswaldo Cruz (Fiocruz), Mario Moreira, foi reeleito para o mandato de 2025-2028. Ele foi o \u00fanico a apresentar candidatura: recebeu 2.901 votos de servidores p\u00fablicos da institui\u00e7\u00e3o, em um total de 3.546.\u00a0 O resultado ser\u00e1 encaminhado para homologa\u00e7\u00e3o do Conselho Deliberativo, depois para a ministra da [&hellip;]<\/p>\n","protected":false},"author":1,"featured_media":15584,"comment_status":"open","ping_status":"open","sticky":false,"template":"","format":"standard","meta":{"_jetpack_newsletter_access":"","_jetpack_dont_email_post_to_subs":false,"_jetpack_newsletter_tier_id":0,"_jetpack_memberships_contains_paywalled_content":false,"_mbp_banners":[],"_jetpack_feature_clip_id":0,"_jetpack_memberships_contains_paid_content":false,"footnotes":"","jetpack_publicize_message":"","jetpack_publicize_feature_enabled":true,"jetpack_social_post_already_shared":true,"jetpack_social_options":{"image_generator_settings":{"template":"highway","default_image_id":0,"font":"","enabled":false},"version":2},"jetpack_post_was_ever_published":false},"categories":[15],"tags":[],"class_list":["post-15583","post","type-post","status-publish","format-standard","has-post-thumbnail","category-saude"],"jetpack_publicize_connections":[],"jetpack-related-posts":[],"jetpack_shortlink":"https:\/\/wp.me\/p7Eq1F-43l","jetpack_sharing_enabled":true,"jetpack_featured_media_url":"https:\/\/i0.wp.com\/guialimeira.com.br\/news\/wp-content\/uploads\/2024\/10\/dsc7639-2.jpg?fit=1600%2C800&ssl=1","_links":{"self":[{"href":"https:\/\/guialimeira.com.br\/news\/wp-json\/wp\/v2\/posts\/15583","targetHints":{"allow":["GET"]}}],"collection":[{"href":"https:\/\/guialimeira.com.br\/news\/wp-json\/wp\/v2\/posts"}],"about":[{"href":"https:\/\/guialimeira.com.br\/news\/wp-json\/wp\/v2\/types\/post"}],"author":[{"embeddable":true,"href":"https:\/\/guialimeira.com.br\/news\/wp-json\/wp\/v2\/users\/1"}],"replies":[{"embeddable":true,"href":"https:\/\/guialimeira.com.br\/news\/wp-json\/wp\/v2\/comments?post=15583"}],"version-history":[{"count":0,"href":"https:\/\/guialimeira.com.br\/news\/wp-json\/wp\/v2\/posts\/15583\/revisions"}],"wp:featuredmedia":[{"embeddable":true,"href":"https:\/\/guialimeira.com.br\/news\/wp-json\/wp\/v2\/media\/15584"}],"wp:attachment":[{"href":"https:\/\/guialimeira.com.br\/news\/wp-json\/wp\/v2\/media?parent=15583"}],"wp:term":[{"taxonomy":"category","embeddable":true,"href":"https:\/\/guialimeira.com.br\/news\/wp-json\/wp\/v2\/categories?post=15583"},{"taxonomy":"post_tag","embeddable":true,"href":"https:\/\/guialimeira.com.br\/news\/wp-json\/wp\/v2\/tags?post=15583"}],"curies":[{"name":"wp","href":"https:\/\/api.w.org\/{rel}","templated":true}]}}