{"id":15503,"date":"2024-10-23T15:34:42","date_gmt":"2024-10-23T18:34:42","guid":{"rendered":"https:\/\/guialimeira.com.br\/2024\/10\/23\/declaracao-do-brics-pede-reforma-da-onu-e-projeta-nova-ordem-global\/"},"modified":"2024-10-23T15:34:42","modified_gmt":"2024-10-23T18:34:42","slug":"declaracao-do-brics-pede-reforma-da-onu-e-projeta-nova-ordem-global","status":"publish","type":"post","link":"https:\/\/guialimeira.com.br\/news\/declaracao-do-brics-pede-reforma-da-onu-e-projeta-nova-ordem-global\/","title":{"rendered":"Declara\u00e7\u00e3o do Brics pede reforma da ONU e projeta nova ordem global"},"content":{"rendered":"<p> <br \/>\n<\/p>\n<div>\n<p>A declara\u00e7\u00e3o oficial da 16\u00aa c\u00fapula do Brics, publicada nesta quarta-feira (23), refor\u00e7a a necessidade de reforma dos organismos internacionais, especialmente do Conselho de Seguran\u00e7a das Na\u00e7\u00f5es Unidas (ONU) e do Fundo Monet\u00e1rio Internacional (FMI), com objetivo de ampliar o poder e a voz dos pa\u00edses menos desenvolvidos.<img data-recalc-dims=\"1\" decoding=\"async\" src=\"https:\/\/i0.wp.com\/agenciabrasil.ebc.com.br\/ebc.png?w=696&#038;ssl=1\" style=\"width:1px; height:1px; display:inline;\"\/><img data-recalc-dims=\"1\" decoding=\"async\" src=\"https:\/\/i0.wp.com\/agenciabrasil.ebc.com.br\/ebc.gif?w=696&#038;ssl=1\" style=\"width:1px; height:1px; display:inline;\"\/><\/p>\n<p>Al\u00e9m disso, o documento projeta a constru\u00e7\u00e3o de uma nova ordem mundial multipolar, ou seja, fundada em v\u00e1rios centros de poder.<\/p>\n<p>Com 43 p\u00e1ginas e 134 itens, a Declara\u00e7\u00e3o de Kazan, que recebe o nome da cidade russa onde ocorre a c\u00fapula dos Brics, trata de praticamente todos\u00a0os\u00a0temas em destaque na agenda internacional, como o enfrentamento \u00e0s mudan\u00e7as clim\u00e1ticas, a gest\u00e3o da intelig\u00eancia artificial\u00a0e as\u00a0guerras em curso no planeta.<\/p>\n<p>A declara\u00e7\u00e3o conjunta enfatiza a necessidade de se promover um mundo multipolar. \u201cA multipolaridade pode expandir oportunidades pa\u00edses em desenvolvimento e de mercados emergentes para desbloquear seu potencial construtivo, garantindo benef\u00edcios para todos\u201d, diz o documento.<\/p>\n<h2>Nova realidade<\/h2>\n<p>Os pa\u00edses do Brics pedem reformas na governan\u00e7a global que reflitam a nova realidade econ\u00f4mica e geopol\u00edtica internacional. \u201cN\u00f3s apelamos \u00e0 reforma das institui\u00e7\u00f5es de\u00a0Bretton Woods, incluindo a expans\u00e3o da representa\u00e7\u00e3o de pa\u00edses em desenvolvimento e de estados emergentes em posi\u00e7\u00f5es de lideran\u00e7a para refletir sua contribui\u00e7\u00e3o para a economia global\u201d, afirma o grupo.<\/p>\n<p>Na reuni\u00e3o realizada entre os pa\u00edses membros, nesta quarta-feira (23), com a participa\u00e7\u00e3o por v\u00eddeo confer\u00eancia do presidente Luiz In\u00e1cio Lula da Silva, o presidente chin\u00eas\u00a0Xi Jinping\u00a0refor\u00e7ou a <a href=\"https:\/\/agenciabrasil.ebc.com.br\/politica\/noticia\/2024-10\/no-brics-lula-defende-meios-alternativos-para-trocas-comerciais\u00a0\" target=\"_blank\" rel=\"noopener\">necessidade de ampliar a coopera\u00e7\u00e3o<\/a> entre os pa\u00edses do Sul Global e da reforma das institui\u00e7\u00f5es internacionais.\u00a0<\/p>\n<p>\u201cO ritmo da reforma da governa\u00e7\u00e3o global tem estado em descompasso com as r\u00e1pidas mudan\u00e7as no equil\u00edbrio do poder internacional\u201d, afirmou Xi, acrescentando que a c\u00fapula \u201cestabelecer\u00e1 diretrizes claras para a coopera\u00e7\u00e3o entre os Brics e abrir\u00e1 um novo cap\u00edtulo para a unidade e intera\u00e7\u00e3o no Sul Global\u201d.<\/p>\n<p>O Sul Global \u00e9 o termo usado para se referir aos pa\u00edses pobres ou emergentes que, em sua maioria, est\u00e3o localizados no Hemisf\u00e9rio Sul do planeta. \u00a0<\/p>\n<p>Para o coordenador do Grupo de Estudos sobre o Brics da Universidade de S\u00e3o Paulo (USP), Paulo Borba Casella, a Declara\u00e7\u00e3o de Kazan inova ao citar a expans\u00e3o do bloco, que deve contar com novos membros associados. Al\u00e9m disso, acrescenta que a constru\u00e7\u00e3o do mundo multipolar ainda precisa ser organizada.\u00a0<\/p>\n<p>\u201cTer um mundo multipolar pode fazer sentido quando a gente v\u00ea a parcialidade dos Estados Unidos e das pot\u00eancias ocidentais, em especial em rela\u00e7\u00e3o \u00e0 Israel. A quest\u00e3o \u00e9 como pretendem ver organizados os pa\u00edses do BRICS Plus? A ideia pode ser boa, vai depender de como eles prop\u00f5em que isso se organize\u201d, comentou.<\/p>\n<p>A Declara\u00e7\u00e3o de Kazan afirma a inten\u00e7\u00e3o de expandir a organiza\u00e7\u00e3o do Brics. \u201cA expans\u00e3o da parceria do Brics\u00a0com pa\u00edses em desenvolvimento e mercados emergentes continuar\u00e1 a promover o esp\u00edrito de solidariedade e de verdadeira coopera\u00e7\u00e3o internacional\u201d, afirmam os pa\u00edses membros.<\/p>\n<p>O documento ainda refor\u00e7a a necessidade de mecanismos de financiamento e com\u00e9rcio em moedas locais, como forma\u00a0de fugir da depend\u00eancia do d\u00f3lar. \u201cIncentivamos o uso de moedas nacionais quando realizar transa\u00e7\u00f5es financeiras entre os pa\u00edses do BRICS e seus parceiros comerciais.\u201d<\/p>\n<h2>Guerras \u00a0<\/h2>\n<p>O texto aborda os principais conflitos em andamento hoje no mundo, desde a Ucr\u00e2nia at\u00e9 o L\u00edbano, passando pelo Sud\u00e3o e Palestina. Sobre a guerra na Faixa de Gaza, o grupo expressa preocupa\u00e7\u00e3o com a nova escalada do conflito no enclave, pede o cessar fogo imediato e a liberta\u00e7\u00e3o imediata dos ref\u00e9ns tanto de Israel quanto de palestinos, al\u00e9m de condenar o deslocamento for\u00e7ado de civis e os ataques contra instala\u00e7\u00f5es humanit\u00e1rias e infraestrutura civil.<\/p>\n<p>\u201cConfirmamos nosso apoio admiss\u00e3o do Estado da Palestina como membro pleno da ONU no contexto de um compromisso inabal\u00e1vel com o conceito de coexist\u00eancia dois estados com base no direito internacional\u201d, diz o documento.<\/p>\n<p>A Declara\u00e7\u00e3o de Kazan tamb\u00e9m expressa preocupa\u00e7\u00e3o com a situa\u00e7\u00e3o no L\u00edbano. \u201cCondenamos as mortes de civis e os enormes danos causados infraestrutura civil como resultado dos ataques israelenses contra civis \u00e1reas do L\u00edbano, apelamos ao fim imediato da guerra\u201d, afirmam os pa\u00edses, chamando de terrorismo o <a href=\"https:\/\/agenciabrasil.ebc.com.br\/internacional\/noticia\/2024-09\/pagers-do-hezbollah-explodem-matam-8-e-ferem-27-mil-no-libano\" target=\"_blank\" rel=\"noopener\">ataque de Israel usando\u00a0<em>pagers<\/em><\/a>\u00a0no L\u00edbano.\u00a0\u00a0<\/p>\n<p>\u201cCondenamos o planejado ataque terrorista para minar dispositivos de comunica\u00e7\u00e3o port\u00e1teis em Beirute em 17 de setembro de 2024, que matou e feriu dezenas de civis. Declaramos que tais ataques constituem grave viola\u00e7\u00e3o do direito internacional\u201d, afirmam.<\/p>\n<p>Sobre a guerra na Ucr\u00e2nia, iniciada com a invas\u00e3o russa em fevereiro de 2022, a Declara\u00e7\u00e3o diz que todos os estados envolvidos devem agir de acordo com os princ\u00edpios da Carta da ONU. \u201cTemos o prazer de observar ofertas apropriadas de media\u00e7\u00e3o e bons of\u00edcios, concebido para garantir uma resolu\u00e7\u00e3o pac\u00edfica do conflito atrav\u00e9s di\u00e1logo e diplomacia\u201d, afirmam.<\/p>\n<p>A declara\u00e7\u00e3o oficial da 16\u00aa c\u00fapula do Brics tamb\u00e9m faz duras cr\u00edticas as san\u00e7\u00f5es econ\u00f4micas aplicadas unilateralmente por pot\u00eancias ocidentais contra pa\u00edses. Atualmente, \u00a0Venezuela, R\u00fassia, Ir\u00e3, Cuba e China sofrem com san\u00e7\u00f5es econ\u00f4micas principalmente dos Estados Unidos (EUA).<\/p>\n<p>Para o professor de direito internacional da USP, Paulo Borba Casella, a Declara\u00e7\u00e3o omite que parte dessas san\u00e7\u00f5es \u00e9 resultado da invas\u00e3o que a R\u00fassia fez na Ucr\u00e2nia. \u201cEles fazem cara de paisagem dizendo que as san\u00e7\u00f5es s\u00e3o abusivas e n\u00e3o deveriam ser adotadas, mas esquecem de dizer porque as san\u00e7\u00f5es existem\u201d, comentou.<\/p>\n<p>      <!-- Relacionada --><\/p>\n<p>            <!-- Relacionada -->\n    <\/div>\n<p><br \/>\n<br \/><a href=\"https:\/\/agenciabrasil.ebc.com.br\/internacional\/noticia\/2024-10\/declaracao-do-brics-pede-reforma-da-onu-e-projeta-nova-ordem-global\" rel=\"noopener\">Ag\u00eancia Brasil <\/a><\/p>\n","protected":false},"excerpt":{"rendered":"<p>A declara\u00e7\u00e3o oficial da 16\u00aa c\u00fapula do Brics, publicada nesta quarta-feira (23), refor\u00e7a a necessidade de reforma dos organismos internacionais, especialmente do Conselho de Seguran\u00e7a das Na\u00e7\u00f5es Unidas (ONU) e do Fundo Monet\u00e1rio Internacional (FMI), com objetivo de ampliar o poder e a voz dos pa\u00edses menos desenvolvidos. Al\u00e9m disso, o documento projeta a constru\u00e7\u00e3o [&hellip;]<\/p>\n","protected":false},"author":1,"featured_media":15154,"comment_status":"open","ping_status":"open","sticky":false,"template":"","format":"standard","meta":{"_jetpack_newsletter_access":"","_jetpack_dont_email_post_to_subs":false,"_jetpack_newsletter_tier_id":0,"_jetpack_memberships_contains_paywalled_content":false,"_mbp_banners":[],"_jetpack_feature_clip_id":0,"_jetpack_memberships_contains_paid_content":false,"footnotes":"","jetpack_publicize_message":"","jetpack_publicize_feature_enabled":true,"jetpack_social_post_already_shared":true,"jetpack_social_options":{"image_generator_settings":{"template":"highway","default_image_id":0,"font":"","enabled":false},"version":2},"jetpack_post_was_ever_published":false},"categories":[25],"tags":[],"class_list":["post-15503","post","type-post","status-publish","format-standard","has-post-thumbnail","category-internacional"],"jetpack_publicize_connections":[],"jetpack-related-posts":[],"jetpack_shortlink":"https:\/\/wp.me\/p7Eq1F-423","jetpack_sharing_enabled":true,"jetpack_featured_media_url":"https:\/\/i0.wp.com\/guialimeira.com.br\/news\/wp-content\/uploads\/2024\/10\/izobrazhenie-whatsapp-2024_09_26-v-15.46.29_315803c8.jpg?fit=1600%2C800&ssl=1","_links":{"self":[{"href":"https:\/\/guialimeira.com.br\/news\/wp-json\/wp\/v2\/posts\/15503","targetHints":{"allow":["GET"]}}],"collection":[{"href":"https:\/\/guialimeira.com.br\/news\/wp-json\/wp\/v2\/posts"}],"about":[{"href":"https:\/\/guialimeira.com.br\/news\/wp-json\/wp\/v2\/types\/post"}],"author":[{"embeddable":true,"href":"https:\/\/guialimeira.com.br\/news\/wp-json\/wp\/v2\/users\/1"}],"replies":[{"embeddable":true,"href":"https:\/\/guialimeira.com.br\/news\/wp-json\/wp\/v2\/comments?post=15503"}],"version-history":[{"count":0,"href":"https:\/\/guialimeira.com.br\/news\/wp-json\/wp\/v2\/posts\/15503\/revisions"}],"wp:featuredmedia":[{"embeddable":true,"href":"https:\/\/guialimeira.com.br\/news\/wp-json\/wp\/v2\/media\/15154"}],"wp:attachment":[{"href":"https:\/\/guialimeira.com.br\/news\/wp-json\/wp\/v2\/media?parent=15503"}],"wp:term":[{"taxonomy":"category","embeddable":true,"href":"https:\/\/guialimeira.com.br\/news\/wp-json\/wp\/v2\/categories?post=15503"},{"taxonomy":"post_tag","embeddable":true,"href":"https:\/\/guialimeira.com.br\/news\/wp-json\/wp\/v2\/tags?post=15503"}],"curies":[{"name":"wp","href":"https:\/\/api.w.org\/{rel}","templated":true}]}}