{"id":15427,"date":"2024-10-21T17:44:39","date_gmt":"2024-10-21T20:44:39","guid":{"rendered":"https:\/\/guialimeira.com.br\/2024\/10\/21\/campinas-registra-24-casos-de-coqueluche-desde-janeiro-deste-ano\/"},"modified":"2024-10-21T17:44:39","modified_gmt":"2024-10-21T20:44:39","slug":"campinas-registra-24-casos-de-coqueluche-desde-janeiro-deste-ano","status":"publish","type":"post","link":"https:\/\/guialimeira.com.br\/news\/campinas-registra-24-casos-de-coqueluche-desde-janeiro-deste-ano\/","title":{"rendered":"Campinas registra 24 casos de coqueluche desde janeiro deste ano"},"content":{"rendered":"<p> <br \/>\n<\/p>\n<div>\n<p>A cidade de Campinas, localizada a noroeste de S\u00e3o Paulo, registrou 24 casos de coqueluche desde janeiro deste ano, o maior n\u00famero desde 2019. Antes desta data, foram registrados 54 em 2018, 124 em 2014 e 88 em 2012. A prefeitura alerta os cidad\u00e3os a tomarem a vacina como medida de preven\u00e7\u00e3o, uma vez que nas crian\u00e7as de at\u00e9 cinco meses a doen\u00e7a se apresenta na forma mais grave e pode ser fatal.<img data-recalc-dims=\"1\" decoding=\"async\" src=\"https:\/\/i0.wp.com\/agenciabrasil.ebc.com.br\/ebc.png?w=696&#038;ssl=1\" style=\"width:1px; height:1px; display:inline;\"\/><img data-recalc-dims=\"1\" decoding=\"async\" src=\"https:\/\/i0.wp.com\/agenciabrasil.ebc.com.br\/ebc.gif?w=696&#038;ssl=1\" style=\"width:1px; height:1px; display:inline;\"\/><\/p>\n<p>A coqueluche \u00e9 uma infec\u00e7\u00e3o respirat\u00f3ria, transmiss\u00edvel e causada pela bact\u00e9ria Bordetella Pertussis. Ela compromete o aparelho respirat\u00f3rio, traqueia e br\u00f4nquios, e se caracteriza por ataques de tosse seca. Presente no mundo todo, a doen\u00e7a\u00a0\u00e9 transmitida por tosse, espirro ou fala de pessoa contaminada. Os sintomas podem se manifestar em tr\u00eas n\u00edveis. No primeiro, o mais leve, os sintomas s\u00e3o parecidos com os de um resfriado e incluem mal-estar geral, corrimento nasal, tosse seca e febre baixa. Esses sintomas iniciais podem durar semanas, per\u00edodo em que a pessoa tamb\u00e9m est\u00e1 mais suscet\u00edvel a transmitir a doen\u00e7a.<\/p>\n<p>No est\u00e1gio intermedi\u00e1rio da coqueluche, a tosse seca piora e outros sinais aparecem e a tosse passa de leve e seca para severa e descontrolada, podendo comprometer a respira\u00e7\u00e3o. As crises de tosse podem provocar ainda v\u00f4mito ou cansa\u00e7o extremo. Geralmente, os sinais e sintomas da coqueluche duram entre seis e dez semanas.<\/p>\n<p>\u201cA coqueluche, conhecida tamb\u00e9m como \u2018tosse comprida\u2019, \u00e9 uma doen\u00e7a que pode se manifestar de forma grave, principalmente em crian\u00e7as menores de 6 meses, tendo sido uma causa importante de \u00f3bito no passado, quando n\u00e3o havia vacina. \u00c9 muito importante que todos os profissionais de sa\u00fade estejam atentos, notifiquem e investiguem os casos de crian\u00e7as com tosse parox\u00edstica [intensa e r\u00e1pida] para tratamento adequado, e que os pais mantenham sempre em dia a vacina\u00e7\u00e3o de seus filhos\u201d, explica a m\u00e9dica infectologista da Secretaria Municipal de Sa\u00fade de Campinas, Val\u00e9ria de Almeida.<\/p>\n<p>Segundo os dados da Secretaria de Sa\u00fade do munic\u00edpio, no ano passado, a cobertura da dose pentavalente em Campinas ficou em 94,97%. A meta \u00e9 95% e a dose considerada pela Sa\u00fade como indicador \u00e9 a terceira do esquema prim\u00e1rio para crian\u00e7as. A vacina pentavalente protege contra a coqueluche, a difteria, o t\u00e9tano, a hepatite B e o Haemophilus influenzae do tipo B, que causa meningite.<\/p>\n<p>A vacina \u00e9 disponibilizada pelo Sistema \u00danico de Sa\u00fade (SUS) e o esquema prim\u00e1rio inclui tr\u00eas pentavalente aos 2, 4 e 6 meses. Em seguida h\u00e1 refor\u00e7os com DTP, que protege contra difteria, t\u00e9tano e pertussis &#8211; tr\u00edplice bacteriana. \u201cA vacina \u00e9 segura e a aplica\u00e7\u00e3o em gestantes estimula a produ\u00e7\u00e3o de anticorpos maternos contra a coqueluche que passam pela placenta e protegem diretamente a crian\u00e7a nos primeiros meses de vida, e indiretamente pela diminui\u00e7\u00e3o do risco de infec\u00e7\u00e3o da m\u00e3e\u201d.<\/p>\n<h2>Imuniza\u00e7\u00e3o ampliada<\/h2>\n<p>Em meio a tantos surtos de coqueluche, o Minist\u00e9rio da Sa\u00fade publicou neste m\u00eas nota t\u00e9cnica em que recomenda ampliar, em car\u00e1ter excepcional, e intensificar a vacina\u00e7\u00e3o contra a doen\u00e7a no Brasil. A pasta pede ainda que estados e munic\u00edpios fortale\u00e7am a\u00e7\u00f5es de vigil\u00e2ncia epidemiol\u00f3gica para casos de coqueluche.<\/p>\n<p>O documento amplia a indica\u00e7\u00e3o de uso da vacina dTpa (tr\u00edplice bacteriana acelular tipo adulto), que combate difteria, t\u00e9tano e coqueluche, para trabalhadores da sa\u00fade que atuam em servi\u00e7os de sa\u00fade p\u00fablicos e privados, ambulatorial e hospitalar, com atendimento em ginecologia e obstetr\u00edcia; parto e p\u00f3s-parto imediato, incluindo casas de parto; UTIs e UCIs, ber\u00e7\u00e1rios (baixo, m\u00e9dio e alto risco) e pediatria.<\/p>\n<p>Ainda de acordo com a nota t\u00e9cnica, profissionais que atuam como doulas, acompanhando gestantes durante os per\u00edodos de gravidez, parto e p\u00f3s-parto; al\u00e9m de trabalhadores que atuam em ber\u00e7\u00e1rios e creches onde h\u00e1 atendimento de crian\u00e7as com at\u00e9 4 anos, tamb\u00e9m devem ser imunizados contra a coqueluche.<\/p>\n<p>A administra\u00e7\u00e3o da dose nesse p\u00fablico deve considerar o hist\u00f3rico vacinal contra difteria e t\u00e9tano (dT). Pessoas com o esquema vacinal completo devem receber uma dose da dTpa, mesmo que a \u00faltima imuniza\u00e7\u00e3o tenha ocorrido h\u00e1 menos de dez anos. J\u00e1 os que t\u00eam menos de tr\u00eas doses administradas devem receber uma dose de dTpa e completar o esquema com uma ou duas doses de dT.<\/p>\n<h2>Imunidade<\/h2>\n<p>Nas crian\u00e7as, a imunidade \u00e0 doen\u00e7a \u00e9 adquirida apenas quando administradas as tr\u00eas doses da vacina, sendo necess\u00e1ria a realiza\u00e7\u00e3o dos refor\u00e7os aos 15 meses e aos 4 anos de idade. Beb\u00eas menores de 6 meses podem apresentar complica\u00e7\u00f5es pela coqueluche e o quadro pode levar \u00e0 morte.<\/p>\n<p>O minist\u00e9rio alerta que um adulto, mesmo tendo sido vacinado quando beb\u00ea, pode se tornar suscet\u00edvel novamente \u00e0 coqueluche, j\u00e1 que a vacina pode perder o efeito com o passar do tempo. Por conta do risco de exposi\u00e7\u00e3o, a imuniza\u00e7\u00e3o de crian\u00e7as j\u00e1 nos primeiros meses de vida \u00e9 t\u00e3o importante.<\/p>\n<p>      <!-- Relacionada --><\/p>\n<p>            <!-- Relacionada -->\n    <\/div>\n<p><br \/>\n<br \/><a href=\"https:\/\/agenciabrasil.ebc.com.br\/saude\/noticia\/2024-10\/campinas-registra-24-casos-de-coqueluche-desde-janeiro-deste-ano\" rel=\"noopener\">Ag\u00eancia Brasil <\/a><\/p>\n","protected":false},"excerpt":{"rendered":"<p>A cidade de Campinas, localizada a noroeste de S\u00e3o Paulo, registrou 24 casos de coqueluche desde janeiro deste ano, o maior n\u00famero desde 2019. Antes desta data, foram registrados 54 em 2018, 124 em 2014 e 88 em 2012. A prefeitura alerta os cidad\u00e3os a tomarem a vacina como medida de preven\u00e7\u00e3o, uma vez que [&hellip;]<\/p>\n","protected":false},"author":1,"featured_media":15428,"comment_status":"open","ping_status":"open","sticky":false,"template":"","format":"standard","meta":{"_jetpack_newsletter_access":"","_jetpack_dont_email_post_to_subs":false,"_jetpack_newsletter_tier_id":0,"_jetpack_memberships_contains_paywalled_content":false,"_mbp_banners":[],"_jetpack_feature_clip_id":0,"_jetpack_memberships_contains_paid_content":false,"footnotes":"","jetpack_publicize_message":"","jetpack_publicize_feature_enabled":true,"jetpack_social_post_already_shared":true,"jetpack_social_options":{"image_generator_settings":{"template":"highway","default_image_id":0,"font":"","enabled":false},"version":2},"jetpack_post_was_ever_published":false},"categories":[15],"tags":[],"class_list":["post-15427","post","type-post","status-publish","format-standard","has-post-thumbnail","category-saude"],"jetpack_publicize_connections":[],"jetpack-related-posts":[],"jetpack_shortlink":"https:\/\/wp.me\/p7Eq1F-40P","jetpack_sharing_enabled":true,"jetpack_featured_media_url":"https:\/\/i0.wp.com\/guialimeira.com.br\/news\/wp-content\/uploads\/2024\/10\/trbr6447.jpg?fit=1600%2C800&ssl=1","_links":{"self":[{"href":"https:\/\/guialimeira.com.br\/news\/wp-json\/wp\/v2\/posts\/15427","targetHints":{"allow":["GET"]}}],"collection":[{"href":"https:\/\/guialimeira.com.br\/news\/wp-json\/wp\/v2\/posts"}],"about":[{"href":"https:\/\/guialimeira.com.br\/news\/wp-json\/wp\/v2\/types\/post"}],"author":[{"embeddable":true,"href":"https:\/\/guialimeira.com.br\/news\/wp-json\/wp\/v2\/users\/1"}],"replies":[{"embeddable":true,"href":"https:\/\/guialimeira.com.br\/news\/wp-json\/wp\/v2\/comments?post=15427"}],"version-history":[{"count":0,"href":"https:\/\/guialimeira.com.br\/news\/wp-json\/wp\/v2\/posts\/15427\/revisions"}],"wp:featuredmedia":[{"embeddable":true,"href":"https:\/\/guialimeira.com.br\/news\/wp-json\/wp\/v2\/media\/15428"}],"wp:attachment":[{"href":"https:\/\/guialimeira.com.br\/news\/wp-json\/wp\/v2\/media?parent=15427"}],"wp:term":[{"taxonomy":"category","embeddable":true,"href":"https:\/\/guialimeira.com.br\/news\/wp-json\/wp\/v2\/categories?post=15427"},{"taxonomy":"post_tag","embeddable":true,"href":"https:\/\/guialimeira.com.br\/news\/wp-json\/wp\/v2\/tags?post=15427"}],"curies":[{"name":"wp","href":"https:\/\/api.w.org\/{rel}","templated":true}]}}