{"id":15416,"date":"2024-10-21T14:46:59","date_gmt":"2024-10-21T17:46:59","guid":{"rendered":"https:\/\/guialimeira.com.br\/2024\/10\/21\/ucrania-nao-sera-tema-do-brics-diz-chanceler-brasileiro\/"},"modified":"2024-10-21T14:46:59","modified_gmt":"2024-10-21T17:46:59","slug":"ucrania-nao-sera-tema-do-brics-diz-chanceler-brasileiro","status":"publish","type":"post","link":"https:\/\/guialimeira.com.br\/news\/ucrania-nao-sera-tema-do-brics-diz-chanceler-brasileiro\/","title":{"rendered":"Ucr\u00e2nia n\u00e3o ser\u00e1 tema do Brics, diz chanceler brasileiro"},"content":{"rendered":"<p> <br \/>\n<\/p>\n<div>\n<p>Ao chegar \u00e0 R\u00fassia na manh\u00e3 desta segunda-feira (21), o ministro das Rela\u00e7\u00f5es Exteriores do Brasil, o chanceler Mauro Vieira, foi questionado por jornalistas se a Ucr\u00e2nia seria tema de discuss\u00e3o na 16\u00aa c\u00fapula do\u00a0Brics, que ocorre entre esta ter\u00e7a (22) e quinta-feira (24).<img data-recalc-dims=\"1\" decoding=\"async\" src=\"https:\/\/i0.wp.com\/agenciabrasil.ebc.com.br\/ebc.png?w=696&#038;ssl=1\" style=\"width:1px; height:1px; display:inline;\"\/><img data-recalc-dims=\"1\" decoding=\"async\" src=\"https:\/\/i0.wp.com\/agenciabrasil.ebc.com.br\/ebc.gif?w=696&#038;ssl=1\" style=\"width:1px; height:1px; display:inline;\"\/><\/p>\n<p>\u201cAqui nos Brics o tema \u00e9 a coopera\u00e7\u00e3o dos Brics\u201d, respondeu o chanceler brasileiro. De acordo com Vieira, a agenda \u00e9 voltada para fortalecer a parceria entre os pa\u00edses membros, o que inclui a R\u00fassia que, desde fevereiro de 2022, est\u00e1 em guerra contra a Ucr\u00e2nia.<\/p>\n<p>Vieira acrescentou que a c\u00fapula deve se concentrar na discuss\u00e3o sobre a modalidade de membro associado do bloco. At\u00e9 ent\u00e3o, cerca de <a href=\"https:\/\/agenciabrasil.ebc.com.br\/internacional\/noticia\/2024-10\/cupula-do-brics-define-criterios-para-paises-se-associarem-ao-bloco\" target=\"_blank\" rel=\"noopener\">30 pa\u00edses manifestaram interesse<\/a> em ingressar no grupo.\u00a0<\/p>\n<p>\u201cO Brics, com a expans\u00e3o, \u00e9 um processo em forma\u00e7\u00e3o e os chefes de Estado v\u00e3o discutir todos os temas que est\u00e3o na agenda, que s\u00e3o os novos parceiros e as modalidades [de participa\u00e7\u00e3o no bloco]\u201d, explicou o chefe da delega\u00e7\u00e3o brasileira.<\/p>\n<p>Questionado por jornalistas sobre se a Venezuela teria chances de ingressar no grupo como membro associado, Mauro Vieira respondeu que \u201ctodos os pa\u00edses candidatos t\u00eam [chance]&#8221;.<\/p>\n<p>Segundo a diplomacia brasileira, um dos destaques da c\u00fapula deste ano \u00e9 a defini\u00e7\u00e3o dos crit\u00e9rios para que novos membros ingressem no bloco, n\u00e3o como membros permanentes, mas como membros associados. Ap\u00f3s definidos os crit\u00e9rios, a expectativa \u00e9 que os novos membros associados sejam anunciados.\u00a0<\/p>\n<p>O ministro Mauro Vieira foi designado para representar o pa\u00eds depois que o presidente Luiz In\u00e1cio Lula da Silva sofreu um acidente dom\u00e9stico no s\u00e1bado (19) e os m\u00e9dicos recomendaram que ele evitasse viagens longas.\u00a0<\/p>\n<p>Este ser\u00e1 o primeiro encontro do\u00a0Brics com os novos membros que ingressaram no bloco neste ano. Formado at\u00e9 ent\u00e3o por Brasil, R\u00fassia, \u00cdndia, China e \u00c1frica do Sul, o Brics agora conta tamb\u00e9m com Ir\u00e3, Ar\u00e1bia Saudita, Emirados \u00c1rabes Unidos, Egito e Eti\u00f3pia como membros plenos.<\/p>\n<h2>C\u00fapula Brics<\/h2>\n<p>O governo russo informou que 32 pa\u00edses confirmaram presen\u00e7a no evento, sendo 23\u00a0representados por l\u00edderes de Estado.<\/p>\n<p>Os membros do bloco tamb\u00e9m devem discutir medidas para <a href=\"https:\/\/agenciabrasil.ebc.com.br\/internacional\/noticia\/2024-10\/cupula-do-brics-na-russia-mira-alternativa-ao-dolar-e-ao-fmi\" target=\"_blank\" rel=\"noopener\">reduzir a depend\u00eancia do d\u00f3lar<\/a> no com\u00e9rcio entre os pa\u00edses, al\u00e9m de a\u00e7\u00f5es para fortalecer institui\u00e7\u00f5es financeiras alternativas ao Fundo Monet\u00e1rio Internacional (FMI) e ao Banco Mundial, controlados principalmente por pot\u00eancias ocidentais.\u00a0<\/p>\n<p>Estima-se que o Brics concentre cerca de 36% do Produto Interno Bruto (PIB) global, superando o G7, grupo das maiores economias do planeta com Estados Unidos, Fran\u00e7a, Reino Unido e Alemanha, que concentra cerca de 30% do PIB mundial. Al\u00e9m disso, o Brics concentra cerca de 42% da popula\u00e7\u00e3o mundial.<\/p>\n<p>\u00a0<\/p>\n<p>      <!-- Relacionada --><\/p>\n<p>            <!-- Relacionada -->\n    <\/div>\n<p><br \/>\n<br \/><a href=\"https:\/\/agenciabrasil.ebc.com.br\/internacional\/noticia\/2024-10\/ucrania-nao-sera-tema-do-brics-diz-chanceler-brasileiro\" rel=\"noopener\">Ag\u00eancia Brasil <\/a><\/p>\n","protected":false},"excerpt":{"rendered":"<p>Ao chegar \u00e0 R\u00fassia na manh\u00e3 desta segunda-feira (21), o ministro das Rela\u00e7\u00f5es Exteriores do Brasil, o chanceler Mauro Vieira, foi questionado por jornalistas se a Ucr\u00e2nia seria tema de discuss\u00e3o na 16\u00aa c\u00fapula do\u00a0Brics, que ocorre entre esta ter\u00e7a (22) e quinta-feira (24). \u201cAqui nos Brics o tema \u00e9 a coopera\u00e7\u00e3o dos Brics\u201d, respondeu [&hellip;]<\/p>\n","protected":false},"author":1,"featured_media":15178,"comment_status":"open","ping_status":"open","sticky":false,"template":"","format":"standard","meta":{"_jetpack_newsletter_access":"","_jetpack_dont_email_post_to_subs":false,"_jetpack_newsletter_tier_id":0,"_jetpack_memberships_contains_paywalled_content":false,"_mbp_banners":[],"_jetpack_feature_clip_id":0,"_jetpack_memberships_contains_paid_content":false,"footnotes":"","jetpack_publicize_message":"","jetpack_publicize_feature_enabled":true,"jetpack_social_post_already_shared":true,"jetpack_social_options":{"image_generator_settings":{"template":"highway","default_image_id":0,"font":"","enabled":false},"version":2},"jetpack_post_was_ever_published":false},"categories":[25],"tags":[],"class_list":["post-15416","post","type-post","status-publish","format-standard","has-post-thumbnail","category-internacional"],"jetpack_publicize_connections":[],"jetpack-related-posts":[],"jetpack_shortlink":"https:\/\/wp.me\/p7Eq1F-40E","jetpack_sharing_enabled":true,"jetpack_featured_media_url":"https:\/\/i0.wp.com\/guialimeira.com.br\/news\/wp-content\/uploads\/2024\/10\/mg_1828.jpg?fit=1600%2C800&ssl=1","_links":{"self":[{"href":"https:\/\/guialimeira.com.br\/news\/wp-json\/wp\/v2\/posts\/15416","targetHints":{"allow":["GET"]}}],"collection":[{"href":"https:\/\/guialimeira.com.br\/news\/wp-json\/wp\/v2\/posts"}],"about":[{"href":"https:\/\/guialimeira.com.br\/news\/wp-json\/wp\/v2\/types\/post"}],"author":[{"embeddable":true,"href":"https:\/\/guialimeira.com.br\/news\/wp-json\/wp\/v2\/users\/1"}],"replies":[{"embeddable":true,"href":"https:\/\/guialimeira.com.br\/news\/wp-json\/wp\/v2\/comments?post=15416"}],"version-history":[{"count":0,"href":"https:\/\/guialimeira.com.br\/news\/wp-json\/wp\/v2\/posts\/15416\/revisions"}],"wp:featuredmedia":[{"embeddable":true,"href":"https:\/\/guialimeira.com.br\/news\/wp-json\/wp\/v2\/media\/15178"}],"wp:attachment":[{"href":"https:\/\/guialimeira.com.br\/news\/wp-json\/wp\/v2\/media?parent=15416"}],"wp:term":[{"taxonomy":"category","embeddable":true,"href":"https:\/\/guialimeira.com.br\/news\/wp-json\/wp\/v2\/categories?post=15416"},{"taxonomy":"post_tag","embeddable":true,"href":"https:\/\/guialimeira.com.br\/news\/wp-json\/wp\/v2\/tags?post=15416"}],"curies":[{"name":"wp","href":"https:\/\/api.w.org\/{rel}","templated":true}]}}