{"id":15410,"date":"2024-10-21T10:42:41","date_gmt":"2024-10-21T13:42:41","guid":{"rendered":"https:\/\/guialimeira.com.br\/2024\/10\/21\/chanceler-mauro-vieira-chefia-delegacao-do-brasil-na-cupula-do-brics\/"},"modified":"2024-10-21T10:42:41","modified_gmt":"2024-10-21T13:42:41","slug":"chanceler-mauro-vieira-chefia-delegacao-do-brasil-na-cupula-do-brics","status":"publish","type":"post","link":"https:\/\/guialimeira.com.br\/news\/chanceler-mauro-vieira-chefia-delegacao-do-brasil-na-cupula-do-brics\/","title":{"rendered":"Chanceler Mauro Vieira chefia delega\u00e7\u00e3o do Brasil na C\u00fapula do Brics"},"content":{"rendered":"<p> <br \/>\n<\/p>\n<div>\n<p>O ministro das Rela\u00e7\u00f5es Exteriores do Brasil, o chanceler Mauro Vieira, vai chefiar a delega\u00e7\u00e3o brasileira na c\u00fapula dos Brics em Kazan, na R\u00fassia, entre esta ter\u00e7a (22) e quinta-feira (24). O ministro foi designado para representar o pa\u00eds depois que o presidente Luiz In\u00e1cio Lula da Silva sofreu um acidente dom\u00e9stico no s\u00e1bado (19).<img data-recalc-dims=\"1\" decoding=\"async\" src=\"https:\/\/i0.wp.com\/agenciabrasil.ebc.com.br\/ebc.png?w=696&#038;ssl=1\" style=\"width:1px; height:1px; display:inline;\"\/><img data-recalc-dims=\"1\" decoding=\"async\" src=\"https:\/\/i0.wp.com\/agenciabrasil.ebc.com.br\/ebc.gif?w=696&#038;ssl=1\" style=\"width:1px; height:1px; display:inline;\"\/><\/p>\n<p>Os m\u00e9dicos recomendaram, por precau\u00e7\u00e3o, que Lula evite viagens de longas dist\u00e2ncias. O <a href=\"https:\/\/agenciabrasil.ebc.com.br\/internacional\/noticia\/2024-10\/lula-cancela-ida-ao-brics-na-russia-apos-acidente-domestico\" target=\"_blank\" rel=\"noopener\">presidente segue trabalhando normalmente em Bras\u00edlia<\/a> nesta semana e participa da reuni\u00e3o de chefes de Estado da c\u00fapula dos Brics por videoconfer\u00eancia.<\/p>\n<p>A R\u00fassia, que preside os Brics neste ano, informou que 32 pa\u00edses confirmaram presen\u00e7a na c\u00fapula em Kaza, sendo 23 chefes de Estado. Dos dez membros plenos, apenas o Brasil e a Ar\u00e1bia Saudita n\u00e3o v\u00e3o enviar o representante m\u00e1ximo da na\u00e7\u00e3o. Os sauditas tamb\u00e9m v\u00e3o enviar o ministro das rela\u00e7\u00f5es exteriores.<\/p>\n<p>Este ser\u00e1 o primeiro encontro dos Brics com os novos membros que ingressaram no bloco neste ano. Formado at\u00e9 ent\u00e3o por Brasil, R\u00fassia, \u00cdndia, China e \u00c1frica do Sul, o Brics agora conta tamb\u00e9m com Ir\u00e3, Ar\u00e1bia Saudita, Emirados \u00c1rabes Unidos, Egito e Eti\u00f3pia como membros plenos.<\/p>\n<p>Al\u00e9m disso, existe a expectativa de novos parceiros serem anunciados como membros associados. \u201c\u00c9 nisso que \u00e9 consumido o nosso trabalho neste semestre, quais s\u00e3o os <a href=\"https:\/\/agenciabrasil.ebc.com.br\/internacional\/noticia\/2024-10\/cupula-do-brics-define-criterios-para-paises-se-associarem-ao-bloco\" target=\"_blank\" rel=\"noopener\">crit\u00e9rios para essa modalidade<\/a>, e h\u00e1 uma expectativa de que, aprovada essa modalidade, possa ser feito um an\u00fancio dos pa\u00edses que seriam convidados para integrar essa categoria&#8221;, disse o embaixador Eduardo Paes Saboia, secret\u00e1rio de \u00c1sia e Pac\u00edfico do Itamaraty.<\/p>\n<p>Os membros do bloco tamb\u00e9m devem discutir medidas para reduzir a <a href=\"https:\/\/agenciabrasil.ebc.com.br\/internacional\/noticia\/2024-10\/cupula-do-brics-na-russia-mira-alternativa-ao-dolar-e-ao-fmi\" target=\"_blank\" rel=\"noopener\">depend\u00eancia do d\u00f3lar no com\u00e9rcio entre os pa\u00edses<\/a>, al\u00e9m de a\u00e7\u00f5es para fortalecer institui\u00e7\u00f5es financeiras alternativas ao Fundo Monet\u00e1rio Internacional (FMI) e ao Banco Mundial, controlados principalmente por pot\u00eancias ocidentais.<\/p>\n<p>Para especialistas consultados pela <strong>Ag\u00eancia Brasil<\/strong>, os Brics t\u00eam o papel de contornar as dificuldades impostas pelos Estados Unidos (EUA) e seus aliados ao <a href=\"https:\/\/agenciabrasil.ebc.com.br\/economia\/noticia\/2024-10\/brics-contorna-barreiras-dos-eua-em-disputa-tecnologica-com-china\" target=\"_blank\" rel=\"noopener\">avan\u00e7o comercial e tecnol\u00f3gica da China<\/a>.<\/p>\n<p>Pa\u00edses que sofrem bloqueios econ\u00f4micos de pot\u00eancias ocidentais &#8211; como Ir\u00e3 e R\u00fassia &#8211; tamb\u00e9m precisam do bloco para contornar a asfixia financeira das san\u00e7\u00f5es. Enquanto isso, Brasil deve se equilibrar entre os dois principais blocos geopol\u00edticos em disputa para colher benef\u00edcios comerciais e tecnol\u00f3gicos.<\/p>\n<p>Estima-se que o Brics concentre cerca de 36% do Produto Interno Bruto (PIB) global, superando o G7, grupo das maiores economias do planeta com Estados Unidos, Fran\u00e7a, Reino Unido e Alemanha, que concentra cerca de 30% do PIB mundial. Al\u00e9m disso, o Brics concentra cerca de 42% da popula\u00e7\u00e3o mundial.<\/p>\n<p>\u00a0<\/p>\n<p>      <!-- Relacionada --><\/p>\n<p>            <!-- Relacionada -->\n    <\/div>\n<p><br \/>\n<br \/><a href=\"https:\/\/agenciabrasil.ebc.com.br\/internacional\/noticia\/2024-10\/chanceler-mauro-vieira-chefia-delegacao-do-brasil-na-cupula-do-brics\" rel=\"noopener\">Ag\u00eancia Brasil <\/a><\/p>\n","protected":false},"excerpt":{"rendered":"<p>O ministro das Rela\u00e7\u00f5es Exteriores do Brasil, o chanceler Mauro Vieira, vai chefiar a delega\u00e7\u00e3o brasileira na c\u00fapula dos Brics em Kazan, na R\u00fassia, entre esta ter\u00e7a (22) e quinta-feira (24). O ministro foi designado para representar o pa\u00eds depois que o presidente Luiz In\u00e1cio Lula da Silva sofreu um acidente dom\u00e9stico no s\u00e1bado (19). [&hellip;]<\/p>\n","protected":false},"author":1,"featured_media":15411,"comment_status":"open","ping_status":"open","sticky":false,"template":"","format":"standard","meta":{"_jetpack_newsletter_access":"","_jetpack_dont_email_post_to_subs":false,"_jetpack_newsletter_tier_id":0,"_jetpack_memberships_contains_paywalled_content":false,"_mbp_banners":[],"_jetpack_feature_clip_id":0,"_jetpack_memberships_contains_paid_content":false,"footnotes":"","jetpack_publicize_message":"","jetpack_publicize_feature_enabled":true,"jetpack_social_post_already_shared":true,"jetpack_social_options":{"image_generator_settings":{"template":"highway","default_image_id":0,"font":"","enabled":false},"version":2},"jetpack_post_was_ever_published":false},"categories":[25],"tags":[],"class_list":["post-15410","post","type-post","status-publish","format-standard","has-post-thumbnail","category-internacional"],"jetpack_publicize_connections":[],"jetpack-related-posts":[],"jetpack_shortlink":"https:\/\/wp.me\/p7Eq1F-40y","jetpack_sharing_enabled":true,"jetpack_featured_media_url":"https:\/\/i0.wp.com\/guialimeira.com.br\/news\/wp-content\/uploads\/2024\/10\/0d7a1541.jpg?fit=1600%2C800&ssl=1","_links":{"self":[{"href":"https:\/\/guialimeira.com.br\/news\/wp-json\/wp\/v2\/posts\/15410","targetHints":{"allow":["GET"]}}],"collection":[{"href":"https:\/\/guialimeira.com.br\/news\/wp-json\/wp\/v2\/posts"}],"about":[{"href":"https:\/\/guialimeira.com.br\/news\/wp-json\/wp\/v2\/types\/post"}],"author":[{"embeddable":true,"href":"https:\/\/guialimeira.com.br\/news\/wp-json\/wp\/v2\/users\/1"}],"replies":[{"embeddable":true,"href":"https:\/\/guialimeira.com.br\/news\/wp-json\/wp\/v2\/comments?post=15410"}],"version-history":[{"count":0,"href":"https:\/\/guialimeira.com.br\/news\/wp-json\/wp\/v2\/posts\/15410\/revisions"}],"wp:featuredmedia":[{"embeddable":true,"href":"https:\/\/guialimeira.com.br\/news\/wp-json\/wp\/v2\/media\/15411"}],"wp:attachment":[{"href":"https:\/\/guialimeira.com.br\/news\/wp-json\/wp\/v2\/media?parent=15410"}],"wp:term":[{"taxonomy":"category","embeddable":true,"href":"https:\/\/guialimeira.com.br\/news\/wp-json\/wp\/v2\/categories?post=15410"},{"taxonomy":"post_tag","embeddable":true,"href":"https:\/\/guialimeira.com.br\/news\/wp-json\/wp\/v2\/tags?post=15410"}],"curies":[{"name":"wp","href":"https:\/\/api.w.org\/{rel}","templated":true}]}}