{"id":15401,"date":"2024-10-20T18:26:02","date_gmt":"2024-10-20T21:26:02","guid":{"rendered":"https:\/\/guialimeira.com.br\/2024\/10\/20\/lula-cancela-ida-ao-brics-na-russia-apos-sofrer-acidente-domestico\/"},"modified":"2024-10-20T18:26:02","modified_gmt":"2024-10-20T21:26:02","slug":"lula-cancela-ida-ao-brics-na-russia-apos-sofrer-acidente-domestico","status":"publish","type":"post","link":"https:\/\/guialimeira.com.br\/news\/lula-cancela-ida-ao-brics-na-russia-apos-sofrer-acidente-domestico\/","title":{"rendered":"Lula cancela ida ao Brics na R\u00fassia ap\u00f3s sofrer acidente dom\u00e9stico"},"content":{"rendered":"<p> <br \/>\n<\/p>\n<div>\n<p>O presidente Luiz In\u00e1cio Lula da Silva cancelou sua ida \u00e0 Kazan, na R\u00fassia, para participar da 16\u00aa C\u00fapula de l\u00edderes do Brics. O presidente sofreu uma queda nesse s\u00e1bado (19) em que bateu a cabe\u00e7a, levando cinco pontos. A avalia\u00e7\u00e3o da equipe m\u00e9dica do Hospital S\u00edrio-Liban\u00eas, de Bras\u00edlia, que atendeu o presidente recomendou, por precau\u00e7\u00e3o, evitar viagens de longa dist\u00e2ncia.<img data-recalc-dims=\"1\" decoding=\"async\" src=\"https:\/\/i0.wp.com\/agenciabrasil.ebc.com.br\/ebc.png?w=696&#038;ssl=1\" style=\"width:1px; height:1px; display:inline;\"\/><img data-recalc-dims=\"1\" decoding=\"async\" src=\"https:\/\/i0.wp.com\/agenciabrasil.ebc.com.br\/ebc.gif?w=696&#038;ssl=1\" style=\"width:1px; height:1px; display:inline;\"\/><\/p>\n<p>Conforme o boletim m\u00e9dico do hospital, o acidente n\u00e3o foi grave e o presidente \u201cpode exercer suas demais atividades\u201d. Lula sofreu um \u201cferimento corto-contuso em regi\u00e3o occipital\u201d.<\/p>\n<p>Aos cuidados dos m\u00e9dicos Roberto Kalil Filho e Ana Helena Germoglio, o presidente foi orientado \u201ca evitar viagens a\u00e9reas de longa dist\u00e2ncia, podendo exercer suas demais atividades\u201d. O presidente segue sob acompanhamento da equipe m\u00e9dica e est\u00e1\u00a0no Pal\u00e1cio da Alvorada.<\/p>\n<p>O embarque para a R\u00fassia seria hoje (20), \u00e0s 17h. Sua participa\u00e7\u00e3o ser\u00e1 agora feita por videoconfer\u00eancia, informou a Presid\u00eancia da Rep\u00fablica.<\/p>\n<h2>Brics<\/h2>\n<p>Ser\u00e1 o primeiro encontro com os novos pa\u00edses-membros do bloco desde a admiss\u00e3o da Ar\u00e1bia Saudita, Egito, Ir\u00e3, Eti\u00f3pia e Emirados \u00c1rabes. A c\u00fapula vai de 22 a 24 de outubro.<\/p>\n<p>Apesar de n\u00e3o ter uma pauta espec\u00edfica, o embaixador Eduardo Paes Saboia, secret\u00e1rio de \u00c1sia e Pac\u00edfico do Itamaraty, disse que o tema principal do encontro deve ser a cria\u00e7\u00e3o de um modelo de ades\u00e3o aos Brics por parte dos chamados \u201cpa\u00edses parceiros\u201d. Uma categoria de participa\u00e7\u00e3o sem as mesmas prerrogativas dos pa\u00edses-membros, com direitos plenos.<\/p>\n<p>\u201c\u00c9 nisso que \u00e9 consumido o nosso trabalho neste semestre, quais s\u00e3o os crit\u00e9rios para essa modalidade, e h\u00e1 uma expectativa de que, aprovada essa modalidade, possa ser feito um an\u00fancio dos pa\u00edses que seriam convidados para integrar essa categoria&#8221;, disse Saboia.<\/p>\n<p>Entre os outros temas que dever\u00e3o ser abordados no encontro est\u00e3o a crise do Oriente M\u00e9dio, opera\u00e7\u00e3o pol\u00edtica e financeira dentro do bloco, al\u00e9m da an\u00e1lise dos relat\u00f3rios do Novo Banco de Desenvolvimento (NDB) &#8211; comandado pela ex-presidente Dilma Rousseff -, do Conselho Empresarial do Brics e da Alian\u00e7a Empresarial das Mulheres.<\/p>\n<p>O governo russo informou que 32 pa\u00edses confirmaram presen\u00e7a no evento, com a presen\u00e7a de 24 l\u00edderes de Estado. Dos dez pa\u00edses-membros do bloco, oito contar\u00e3o com seus representantes m\u00e1ximos, com a exce\u00e7\u00e3o agora do presidente do Brasil\u00a0e da Ar\u00e1bia Saudita, que enviar\u00e1 seu ministro de Rela\u00e7\u00f5es Exteriores.<\/p>\n<p>No encontro, deve ser anunciada tamb\u00e9m uma declara\u00e7\u00e3o cujo teor \u00e9 o fortalecimento do multilateralismo para um \u201cdesenvolvimento global justo e seguro\u201d.<\/p>\n<p>A partir do pr\u00f3ximo ano, o Brasil assumir\u00e1 a presid\u00eancia do Brics, que tem comando rotativo <em>pro tempore <\/em>com mandatos de um ano.<\/p>\n<p>      <!-- Relacionada --><\/p>\n<p>            <!-- Relacionada -->\n    <\/div>\n<p><br \/>\n<br \/><a href=\"https:\/\/agenciabrasil.ebc.com.br\/internacional\/noticia\/2024-10\/lula-cancela-ida-ao-brics-na-russia-apos-acidente-domestico\" rel=\"noopener\">Ag\u00eancia Brasil <\/a><\/p>\n","protected":false},"excerpt":{"rendered":"<p>O presidente Luiz In\u00e1cio Lula da Silva cancelou sua ida \u00e0 Kazan, na R\u00fassia, para participar da 16\u00aa C\u00fapula de l\u00edderes do Brics. O presidente sofreu uma queda nesse s\u00e1bado (19) em que bateu a cabe\u00e7a, levando cinco pontos. A avalia\u00e7\u00e3o da equipe m\u00e9dica do Hospital S\u00edrio-Liban\u00eas, de Bras\u00edlia, que atendeu o presidente recomendou, por [&hellip;]<\/p>\n","protected":false},"author":1,"featured_media":15402,"comment_status":"open","ping_status":"open","sticky":false,"template":"","format":"standard","meta":{"_jetpack_newsletter_access":"","_jetpack_dont_email_post_to_subs":false,"_jetpack_newsletter_tier_id":0,"_jetpack_memberships_contains_paywalled_content":false,"_mbp_banners":[],"_jetpack_feature_clip_id":0,"_jetpack_memberships_contains_paid_content":false,"footnotes":"","jetpack_publicize_message":"","jetpack_publicize_feature_enabled":true,"jetpack_social_post_already_shared":true,"jetpack_social_options":{"image_generator_settings":{"template":"highway","default_image_id":0,"font":"","enabled":false},"version":2},"jetpack_post_was_ever_published":false},"categories":[25],"tags":[],"class_list":["post-15401","post","type-post","status-publish","format-standard","has-post-thumbnail","category-internacional"],"jetpack_publicize_connections":[],"jetpack-related-posts":[],"jetpack_shortlink":"https:\/\/wp.me\/p7Eq1F-40p","jetpack_sharing_enabled":true,"jetpack_featured_media_url":"https:\/\/i0.wp.com\/guialimeira.com.br\/news\/wp-content\/uploads\/2024\/10\/25-anos-min-defesa_mcamgo_abr_28082024-13.jpg?fit=1600%2C800&ssl=1","_links":{"self":[{"href":"https:\/\/guialimeira.com.br\/news\/wp-json\/wp\/v2\/posts\/15401","targetHints":{"allow":["GET"]}}],"collection":[{"href":"https:\/\/guialimeira.com.br\/news\/wp-json\/wp\/v2\/posts"}],"about":[{"href":"https:\/\/guialimeira.com.br\/news\/wp-json\/wp\/v2\/types\/post"}],"author":[{"embeddable":true,"href":"https:\/\/guialimeira.com.br\/news\/wp-json\/wp\/v2\/users\/1"}],"replies":[{"embeddable":true,"href":"https:\/\/guialimeira.com.br\/news\/wp-json\/wp\/v2\/comments?post=15401"}],"version-history":[{"count":0,"href":"https:\/\/guialimeira.com.br\/news\/wp-json\/wp\/v2\/posts\/15401\/revisions"}],"wp:featuredmedia":[{"embeddable":true,"href":"https:\/\/guialimeira.com.br\/news\/wp-json\/wp\/v2\/media\/15402"}],"wp:attachment":[{"href":"https:\/\/guialimeira.com.br\/news\/wp-json\/wp\/v2\/media?parent=15401"}],"wp:term":[{"taxonomy":"category","embeddable":true,"href":"https:\/\/guialimeira.com.br\/news\/wp-json\/wp\/v2\/categories?post=15401"},{"taxonomy":"post_tag","embeddable":true,"href":"https:\/\/guialimeira.com.br\/news\/wp-json\/wp\/v2\/tags?post=15401"}],"curies":[{"name":"wp","href":"https:\/\/api.w.org\/{rel}","templated":true}]}}