{"id":15395,"date":"2024-10-20T16:23:44","date_gmt":"2024-10-20T19:23:44","guid":{"rendered":"https:\/\/guialimeira.com.br\/2024\/10\/20\/papa-francisco-canoniza-padre-por-milagre-na-amazonia\/"},"modified":"2024-10-20T16:23:44","modified_gmt":"2024-10-20T19:23:44","slug":"papa-francisco-canoniza-padre-por-milagre-na-amazonia","status":"publish","type":"post","link":"https:\/\/guialimeira.com.br\/news\/papa-francisco-canoniza-padre-por-milagre-na-amazonia\/","title":{"rendered":"Papa Francisco canoniza padre por milagre na Amaz\u00f4nia"},"content":{"rendered":"<p> <br \/>\n<\/p>\n<div>\n<div class=\"dnd-widget-wrapper context-medio_4colunas type-image atom-align-left\">\n<div class=\"dnd-atom-rendered\"><!-- scald=402614:medio_4colunas {\"additionalClasses\":\"\"} --><br \/>\n            <img data-recalc-dims=\"1\" decoding=\"async\" src=\"https:\/\/i0.wp.com\/imagens.ebc.com.br\/ScyScksjiamFSAYkimf0AdT4wAw%3D\/365x0\/smart\/https%3A\/\/agenciabrasil.ebc.com.br\/sites\/default\/files\/thumbnails\/image\/2024\/10\/20\/papa1_0.jpg?w=696&#038;ssl=1\" alt=\"20\/10\/2024 - Papa durante canoniza\u00e7\u00e3o de Allamano.&#13;&#10;Frame Reuters\/Proibida reprodu\u00e7\u00e3o\" title=\"Frame Reuters\/Proibida reprodu\u00e7\u00e3o\"\/><br \/>\n        <img data-recalc-dims=\"1\" decoding=\"async\" src=\"https:\/\/i0.wp.com\/imagens.ebc.com.br\/ScyScksjiamFSAYkimf0AdT4wAw%3D\/365x0\/smart\/https%3A\/\/agenciabrasil.ebc.com.br\/sites\/default\/files\/thumbnails\/image\/2024\/10\/20\/papa1_0.jpg?w=696&#038;ssl=1\" alt=\"20\/10\/2024 - Papa durante canoniza\u00e7\u00e3o de Allamano.&#13;&#10;Frame Reuters\/Proibida reprodu\u00e7\u00e3o\" title=\"Frame Reuters\/Proibida reprodu\u00e7\u00e3o\"\/><br \/>\n    <!-- END scald=402614 --><\/div>\n<div class=\"dnd-caption-wrapper\">\n<p>Papa Francisco, durante canoniza\u00e7\u00e3o de Allamano.\u00a0<strong>Frame Reuters\/Proibida reprodu\u00e7\u00e3o<\/strong><!--END copyright=402614--><\/p>\n<\/div>\n<\/div>\n<p>O papa Francisco proclamou, neste domingo (20), durante a Missa na Pra\u00e7a de S\u00e3o Pedro, a canoniza\u00e7\u00e3o do italiano Jos\u00e9 Allamano por um milagre que teria ocorrido na Amaz\u00f4nia brasileira. Ele \u00e9 fundador da congrega\u00e7\u00e3o dos Mission\u00e1rios da Consolata.\u00a0<img data-recalc-dims=\"1\" decoding=\"async\" src=\"https:\/\/i0.wp.com\/agenciabrasil.ebc.com.br\/ebc.png?w=696&#038;ssl=1\" style=\"width:1px; height:1px; display:inline;\"\/><img data-recalc-dims=\"1\" decoding=\"async\" src=\"https:\/\/i0.wp.com\/agenciabrasil.ebc.com.br\/ebc.gif?w=696&#038;ssl=1\" style=\"width:1px; height:1px; display:inline;\"\/><\/p>\n<p>Segundo a organiza\u00e7\u00e3o Consolata Am\u00e9rica, o milagre que levou \u00e0 canoniza\u00e7\u00e3o ocorreu em 1996, no estado de Roraima, ocasi\u00e3o em que um ind\u00edgena yanomami foi atacado por uma on\u00e7a na floresta e teve um grave ferimento na cabe\u00e7a.<\/p>\n<p>O ind\u00edgena foi atendido inicialmente por mission\u00e1rios da Consolata e ent\u00e3o levado ao hospital de Boa Vista para ser operado. Na ocasi\u00e3o, um grupo de mission\u00e1rios teria invocado o padre Jos\u00e9 Allamano pela recupera\u00e7\u00e3o do rapaz, o que se realizou, e ele ent\u00e3o retornou \u00e0 comunidade ind\u00edgena.<\/p>\n<p>      <!-- Relacionada --><\/p>\n<p>            <!-- Relacionada -->\n    <\/div>\n<p><br \/>\n<br \/><a href=\"https:\/\/agenciabrasil.ebc.com.br\/internacional\/noticia\/2024-10\/papa-francisco-canoniza-padre-por-milagre-na-amazonia\" rel=\"noopener\">Ag\u00eancia Brasil <\/a><\/p>\n","protected":false},"excerpt":{"rendered":"<p>Papa Francisco, durante canoniza\u00e7\u00e3o de Allamano.\u00a0Frame Reuters\/Proibida reprodu\u00e7\u00e3o O papa Francisco proclamou, neste domingo (20), durante a Missa na Pra\u00e7a de S\u00e3o Pedro, a canoniza\u00e7\u00e3o do italiano Jos\u00e9 Allamano por um milagre que teria ocorrido na Amaz\u00f4nia brasileira. Ele \u00e9 fundador da congrega\u00e7\u00e3o dos Mission\u00e1rios da Consolata.\u00a0 Segundo a organiza\u00e7\u00e3o Consolata Am\u00e9rica, o milagre que [&hellip;]<\/p>\n","protected":false},"author":1,"featured_media":15396,"comment_status":"open","ping_status":"open","sticky":false,"template":"","format":"standard","meta":{"_jetpack_newsletter_access":"","_jetpack_dont_email_post_to_subs":false,"_jetpack_newsletter_tier_id":0,"_jetpack_memberships_contains_paywalled_content":false,"_mbp_banners":[],"_jetpack_feature_clip_id":0,"_jetpack_memberships_contains_paid_content":false,"footnotes":"","jetpack_publicize_message":"","jetpack_publicize_feature_enabled":true,"jetpack_social_post_already_shared":true,"jetpack_social_options":{"image_generator_settings":{"template":"highway","default_image_id":0,"font":"","enabled":false},"version":2},"jetpack_post_was_ever_published":false},"categories":[25],"tags":[],"class_list":["post-15395","post","type-post","status-publish","format-standard","has-post-thumbnail","category-internacional"],"jetpack_publicize_connections":[],"jetpack-related-posts":[],"jetpack_shortlink":"https:\/\/wp.me\/p7Eq1F-40j","jetpack_sharing_enabled":true,"jetpack_featured_media_url":"https:\/\/i0.wp.com\/guialimeira.com.br\/news\/wp-content\/uploads\/2024\/10\/papa2_0.jpg?fit=1600%2C800&ssl=1","_links":{"self":[{"href":"https:\/\/guialimeira.com.br\/news\/wp-json\/wp\/v2\/posts\/15395","targetHints":{"allow":["GET"]}}],"collection":[{"href":"https:\/\/guialimeira.com.br\/news\/wp-json\/wp\/v2\/posts"}],"about":[{"href":"https:\/\/guialimeira.com.br\/news\/wp-json\/wp\/v2\/types\/post"}],"author":[{"embeddable":true,"href":"https:\/\/guialimeira.com.br\/news\/wp-json\/wp\/v2\/users\/1"}],"replies":[{"embeddable":true,"href":"https:\/\/guialimeira.com.br\/news\/wp-json\/wp\/v2\/comments?post=15395"}],"version-history":[{"count":0,"href":"https:\/\/guialimeira.com.br\/news\/wp-json\/wp\/v2\/posts\/15395\/revisions"}],"wp:featuredmedia":[{"embeddable":true,"href":"https:\/\/guialimeira.com.br\/news\/wp-json\/wp\/v2\/media\/15396"}],"wp:attachment":[{"href":"https:\/\/guialimeira.com.br\/news\/wp-json\/wp\/v2\/media?parent=15395"}],"wp:term":[{"taxonomy":"category","embeddable":true,"href":"https:\/\/guialimeira.com.br\/news\/wp-json\/wp\/v2\/categories?post=15395"},{"taxonomy":"post_tag","embeddable":true,"href":"https:\/\/guialimeira.com.br\/news\/wp-json\/wp\/v2\/tags?post=15395"}],"curies":[{"name":"wp","href":"https:\/\/api.w.org\/{rel}","templated":true}]}}