{"id":15394,"date":"2024-10-20T12:12:41","date_gmt":"2024-10-20T15:12:41","guid":{"rendered":"https:\/\/guialimeira.com.br\/2024\/10\/20\/mulher-e-presa-por-envolvimento-em-caso-de-hiv-em-transplante-no-rio\/"},"modified":"2024-10-20T12:12:41","modified_gmt":"2024-10-20T15:12:41","slug":"mulher-e-presa-por-envolvimento-em-caso-de-hiv-em-transplante-no-rio","status":"publish","type":"post","link":"https:\/\/guialimeira.com.br\/news\/mulher-e-presa-por-envolvimento-em-caso-de-hiv-em-transplante-no-rio\/","title":{"rendered":"Mulher \u00e9 presa por envolvimento em caso de HIV em transplante no Rio"},"content":{"rendered":"<p> <br \/>\n<\/p>\n<div>\n<p>A Pol\u00edcia Civil do Rio de Janeiro prendeu\u00a0neste domingo (20) uma mulher\u00a0por suspeita de envolvimento\u00a0na emiss\u00e3o de laudos errados pelo Laborat\u00f3rio PCS Saleme, que levaram a infec\u00e7\u00e3o\u00a0de seis pacientes que realizaram transplantes no estado por HIV. A pris\u00e3o faz parte da\u00a0segunda fase da Opera\u00e7\u00e3o Verum.\u00a0A pol\u00edcia n\u00e3o divulgou a identidade da mulher presa neste domingo.\u00a0<img data-recalc-dims=\"1\" decoding=\"async\" src=\"https:\/\/i0.wp.com\/agenciabrasil.ebc.com.br\/ebc.png?w=696&#038;ssl=1\" style=\"width:1px; height:1px; display:inline;\"\/><img data-recalc-dims=\"1\" decoding=\"async\" src=\"https:\/\/i0.wp.com\/agenciabrasil.ebc.com.br\/ebc.gif?w=696&#038;ssl=1\" style=\"width:1px; height:1px; display:inline;\"\/><\/p>\n<p>De acordo com nota da Pol\u00edcia Civil, a opera\u00e7\u00e3o visa cumprir, al\u00e9m da pris\u00e3o, oito mandados de busca e apreens\u00e3o, \u201ca fim de robustecer a investiga\u00e7\u00e3o em andamento\u201d. A opera\u00e7\u00e3o \u00e9 realizada por policiais civis da Delegacia do Consumidor (Decon), com o apoio do Departamento-Geral de Pol\u00edcia Especializada (DGPE). \u00a0<\/p>\n<p>A primeira fase da opera\u00e7\u00e3o <a href=\"https:\/\/agenciabrasil.ebc.com.br\/saude\/noticia\/2024-10\/justica-prorroga-prisao-de-envolvidos-em-infeccao-por-hiv-no-rio\" target=\"_blank\" rel=\"noopener\">prendeu quatro pessoas<\/a>:\u00a0o m\u00e9dico Walter Ferreira, s\u00f3cio do laborat\u00f3rio PCS Lab Saleme, e os funcion\u00e1rios Jacqueline Iris Bacellar de Assis, Cleber de Oliveira Santos e Ivanildo Ferreira dos Santos.<\/p>\n<p>Al\u00e9m das dilig\u00eancias deste domingo, segundo a pol\u00edcia, est\u00e3o em andamento a an\u00e1lise dos documentos e materiais apreendidos.<\/p>\n<p>As investiga\u00e7\u00f5es, conduzidas pela Delegacia do Consumidor, apontam que houve uma falha operacional no controle de qualidade aplicado nos testes, com o objetivo de diminuir custos. A an\u00e1lise das amostras deixou de ser realizada diariamente e se tornou semanal.<\/p>\n<p>Est\u00e1 em curso tamb\u00e9m inqu\u00e9rito que investiga o processo de contrata\u00e7\u00e3o do laborat\u00f3rio pelo governo do estado.<\/p>\n<p>\u201cA for\u00e7a-tarefa do Governo do Estado visa \u00e0 r\u00e1pida elucida\u00e7\u00e3o dos fatos e \u00e0 responsabiliza\u00e7\u00e3o dos envolvidos em caso de constata\u00e7\u00e3o de irregularidades\u201d, informou a Pol\u00edcia Civil.<\/p>\n<h2>Entenda o caso<\/h2>\n<p>Dois doadores tiveram laudos errados para HIV assinados pelo laborat\u00f3rio PCS Lab Saleme, que era respons\u00e1vel pelas testagens antes que os \u00f3rg\u00e3os fossem destinados a transplantes no estado do Rio de Janeiro. Os pacientes foram considerados negativos quando na verdade eram positivos para o v\u00edrus. Por conta disso, seis pacientes foram infectados com HIV em decorr\u00eancia dos transplantes.<\/p>\n<p>O PCS Lab Saleme foi interditado pela Vigil\u00e2ncia Sanit\u00e1ria local at\u00e9 a conclus\u00e3o das investiga\u00e7\u00f5es, com foco na seguran\u00e7a dos transplantes. Novos exames pr\u00e9-transplante est\u00e3o sendo realizados no Hemorio.<\/p>\n<p>A Funda\u00e7\u00e3o Sa\u00fade, que \u00e9 vinculada \u00e0 Secretaria Estadual de Sa\u00fade e \u00e9 respons\u00e1vel por gerir as unidades da rede estadual, convocou, de forma emergencial o segundo colocado em preg\u00e3o, para assumir o lugar do laborat\u00f3rio PCS Lab Saleme. Uma nova licita\u00e7\u00e3o est\u00e1 sendo preparada.<\/p>\n<p>O <a href=\"https:\/\/agenciabrasil.ebc.com.br\/saude\/noticia\/2024-10\/laboratorio-pcs-ja-teve-outros-contratos-para-servicos-na-saude-do-rio\" target=\"_blank\" rel=\"noopener\">laborat\u00f3rio\u00a0PCS Lab Saleme teve pelo menos tr\u00eas contratos\u00a0com a Funda\u00e7\u00e3o Sa\u00fade<\/a>. O laborat\u00f3rio tem, entre seus<a href=\"http:\/\/\u00a0https:\/\/agenciabrasil.ebc.com.br\/saude\/noticia\/2024-10\/transplante-com-hiv-ex-secretario-e-parente-de-socios-de-laboratorio\" target=\"_blank\" rel=\"noopener\"> s\u00f3cios<\/a>, familiares do deputado federal Dr. Luizinho (PP-RJ), que foi secret\u00e1rio estadual de Sa\u00fade de janeiro a setembro de 2023. Em nota divulgada por sua assessoria no \u00faltimo dia 11, o parlamentar disse\u00a0que quando era secret\u00e1rio jamais participou da escolha deste ou de qualquer laborat\u00f3rio.<\/p>\n<p>O caso, sem precedentes, \u00e9 considerado <a href=\"https:\/\/agenciabrasil.ebc.com.br\/saude\/noticia\/2024-10\/infeccao-por-hiv-em-transplantes-e-investigada-no-rio\" target=\"_blank\" rel=\"noopener\">grave<\/a>\u00a0pela Secretaria de Estado de Sa\u00fade (SES) e pelo Minist\u00e9rio da Sa\u00fade<\/p>\n<p>A Ag\u00eancia Nacional de Vigil\u00e2ncia Sanit\u00e1ria (Anvisa), as Vigil\u00e2ncias Sanit\u00e1rias estadual e municipal e o Sistema Nacional de Transplantes (SNT) do Minist\u00e9rio da Sa\u00fade coordenam uma s\u00e9rie de a\u00e7\u00f5es para investigar a infec\u00e7\u00e3o por HIV de pacientes transplantados no estado do Rio de Janeiro.<\/p>\n<p>      <!-- Relacionada --><\/p>\n<p>            <!-- Relacionada -->\n    <\/div>\n<p><br \/>\n<br \/><a href=\"https:\/\/agenciabrasil.ebc.com.br\/saude\/noticia\/2024-10\/policia-prende-mulher-suspeita-de-exames-errados-de-hiv-em-transplante\" rel=\"noopener\">Ag\u00eancia Brasil <\/a><\/p>\n","protected":false},"excerpt":{"rendered":"<p>A Pol\u00edcia Civil do Rio de Janeiro prendeu\u00a0neste domingo (20) uma mulher\u00a0por suspeita de envolvimento\u00a0na emiss\u00e3o de laudos errados pelo Laborat\u00f3rio PCS Saleme, que levaram a infec\u00e7\u00e3o\u00a0de seis pacientes que realizaram transplantes no estado por HIV. A pris\u00e3o faz parte da\u00a0segunda fase da Opera\u00e7\u00e3o Verum.\u00a0A pol\u00edcia n\u00e3o divulgou a identidade da mulher presa neste domingo.\u00a0 [&hellip;]<\/p>\n","protected":false},"author":1,"featured_media":15187,"comment_status":"open","ping_status":"open","sticky":false,"template":"","format":"standard","meta":{"_jetpack_newsletter_access":"","_jetpack_dont_email_post_to_subs":false,"_jetpack_newsletter_tier_id":0,"_jetpack_memberships_contains_paywalled_content":false,"_mbp_banners":[],"_jetpack_feature_clip_id":0,"_jetpack_memberships_contains_paid_content":false,"footnotes":"","jetpack_publicize_message":"","jetpack_publicize_feature_enabled":true,"jetpack_social_post_already_shared":true,"jetpack_social_options":{"image_generator_settings":{"template":"highway","default_image_id":0,"font":"","enabled":false},"version":2},"jetpack_post_was_ever_published":false},"categories":[15],"tags":[],"class_list":["post-15394","post","type-post","status-publish","format-standard","has-post-thumbnail","category-saude"],"jetpack_publicize_connections":[],"jetpack-related-posts":[],"jetpack_shortlink":"https:\/\/wp.me\/p7Eq1F-40i","jetpack_sharing_enabled":true,"jetpack_featured_media_url":"https:\/\/i0.wp.com\/guialimeira.com.br\/news\/wp-content\/uploads\/2024\/10\/1000005072.jpg?fit=1600%2C800&ssl=1","_links":{"self":[{"href":"https:\/\/guialimeira.com.br\/news\/wp-json\/wp\/v2\/posts\/15394","targetHints":{"allow":["GET"]}}],"collection":[{"href":"https:\/\/guialimeira.com.br\/news\/wp-json\/wp\/v2\/posts"}],"about":[{"href":"https:\/\/guialimeira.com.br\/news\/wp-json\/wp\/v2\/types\/post"}],"author":[{"embeddable":true,"href":"https:\/\/guialimeira.com.br\/news\/wp-json\/wp\/v2\/users\/1"}],"replies":[{"embeddable":true,"href":"https:\/\/guialimeira.com.br\/news\/wp-json\/wp\/v2\/comments?post=15394"}],"version-history":[{"count":0,"href":"https:\/\/guialimeira.com.br\/news\/wp-json\/wp\/v2\/posts\/15394\/revisions"}],"wp:featuredmedia":[{"embeddable":true,"href":"https:\/\/guialimeira.com.br\/news\/wp-json\/wp\/v2\/media\/15187"}],"wp:attachment":[{"href":"https:\/\/guialimeira.com.br\/news\/wp-json\/wp\/v2\/media?parent=15394"}],"wp:term":[{"taxonomy":"category","embeddable":true,"href":"https:\/\/guialimeira.com.br\/news\/wp-json\/wp\/v2\/categories?post=15394"},{"taxonomy":"post_tag","embeddable":true,"href":"https:\/\/guialimeira.com.br\/news\/wp-json\/wp\/v2\/tags?post=15394"}],"curies":[{"name":"wp","href":"https:\/\/api.w.org\/{rel}","templated":true}]}}