{"id":15380,"date":"2024-10-19T16:53:40","date_gmt":"2024-10-19T19:53:40","guid":{"rendered":"https:\/\/guialimeira.com.br\/2024\/10\/19\/hospital-dos-servidores-do-rio-devera-se-tornar-hospital-universitario\/"},"modified":"2024-10-19T16:53:40","modified_gmt":"2024-10-19T19:53:40","slug":"hospital-dos-servidores-do-rio-devera-se-tornar-hospital-universitario","status":"publish","type":"post","link":"https:\/\/guialimeira.com.br\/news\/hospital-dos-servidores-do-rio-devera-se-tornar-hospital-universitario\/","title":{"rendered":"Hospital dos Servidores do Rio dever\u00e1 se tornar hospital universit\u00e1rio"},"content":{"rendered":"<p> <br \/>\n<\/p>\n<div>\n<p>O Minist\u00e9rio da Sa\u00fade deve assinar, nos pr\u00f3ximos dias, um acordo de coopera\u00e7\u00e3o t\u00e9cnica com a Universidade Federal do Estado do Rio de Janeiro (UniRio) e a Empresa Brasileira de Servi\u00e7os Hospitalares (Ebserh), para que eles assumam a gest\u00e3o do Hospital Federal dos Servidores do Estado (HFSE). A ideia \u00e9 que a unidade de sa\u00fade se torne uma extens\u00e3o do Hospital Universit\u00e1rio Gaffr\u00e9e e Guinle, vinculado \u00e0 UniRio e administrado pela Ebserh.<img data-recalc-dims=\"1\" decoding=\"async\" src=\"https:\/\/i0.wp.com\/agenciabrasil.ebc.com.br\/ebc.png?w=696&#038;ssl=1\" style=\"width:1px; height:1px; display:inline;\"\/><img data-recalc-dims=\"1\" decoding=\"async\" src=\"https:\/\/i0.wp.com\/agenciabrasil.ebc.com.br\/ebc.gif?w=696&#038;ssl=1\" style=\"width:1px; height:1px; display:inline;\"\/><\/p>\n<p>A informa\u00e7\u00e3o foi divulgada \u00e0 <strong>Ag\u00eancia Brasil<\/strong> neste s\u00e1bado (19) pelo secret\u00e1rio adjunto de Aten\u00e7\u00e3o Especializada \u00e0 Sa\u00fade do Minist\u00e9rio da Sa\u00fade, Nilton Pereira Junior.<\/p>\n<p>\u201cO Hospital Gaffr\u00e9e \u00e9 uma estrutura onde n\u00e3o \u00e9 poss\u00edvel mais ampliar o n\u00famero de leitos. A Ebserh tem condi\u00e7\u00f5es de ampliar o hospital por\u00e9m n\u00e3o na atual estrutura. E o Hospital dos Servidores tamb\u00e9m pode ser uma grande oportunidade de ele se tornar um hospital universit\u00e1rio. Hoje ele tem quase 170 leitos inoperantes\u201d, explicou o secret\u00e1rio.<\/p>\n<p>Segundo ele, depois da assinatura do acordo, ser\u00e1 feito um diagn\u00f3stico da unidade, a fim de que ele possa se transformar em um hospital universit\u00e1rio. O Conselho Universit\u00e1rio da UniRio, no entanto, ainda precisar\u00e1 aprovar a medida.<\/p>\n<blockquote>\n<p>\u201cA partir da\u00ed, a UniRio faz um contrato de gest\u00e3o com a Ebserh e passa a administrar esse hospital\u201d.<\/p>\n<\/blockquote>\n<p>De acordo com Pereira Junior, a ideia \u00e9 que tanto o Gaffr\u00e9e e Guinle quanto o Hospital dos Servidores tenham ganhos com a integra\u00e7\u00e3o das duas unidades: \u201cA ideia \u00e9 transform\u00e1-los em um hospital que \u00e9 maior do que a soma dos dois juntos hoje. Temos alguns leitos fechados no Gaffr\u00e9e por quest\u00f5es estruturais de um pr\u00e9dio hist\u00f3rico de mais de 100 anos e temos muitos leitos fechados no Hospital dos Servidores por falta de profissionais e quest\u00f5es estruturais. Ter\u00edamos os dois hospitais numa nova modelagem mais eficiente, mais racional com mais leitos do que a soma dos dois atualmente\u201d.<\/p>\n<p>O Hospital dos Servidores ser\u00e1 o terceiro dos seis hospitais federais gerais cariocas a sair da administra\u00e7\u00e3o direta do Minist\u00e9rio da Sa\u00fade. O Hospital do Andara\u00ed passar\u00e1, nos pr\u00f3ximos dias, totalmente para a gest\u00e3o da prefeitura.<\/p>\n<p>O <a href=\"https:\/\/agenciabrasil.ebc.com.br\/geral\/noticia\/2024-10\/manifestantes-sao-retirados-direcao-assume-hospital-de-bonsucesso\" target=\"_blank\" rel=\"noopener\">Hospital Federal de Bonsucesso passou<\/a>, nesta semana, para a gest\u00e3o da estatal federal Grupo Hospitalar Concei\u00e7\u00e3o, vinculada ao minist\u00e9rio.<\/p>\n<p>      <!-- Relacionada --><\/p>\n<p>            <!-- Relacionada -->\n    <\/div>\n<p><br \/>\n<br \/><a href=\"https:\/\/agenciabrasil.ebc.com.br\/saude\/noticia\/2024-10\/hospital-dos-servidores-do-rio-devera-se-tornar-hospital-universitario\" rel=\"noopener\">Ag\u00eancia Brasil <\/a><\/p>\n","protected":false},"excerpt":{"rendered":"<p>O Minist\u00e9rio da Sa\u00fade deve assinar, nos pr\u00f3ximos dias, um acordo de coopera\u00e7\u00e3o t\u00e9cnica com a Universidade Federal do Estado do Rio de Janeiro (UniRio) e a Empresa Brasileira de Servi\u00e7os Hospitalares (Ebserh), para que eles assumam a gest\u00e3o do Hospital Federal dos Servidores do Estado (HFSE). A ideia \u00e9 que a unidade de sa\u00fade [&hellip;]<\/p>\n","protected":false},"author":1,"featured_media":15381,"comment_status":"open","ping_status":"open","sticky":false,"template":"","format":"standard","meta":{"_jetpack_newsletter_access":"","_jetpack_dont_email_post_to_subs":false,"_jetpack_newsletter_tier_id":0,"_jetpack_memberships_contains_paywalled_content":false,"_mbp_banners":[],"_jetpack_feature_clip_id":0,"_jetpack_memberships_contains_paid_content":false,"footnotes":"","jetpack_publicize_message":"","jetpack_publicize_feature_enabled":true,"jetpack_social_post_already_shared":true,"jetpack_social_options":{"image_generator_settings":{"template":"highway","default_image_id":0,"font":"","enabled":false},"version":2},"jetpack_post_was_ever_published":false},"categories":[15],"tags":[],"class_list":["post-15380","post","type-post","status-publish","format-standard","has-post-thumbnail","category-saude"],"jetpack_publicize_connections":[],"jetpack-related-posts":[],"jetpack_shortlink":"https:\/\/wp.me\/p7Eq1F-404","jetpack_sharing_enabled":true,"jetpack_featured_media_url":"https:\/\/i0.wp.com\/guialimeira.com.br\/news\/wp-content\/uploads\/2024\/10\/hospital_dos_servidores_do_estado.jpg?fit=1600%2C800&ssl=1","_links":{"self":[{"href":"https:\/\/guialimeira.com.br\/news\/wp-json\/wp\/v2\/posts\/15380","targetHints":{"allow":["GET"]}}],"collection":[{"href":"https:\/\/guialimeira.com.br\/news\/wp-json\/wp\/v2\/posts"}],"about":[{"href":"https:\/\/guialimeira.com.br\/news\/wp-json\/wp\/v2\/types\/post"}],"author":[{"embeddable":true,"href":"https:\/\/guialimeira.com.br\/news\/wp-json\/wp\/v2\/users\/1"}],"replies":[{"embeddable":true,"href":"https:\/\/guialimeira.com.br\/news\/wp-json\/wp\/v2\/comments?post=15380"}],"version-history":[{"count":0,"href":"https:\/\/guialimeira.com.br\/news\/wp-json\/wp\/v2\/posts\/15380\/revisions"}],"wp:featuredmedia":[{"embeddable":true,"href":"https:\/\/guialimeira.com.br\/news\/wp-json\/wp\/v2\/media\/15381"}],"wp:attachment":[{"href":"https:\/\/guialimeira.com.br\/news\/wp-json\/wp\/v2\/media?parent=15380"}],"wp:term":[{"taxonomy":"category","embeddable":true,"href":"https:\/\/guialimeira.com.br\/news\/wp-json\/wp\/v2\/categories?post=15380"},{"taxonomy":"post_tag","embeddable":true,"href":"https:\/\/guialimeira.com.br\/news\/wp-json\/wp\/v2\/tags?post=15380"}],"curies":[{"name":"wp","href":"https:\/\/api.w.org\/{rel}","templated":true}]}}