{"id":15356,"date":"2024-10-18T17:37:41","date_gmt":"2024-10-18T20:37:41","guid":{"rendered":"https:\/\/guialimeira.com.br\/2024\/10\/18\/lider-do-hamas-se-torna-simbolo-apos-assassinato-dizem-especialistas\/"},"modified":"2024-10-18T17:37:41","modified_gmt":"2024-10-18T20:37:41","slug":"lider-do-hamas-se-torna-simbolo-apos-assassinato-dizem-especialistas","status":"publish","type":"post","link":"https:\/\/guialimeira.com.br\/news\/lider-do-hamas-se-torna-simbolo-apos-assassinato-dizem-especialistas\/","title":{"rendered":"L\u00edder do Hamas se torna s\u00edmbolo ap\u00f3s assassinato, dizem especialistas"},"content":{"rendered":"<p> <br \/>\n<\/p>\n<div>\n<p>A forma como o l\u00edder do grupo Hamas e comandante do ataque de 7 de outubro de 2023 a Israel, Yahya Al-Sinwar, foi assassinado na Faixa de Gaza refor\u00e7a a influ\u00eancia do grupo isl\u00e2mico e o torna um s\u00edmbolo da resist\u00eancia contra a ocupa\u00e7\u00e3o de Israel e da causa Palestina.\u00a0 \u00c9 o que defendem especialistas entrevistados pela <strong>Ag\u00eancia Brasil<\/strong>.<img data-recalc-dims=\"1\" decoding=\"async\" src=\"https:\/\/i0.wp.com\/agenciabrasil.ebc.com.br\/ebc.png?w=696&#038;ssl=1\" style=\"width:1px; height:1px; display:inline;\"\/><img data-recalc-dims=\"1\" decoding=\"async\" src=\"https:\/\/i0.wp.com\/agenciabrasil.ebc.com.br\/ebc.gif?w=696&#038;ssl=1\" style=\"width:1px; height:1px; display:inline;\"\/><\/p>\n<p>Para esses pesquisadores, o assassinato de Sinwar em meio a uma batalha entre o Hamas e militares israelenses travada na cidade de Khan Yunes, ao sul da Faixa de Gaza, nessa quinta-feira (17), acaba com a vers\u00e3o de Israel de que a lideran\u00e7a vivia escondida em t\u00faneis ou no luxo em algum ex\u00edlio.<\/p>\n<div class=\"dnd-widget-wrapper context-medio_4colunas type-image atom-align-right\">\n<div class=\"dnd-atom-rendered\"><!-- scald=354969:medio_4colunas {\"additionalClasses\":\"\"} --><br \/>\n            <img data-recalc-dims=\"1\" decoding=\"async\" src=\"https:\/\/i0.wp.com\/imagens.ebc.com.br\/XjfnaD4MB2VvdScr3C22xqW8e3s%3D\/365x0\/smart\/https%3A\/\/agenciabrasil.ebc.com.br\/sites\/default\/files\/thumbnails\/image\/tv_assembleia_mg_-_escalada_de_tensao_entre_israelenses_e_palestinos_como_entender_as_raizes_historicas_e_os_possiveis_desdobramentos_quem_analisa_interesse.mp4_.00_00_39_11.still004.jpg?w=696&#038;ssl=1\" alt=\"24\/10\/2023, Rashmi Singh, professora de rela\u00e7\u00f5es internacionais da PUC Minas, durante entrevista a TV Assembleia MG. Foto: Frame\/TV Assembleia MG\" title=\"Frame\/TV Assembleia MG\"\/><br \/>\n        <img data-recalc-dims=\"1\" decoding=\"async\" src=\"https:\/\/i0.wp.com\/imagens.ebc.com.br\/XjfnaD4MB2VvdScr3C22xqW8e3s%3D\/365x0\/smart\/https%3A\/\/agenciabrasil.ebc.com.br\/sites\/default\/files\/thumbnails\/image\/tv_assembleia_mg_-_escalada_de_tensao_entre_israelenses_e_palestinos_como_entender_as_raizes_historicas_e_os_possiveis_desdobramentos_quem_analisa_interesse.mp4_.00_00_39_11.still004.jpg?w=696&#038;ssl=1\" alt=\"24\/10\/2023, Rashmi Singh, professora de rela\u00e7\u00f5es internacionais da PUC Minas, durante entrevista a TV Assembleia MG. Foto: Frame\/TV Assembleia MG\" title=\"Frame\/TV Assembleia MG\"\/><br \/>\n    <!-- END scald=354969 --><\/div>\n<p><h6 class=\"meta\"><!--copyright=354969-->24\/10\/2023, Rashmi Singh diz que a forma com que o l\u00edder foi encontrado mostra que ele estava na linha de frente\u00a0&#8211; <strong>Frame\/TV Assembleia MG<\/strong><!--END copyright=354969--><\/h6>\n<\/p>\n<\/div>\n<p>\u201cA forma como foi encontrado e morto mostrou que ele estava a lutar na linha da frente e no campo de batalha, o que n\u00e3o s\u00f3 o transformou num m\u00e1rtir, mas tamb\u00e9m numa for\u00e7a de mobiliza\u00e7\u00e3o para o Hamas e outro grupos. Basta ver como a imagem dele de uniforme e keffiyeh [manto \u00e1rabe tradicional] com o bra\u00e7o machucado se tornou viral na internet \u2013 est\u00e1 sendo transformado em um s\u00edmbolo\u201d, destacou Rashmi Singh, professora de rela\u00e7\u00f5es internacionais da Pontif\u00edcia Universidade Cat\u00f3lica (PUC) de Minas Gerais. \u00a0<\/p>\n<p>As imagens divulgadas por Israel de Al-Sinwar &#8211; ainda vivo &#8211; coberto de poeira dentro de um pr\u00e9dio semidestru\u00eddo\u00a0viralizou pelo mundo.<\/p>\n<p>O p\u00f3s-doutor em ci\u00eancias sociais e especialista em rela\u00e7\u00f5es internacionais\u00a0Marcelo Buzetto\u00a0avaliou que o impacto, entre os palestinos, deve ser o de refor\u00e7ar o papel de grupos armados como o Hamas.<\/p>\n<div class=\"dnd-widget-wrapper context-medio_4colunas type-image atom-align-left\">\n<div class=\"dnd-atom-rendered\"><!-- scald=402427:medio_4colunas {\"additionalClasses\":\"\"} --><br \/>\n            <img data-recalc-dims=\"1\" decoding=\"async\" src=\"https:\/\/i0.wp.com\/imagens.ebc.com.br\/MIi6h6RUn2JnQRDNP7gaKuT-dis%3D\/365x0\/smart\/https%3A\/\/agenciabrasil.ebc.com.br\/sites\/default\/files\/thumbnails\/image\/2024\/10\/18\/whatsapp_image_2024-10-18_at_14.08.20.jpeg?w=696&#038;ssl=1\" alt=\"Bras\u00edlia (DF), 18\/10\/2024 - P\u00f3s-doutor em ci\u00eancias sociais e especialista em rela\u00e7\u00f5es internacionais, Marcelo Buzetto. Foto: Marcelo Buzetto\/Arquivo Pessoal\" title=\"Marcelo Buzetto\/Arquivo Pessoal\"\/><br \/>\n        <img data-recalc-dims=\"1\" decoding=\"async\" src=\"https:\/\/i0.wp.com\/imagens.ebc.com.br\/MIi6h6RUn2JnQRDNP7gaKuT-dis%3D\/365x0\/smart\/https%3A\/\/agenciabrasil.ebc.com.br\/sites\/default\/files\/thumbnails\/image\/2024\/10\/18\/whatsapp_image_2024-10-18_at_14.08.20.jpeg?w=696&#038;ssl=1\" alt=\"Bras\u00edlia (DF), 18\/10\/2024 - P\u00f3s-doutor em ci\u00eancias sociais e especialista em rela\u00e7\u00f5es internacionais, Marcelo Buzetto. Foto: Marcelo Buzetto\/Arquivo Pessoal\" title=\"Marcelo Buzetto\/Arquivo Pessoal\"\/><br \/>\n    <!-- END scald=402427 --><\/div>\n<p><h6 class=\"meta\">Marcelo Buzetto \u00e9 autor do livro <em>A quest\u00e3o Palestina; guerra, pol\u00edtica e rela\u00e7\u00f5es internacionais\u00a0<\/em>&#8211; <strong>Marcelo Buzetto\/Arquivo Pessoal<\/strong><!--END copyright=402427--><\/h6>\n<\/p>\n<\/div>\n<p>\u201cSer\u00e1 um exemplo porque esses combatentes fizeram uma op\u00e7\u00e3o pol\u00edtica de n\u00e3o ir para o ex\u00edlio e de ficar no territ\u00f3rio lutando. Essa hist\u00f3ria vai ser contada e vai\u00a0se multiplicar o n\u00famero de combatentes anticolonialistas por todo o mundo \u00e1rabe, por todo o mundo isl\u00e2mico. Tem uma simbologia muito grande\u201d, comentou o autor do livro\u00a0<em>A quest\u00e3o Palestina; guerra, pol\u00edtica e rela\u00e7\u00f5es internacionais<\/em>.<\/p>\n<p>Segundo a Federa\u00e7\u00e3o \u00c1rabe Palestina do Brasil (Fepal), a fam\u00edlia de Yahya Al-Sinwar n\u00e3o era de Gaza, apesar de ele ter nascido em um campo de refugiados em Khan Younis, em 1962. Seus pais teriam sido expulsos do vilarejo Majdal Asqalan, que virou Ashkelon ap\u00f3s a cria\u00e7\u00e3o de Israel.<\/p>\n<blockquote>\n<p>\u201cSinwar ser\u00e1 lembrado como m\u00e1rtir e her\u00f3i do povo palestino, ao lado de figuras como Yasser Arafat e Sheikh Izz El-Din Qassam, e de todos que rejeitam viver sob o jugo colonial\u201d, <a href=\"https:\/\/fepal.com.br\/assassinar-sinwar-nao-detera-o-fim-do-sionismo-e-a-libertacao-da-palestina\/\u00a0\" target=\"_blank\" rel=\"noopener\">disse a entidade<\/a>, em nota.\u00a0<\/p>\n<\/blockquote>\n<p>Sinwar chegou a ficar 23 anos presos em Israel, tendo sido libertado em\u00a0acordo de troca de prisioneiros. Ele era chefe do escrit\u00f3rio pol\u00edtico do Hamas, em Gaza, e foi o comandante do ataque contra Israel em 7 de outubro.<\/p>\n<p>A lideran\u00e7a palestina teve um pedido de pris\u00e3o feito pela procuradoria do Tribunal Penal Internacional (TPI) acusado de crimes de guerra pelo <a href=\"https:\/\/agenciabrasil.ebc.com.br\/internacional\/noticia\/2024-10\/atos-marcam-um-ano-do-conflito-entre-Israel-e-Hamasam-narrativas-conflitantes-de-israel-sobre-guerra\" target=\"_blank\" rel=\"noopener\">7 de outubro<\/a>, quando 1,2 mil pessoas morreram. A procuradoria do TPI tamb\u00e9m pediu a pris\u00e3o do primeiro-ministro de Israel, Benajmin Netanyahu, por acusa\u00e7\u00f5es de crimes de guerra em Gaza.<\/p>\n<h2>Consequ\u00eancias<\/h2>\n<p>Tanto o presidente dos Estados Unidos (EUA), Joe Biden, quanto a vice-presidente Kamala Harris, candidata \u00e0 sucess\u00e3o de Biden na elei\u00e7\u00e3o do pr\u00f3ximo dia 5 de novembro, avaliaram que a morte de Sinwar seria uma oportunidade para encerrar a guerra.<\/p>\n<p>Netanyahu, por outro lado, afirmou que a <a href=\"https:\/\/agenciabrasil.ebc.com.br\/internacional\/noticia\/2024-10\/premie-israelense-promete-mais-guerra-e-frustra-esperanca-de-paz\" target=\"_blank\" rel=\"noopener\">guerra continua<\/a>, mas que esse seria \u201co come\u00e7o do fim\u201d do conflito e que o pa\u00eds seguir\u00e1 tentando trazer de volta os 101 ref\u00e9ns ainda em poder do grupo palestino. O chefe do Estado israelense diz que a guerra s\u00f3 deve acabar quando o Hamas entregar as armas.\u00a0<\/p>\n<p>Ao confirmar a morte de Sinwar nesta sexta-feira (18), o Hamas informou, por meio de nota, que seguir\u00e1 lutando. \u201cEsses prisioneiros [sequestrados no dia 7 de outubro] n\u00e3o retornar\u00e3o, exceto parando a agress\u00e3o em Gaza, retirando-se dela e libertando nossos heroicos prisioneiros das pris\u00f5es da ocupa\u00e7\u00e3o\u201d, informou o grupo.<\/p>\n<p>A professora Rashmi Singh, autora do livro\u00a0<em>O Hamas e o terrorismo suicida: abordagens multicausais e multin\u00edveis<\/em>, a morte de Sinwar \u00e9 uma perda importante para organiza\u00e7\u00e3o, mas n\u00e3o pode ser visto como um enfraquecimento do grupo.<\/p>\n<p>\u201cO Hamas perdeu muitos dos seus principais membros ao longo dos \u00faltimos 30 anos e, em todas as ocasi\u00f5es, n\u00e3o s\u00f3 sobreviveu \u00e0 perda como substituiu rapidamente o l\u00edder por\u00a0um dos seus membros. A estrutura do Hamas permite-lhe funcionar em unidades e c\u00e9lulas, o que o torna capaz de resistir \u00e0 press\u00e3o de assassinatos\u201d, afirmou. \u00a0<\/p>\n<p>Para a especialistas, foi a ocupa\u00e7\u00e3o de Israel que possibilitou o surgimento do Hamas. \u201cAt\u00e9 que isso mude, o Hamas e outros grupos de resist\u00eancia que utilizam t\u00e1ticas violentas, incluindo o terrorismo, n\u00e3o desaparecer\u00e3o\u201d, acrescentou.<\/p>\n<p>      <!-- Relacionada --><\/p>\n<p>            <!-- Relacionada -->\n    <\/div>\n<p><br \/>\n<br \/><a href=\"https:\/\/agenciabrasil.ebc.com.br\/internacional\/noticia\/2024-10\/lider-do-hamas-se-torna-simbolo-apos-assassinato-dizem-especialistas\" rel=\"noopener\">Ag\u00eancia Brasil <\/a><\/p>\n","protected":false},"excerpt":{"rendered":"<p>A forma como o l\u00edder do grupo Hamas e comandante do ataque de 7 de outubro de 2023 a Israel, Yahya Al-Sinwar, foi assassinado na Faixa de Gaza refor\u00e7a a influ\u00eancia do grupo isl\u00e2mico e o torna um s\u00edmbolo da resist\u00eancia contra a ocupa\u00e7\u00e3o de Israel e da causa Palestina.\u00a0 \u00c9 o que defendem especialistas [&hellip;]<\/p>\n","protected":false},"author":1,"featured_media":15357,"comment_status":"open","ping_status":"open","sticky":false,"template":"","format":"standard","meta":{"_jetpack_newsletter_access":"","_jetpack_dont_email_post_to_subs":false,"_jetpack_newsletter_tier_id":0,"_jetpack_memberships_contains_paywalled_content":false,"_mbp_banners":[],"_jetpack_feature_clip_id":0,"_jetpack_memberships_contains_paid_content":false,"footnotes":"","jetpack_publicize_message":"","jetpack_publicize_feature_enabled":true,"jetpack_social_post_already_shared":true,"jetpack_social_options":{"image_generator_settings":{"template":"highway","default_image_id":0,"font":"","enabled":false},"version":2},"jetpack_post_was_ever_published":false},"categories":[25],"tags":[],"class_list":["post-15356","post","type-post","status-publish","format-standard","has-post-thumbnail","category-internacional"],"jetpack_publicize_connections":[],"jetpack-related-posts":[],"jetpack_shortlink":"https:\/\/wp.me\/p7Eq1F-3ZG","jetpack_sharing_enabled":true,"jetpack_featured_media_url":"https:\/\/i0.wp.com\/guialimeira.com.br\/news\/wp-content\/uploads\/2024\/10\/frameisrael.jpg?fit=1600%2C800&ssl=1","_links":{"self":[{"href":"https:\/\/guialimeira.com.br\/news\/wp-json\/wp\/v2\/posts\/15356","targetHints":{"allow":["GET"]}}],"collection":[{"href":"https:\/\/guialimeira.com.br\/news\/wp-json\/wp\/v2\/posts"}],"about":[{"href":"https:\/\/guialimeira.com.br\/news\/wp-json\/wp\/v2\/types\/post"}],"author":[{"embeddable":true,"href":"https:\/\/guialimeira.com.br\/news\/wp-json\/wp\/v2\/users\/1"}],"replies":[{"embeddable":true,"href":"https:\/\/guialimeira.com.br\/news\/wp-json\/wp\/v2\/comments?post=15356"}],"version-history":[{"count":0,"href":"https:\/\/guialimeira.com.br\/news\/wp-json\/wp\/v2\/posts\/15356\/revisions"}],"wp:featuredmedia":[{"embeddable":true,"href":"https:\/\/guialimeira.com.br\/news\/wp-json\/wp\/v2\/media\/15357"}],"wp:attachment":[{"href":"https:\/\/guialimeira.com.br\/news\/wp-json\/wp\/v2\/media?parent=15356"}],"wp:term":[{"taxonomy":"category","embeddable":true,"href":"https:\/\/guialimeira.com.br\/news\/wp-json\/wp\/v2\/categories?post=15356"},{"taxonomy":"post_tag","embeddable":true,"href":"https:\/\/guialimeira.com.br\/news\/wp-json\/wp\/v2\/tags?post=15356"}],"curies":[{"name":"wp","href":"https:\/\/api.w.org\/{rel}","templated":true}]}}