{"id":15333,"date":"2024-10-18T11:31:40","date_gmt":"2024-10-18T14:31:40","guid":{"rendered":"https:\/\/guialimeira.com.br\/2024\/10\/18\/tropas-norte-coreanas-na-russia-se-preparam-para-guerra-na-ucrania\/"},"modified":"2024-10-18T11:31:40","modified_gmt":"2024-10-18T14:31:40","slug":"tropas-norte-coreanas-na-russia-se-preparam-para-guerra-na-ucrania","status":"publish","type":"post","link":"https:\/\/guialimeira.com.br\/news\/tropas-norte-coreanas-na-russia-se-preparam-para-guerra-na-ucrania\/","title":{"rendered":"Tropas norte-coreanas na R\u00fassia se preparam para guerra na Ucr\u00e2nia"},"content":{"rendered":"<p> <br \/>\n<\/p>\n<div>\n<p>Um comunicado do Servi\u00e7o Nacional de Intelig\u00eancia da Coreia do Sul (NIS) informou, nesta sexta-feira (18), que a Coreia do Norte enviou 1,5 mil soldados das for\u00e7as especiais para o extremo leste da R\u00fassia para treinamento e aclimata\u00e7\u00e3o em bases militares locais e provavelmente ser\u00e3o enviados para combate na guerra na Ucr\u00e2nia.<img data-recalc-dims=\"1\" decoding=\"async\" src=\"https:\/\/i0.wp.com\/agenciabrasil.ebc.com.br\/ebc.png?w=696&#038;ssl=1\" style=\"width:1px; height:1px; display:inline;\"\/><img data-recalc-dims=\"1\" decoding=\"async\" src=\"https:\/\/i0.wp.com\/agenciabrasil.ebc.com.br\/ebc.gif?w=696&#038;ssl=1\" style=\"width:1px; height:1px; display:inline;\"\/><\/p>\n<p>De acordo com o comunicado, o NIS est\u00e1 trabalhando com o servi\u00e7o de intelig\u00eancia ucraniano e usou a tecnologia de intelig\u00eancia artificial de reconhecimento facial para identificar oficiais norte-coreanos na regi\u00e3o de Donetsk, no leste da Ucr\u00e2nia, apoiando as for\u00e7as russas que disparam m\u00edsseis norte-coreanos.<\/p>\n<p>Desde agosto do ano passado, a Coreia do Norte enviou, em mais de 13 mil cont\u00eaineres, proj\u00e9teis de artilharia, m\u00edsseis bal\u00edsticos e foguetes antitanque para a R\u00fassia, disse a ag\u00eancia, com base nos restos de armas recuperados da frente de batalha na Ucr\u00e2nia.<\/p>\n<p>No total, mais de oito milh\u00f5es de proj\u00e9teis de artilharia e foguetes foram enviados para a R\u00fassia, segundo o NIS.<\/p>\n<p>&#8220;A coopera\u00e7\u00e3o militar direta entre a R\u00fassia e a Coreia do Norte que foi relatada pela m\u00eddia estrangeira foi agora oficialmente confirmada&#8221;, informou a ag\u00eancia de espionagem em comunicado.<\/p>\n<p>Mais cedo, o presidente sul-coreano, Yoon Suk Yeol, convocou uma reuni\u00e3o de seguran\u00e7a n\u00e3o programada com as principais autoridades de intelig\u00eancia, militares e de seguran\u00e7a nacional para discutir o envolvimento das tropas norte-coreanas na guerra da R\u00fassia contra a Ucr\u00e2nia, informou o gabinete de Yoon.<\/p>\n<p>&#8220;Os participantes (&#8230;) compartilharam a opini\u00e3o de que a situa\u00e7\u00e3o atual, em que os la\u00e7os mais estreitos entre a R\u00fassia e a Coreia do Norte foram al\u00e9m do movimento de suprimentos militares para o envio real de tropas, \u00e9 uma grave amea\u00e7a \u00e0 seguran\u00e7a n\u00e3o apenas para o nosso pa\u00eds, mas para a comunidade internacional&#8221;, disse.<\/p>\n<p>O gabinete de Yoon informou que a Coreia do Sul, juntamente com seus aliados, tem acompanhado de perto o envio de tropas da Coreia do Norte para a R\u00fassia desde os est\u00e1gios iniciais.<\/p>\n<p>A Coreia do Sul responder\u00e1 \u00e0s atividades do Norte com todos os meios dispon\u00edveis, acrescentou, sem detalhar as a\u00e7\u00f5es que poder\u00e1 tomar.<\/p>\n<p>A Coreia do Sul, que emergiu como um grande exportador global de armas, vendendo ca\u00e7as, obuseiros mecanizados e m\u00edsseis, tem sido pressionada por alguns aliados ocidentais, incluindo Washington, para ajudar a armar a Ucr\u00e2nia com armas letais, mas n\u00e3o tem feito isso abertamente.<\/p>\n<p>O pesquisador Ramon Pacheco Pardo, do King&#8217;s College de Londres, disse que, apesar da gravidade do desenvolvimento, ele pode n\u00e3o ser pesado o suficiente para mudar a posi\u00e7\u00e3o de Seul.<\/p>\n<p>&#8220;No que diz respeito \u00e0 Coreia do Sul, acho que sua linha vermelha \u00e9 a R\u00fassia fornecendo apoio \u00e0 Coreia do Norte, o que permite que Pyongyang melhore substancialmente seu programa nuclear e de m\u00edsseis, e n\u00e3o o apoio da Coreia do Norte \u00e0 R\u00fassia.&#8221;<\/p>\n<h2>La\u00e7os<\/h2>\n<p>Desde a c\u00fapula de seus l\u00edderes no extremo Leste da R\u00fassia no ano passado, Coreia do Norte e R\u00fassia melhoraram drasticamente seus la\u00e7os militares e se reuniram novamente em junho para assinar uma parceria estrat\u00e9gica abrangente que inclui um pacto de defesa m\u00fatua.<\/p>\n<p>A R\u00fassia e a Coreia do Norte negam que tenham se envolvido em transfer\u00eancias de armas. O Kremlin tamb\u00e9m rejeitou as afirma\u00e7\u00f5es sul-coreanas de que a Coreia do Norte pode ter enviado alguns militares para ajudar a R\u00fassia contra a Ucr\u00e2nia.<\/p>\n<p>A Coreia do Norte tem 1,28 milh\u00e3o de soldados na ativa, de acordo com os dados mais recentes da Coreia do Sul, e intensificou o desenvolvimento de uma s\u00e9rie de m\u00edsseis bal\u00edsticos e de um arsenal nuclear, alimentando a tens\u00e3o regional e atraindo san\u00e7\u00f5es internacionais.<\/p>\n<p>O envio de tropas para a R\u00fassia, se confirmado, seria o primeiro grande envolvimento da Coreia do Norte em uma guerra desde a Guerra da Coreia de 1950-53.<\/p>\n<p>      <!-- Relacionada --><\/p>\n<p>            <!-- Relacionada -->\n    <\/div>\n<p><br \/>\n<br \/><a href=\"https:\/\/agenciabrasil.ebc.com.br\/internacional\/noticia\/2024-10\/tropas-norte-coreanas-na-russia-se-preparam-para-guerra-na-ucrania\" rel=\"noopener\">Ag\u00eancia Brasil <\/a><\/p>\n","protected":false},"excerpt":{"rendered":"<p>Um comunicado do Servi\u00e7o Nacional de Intelig\u00eancia da Coreia do Sul (NIS) informou, nesta sexta-feira (18), que a Coreia do Norte enviou 1,5 mil soldados das for\u00e7as especiais para o extremo leste da R\u00fassia para treinamento e aclimata\u00e7\u00e3o em bases militares locais e provavelmente ser\u00e3o enviados para combate na guerra na Ucr\u00e2nia. De acordo com [&hellip;]<\/p>\n","protected":false},"author":1,"featured_media":269,"comment_status":"open","ping_status":"open","sticky":false,"template":"","format":"standard","meta":{"_jetpack_newsletter_access":"","_jetpack_dont_email_post_to_subs":false,"_jetpack_newsletter_tier_id":0,"_jetpack_memberships_contains_paywalled_content":false,"_mbp_banners":[],"_jetpack_feature_clip_id":0,"_jetpack_memberships_contains_paid_content":false,"footnotes":"","jetpack_publicize_message":"","jetpack_publicize_feature_enabled":true,"jetpack_social_post_already_shared":true,"jetpack_social_options":{"image_generator_settings":{"template":"highway","default_image_id":0,"font":"","enabled":false},"version":2},"jetpack_post_was_ever_published":false},"categories":[25],"tags":[],"class_list":["post-15333","post","type-post","status-publish","format-standard","has-post-thumbnail","category-internacional"],"jetpack_publicize_connections":[],"jetpack-related-posts":[],"jetpack_shortlink":"https:\/\/wp.me\/p7Eq1F-3Zj","jetpack_sharing_enabled":true,"jetpack_featured_media_url":"https:\/\/i0.wp.com\/guialimeira.com.br\/news\/wp-content\/uploads\/2024\/03\/thumb_1200x600_agbrasil.png?fit=1200%2C600&ssl=1","_links":{"self":[{"href":"https:\/\/guialimeira.com.br\/news\/wp-json\/wp\/v2\/posts\/15333","targetHints":{"allow":["GET"]}}],"collection":[{"href":"https:\/\/guialimeira.com.br\/news\/wp-json\/wp\/v2\/posts"}],"about":[{"href":"https:\/\/guialimeira.com.br\/news\/wp-json\/wp\/v2\/types\/post"}],"author":[{"embeddable":true,"href":"https:\/\/guialimeira.com.br\/news\/wp-json\/wp\/v2\/users\/1"}],"replies":[{"embeddable":true,"href":"https:\/\/guialimeira.com.br\/news\/wp-json\/wp\/v2\/comments?post=15333"}],"version-history":[{"count":0,"href":"https:\/\/guialimeira.com.br\/news\/wp-json\/wp\/v2\/posts\/15333\/revisions"}],"wp:featuredmedia":[{"embeddable":true,"href":"https:\/\/guialimeira.com.br\/news\/wp-json\/wp\/v2\/media\/269"}],"wp:attachment":[{"href":"https:\/\/guialimeira.com.br\/news\/wp-json\/wp\/v2\/media?parent=15333"}],"wp:term":[{"taxonomy":"category","embeddable":true,"href":"https:\/\/guialimeira.com.br\/news\/wp-json\/wp\/v2\/categories?post=15333"},{"taxonomy":"post_tag","embeddable":true,"href":"https:\/\/guialimeira.com.br\/news\/wp-json\/wp\/v2\/tags?post=15333"}],"curies":[{"name":"wp","href":"https:\/\/api.w.org\/{rel}","templated":true}]}}