{"id":15327,"date":"2024-10-18T09:22:48","date_gmt":"2024-10-18T12:22:48","guid":{"rendered":"https:\/\/guialimeira.com.br\/2024\/10\/18\/mais-medicos-alcanca-quase-80-dos-municipios-de-ate-52-mil-pessoas\/"},"modified":"2024-10-18T09:22:48","modified_gmt":"2024-10-18T12:22:48","slug":"mais-medicos-alcanca-quase-80-dos-municipios-de-ate-52-mil-pessoas","status":"publish","type":"post","link":"https:\/\/guialimeira.com.br\/news\/mais-medicos-alcanca-quase-80-dos-municipios-de-ate-52-mil-pessoas\/","title":{"rendered":"Mais M\u00e9dicos alcan\u00e7a quase 80% dos munic\u00edpios de at\u00e9 52 mil pessoas"},"content":{"rendered":"<p> <br \/>\n<\/p>\n<div>\n<p>Nesta sexta-feira (18), quando \u00e9 celebrado o Dia dos M\u00e9dicos, o Minist\u00e9rio da Sa\u00fade destaca os n\u00fameros alcan\u00e7ados pelo Programa Mais M\u00e9dicos, reestabelecido em 2023.\u00a0Os dados da Secretaria de Aten\u00e7\u00e3o Prim\u00e1ria \u00e0 Sa\u00fade (Saps) indicam que o programa alcan\u00e7a atualmente 80% dos 3,9 mil munic\u00edpios com popula\u00e7\u00e3o entre 700 e 52 mil habitantes, com estimativa de cobertura populacional de 26,9 milh\u00f5es de pessoas. O n\u00famero representa 40,9% da popula\u00e7\u00e3o desses munic\u00edpios.<img data-recalc-dims=\"1\" decoding=\"async\" src=\"https:\/\/i0.wp.com\/agenciabrasil.ebc.com.br\/ebc.png?w=696&#038;ssl=1\" style=\"width:1px; height:1px; display:inline;\"\/><img data-recalc-dims=\"1\" decoding=\"async\" src=\"https:\/\/i0.wp.com\/agenciabrasil.ebc.com.br\/ebc.gif?w=696&#038;ssl=1\" style=\"width:1px; height:1px; display:inline;\"\/><\/p>\n<blockquote>\n<p>\u00a0\u201c\u00c9 uma grande conquista ver o crescimento desse programa essencial para o SUS chegar a todo o pa\u00eds. O Mais M\u00e9dicos \u00e9 uma realidade e faz a diferen\u00e7a. Quando assumimos o governo, havia 13 mil profissionais. At\u00e9 o final da gest\u00e3o, alcan\u00e7aremos a meta dos 28 mil\u201d, diz a ministra da Sa\u00fade, N\u00edsia Trindade.<\/p>\n<\/blockquote>\n<p>Os munic\u00edpios de maior vulnerabilidade social tamb\u00e9m tiveram avan\u00e7os na cobertura do programa: 60% dos m\u00e9dicos est\u00e3o nessas regi\u00f5es. Na Amaz\u00f4nia Legal, nove munic\u00edpios de alta vulnerabilidade passaram a ter m\u00e9dicos: Amap\u00e1 do Maranh\u00e3o, no Maranh\u00e3o; Anori, Nhamunda, Quaticuru e Santa Isabel do Rio Negro, no Amazonas; Calcoene, no Amap\u00e1; Lizarda,\u00a0\u00a0 \u00a0e Paran\u00e3, no Tocantins; e Santa Luiza do Par\u00e1, no Par\u00e1.<\/p>\n<p>Tamb\u00e9m foi registrado crescimento do Mais M\u00e9dicos na assist\u00eancia \u00e0 sa\u00fade ind\u00edgena. Em dezembro de 2022, eram 224. Em setembro deste ano, esse n\u00famero saltou para 570 profissionais ativos.<\/p>\n<p>Desde o ano passado, os profissionais da \u00e1rea podem fazer especializa\u00e7\u00e3o e mestrado por meio da Estrat\u00e9gia Nacional de Forma\u00e7\u00e3o de Especialistas para a Sa\u00fade, que integra os programas de forma\u00e7\u00e3o, provimento e educa\u00e7\u00e3o pelo trabalho no \u00e2mbito do Sistema \u00danico de Sa\u00fade (SUS).<\/p>\n<p>Uma novidade presente no 38\u00ba edital do programa foi a oferta de vagas afirmativas, no regime de cotas, para pessoas com defici\u00eancia e grupos \u00e9tnico-raciais, como negros, quilombolas e ind\u00edgenas.<\/p>\n<p>Na \u00faltima semana, o Minist\u00e9rio da Sa\u00fade promoveu, em parceria com o Minist\u00e9rio da Educa\u00e7\u00e3o, o 3\u00b0 M\u00f3dulo de Acolhimento e Avalia\u00e7\u00e3o de 2024 do Programa Mais M\u00e9dicos. Participaram 364 m\u00e9dicos intercambistas, todos brasileiros formados no exterior. Trinta desses profissionais atuar\u00e3o na Sa\u00fade Ind\u00edgena, dez no Consult\u00f3rio na Rua e 15 na Sa\u00fade Prisional.<\/p>\n<p>      <!-- Relacionada --><\/p>\n<p>            <!-- Relacionada -->\n    <\/div>\n<p><br \/>\n<br \/><a href=\"https:\/\/agenciabrasil.ebc.com.br\/saude\/noticia\/2024-10\/mais-medicos-alcanca-quase-80-dos-municipios-de-ate-52-mil-pessoas\" rel=\"noopener\">Ag\u00eancia Brasil <\/a><\/p>\n","protected":false},"excerpt":{"rendered":"<p>Nesta sexta-feira (18), quando \u00e9 celebrado o Dia dos M\u00e9dicos, o Minist\u00e9rio da Sa\u00fade destaca os n\u00fameros alcan\u00e7ados pelo Programa Mais M\u00e9dicos, reestabelecido em 2023.\u00a0Os dados da Secretaria de Aten\u00e7\u00e3o Prim\u00e1ria \u00e0 Sa\u00fade (Saps) indicam que o programa alcan\u00e7a atualmente 80% dos 3,9 mil munic\u00edpios com popula\u00e7\u00e3o entre 700 e 52 mil habitantes, com estimativa [&hellip;]<\/p>\n","protected":false},"author":1,"featured_media":9473,"comment_status":"open","ping_status":"open","sticky":false,"template":"","format":"standard","meta":{"_jetpack_newsletter_access":"","_jetpack_dont_email_post_to_subs":false,"_jetpack_newsletter_tier_id":0,"_jetpack_memberships_contains_paywalled_content":false,"_mbp_banners":[],"_jetpack_feature_clip_id":0,"_jetpack_memberships_contains_paid_content":false,"footnotes":"","jetpack_publicize_message":"","jetpack_publicize_feature_enabled":true,"jetpack_social_post_already_shared":true,"jetpack_social_options":{"image_generator_settings":{"template":"highway","default_image_id":0,"font":"","enabled":false},"version":2},"jetpack_post_was_ever_published":false},"categories":[15],"tags":[],"class_list":["post-15327","post","type-post","status-publish","format-standard","has-post-thumbnail","category-saude"],"jetpack_publicize_connections":[],"jetpack-related-posts":[],"jetpack_shortlink":"https:\/\/wp.me\/p7Eq1F-3Zd","jetpack_sharing_enabled":true,"jetpack_featured_media_url":"https:\/\/i0.wp.com\/guialimeira.com.br\/news\/wp-content\/uploads\/2024\/07\/mais-medicos_mcamgo_abr_18082023-2.jpg?fit=1600%2C800&ssl=1","_links":{"self":[{"href":"https:\/\/guialimeira.com.br\/news\/wp-json\/wp\/v2\/posts\/15327","targetHints":{"allow":["GET"]}}],"collection":[{"href":"https:\/\/guialimeira.com.br\/news\/wp-json\/wp\/v2\/posts"}],"about":[{"href":"https:\/\/guialimeira.com.br\/news\/wp-json\/wp\/v2\/types\/post"}],"author":[{"embeddable":true,"href":"https:\/\/guialimeira.com.br\/news\/wp-json\/wp\/v2\/users\/1"}],"replies":[{"embeddable":true,"href":"https:\/\/guialimeira.com.br\/news\/wp-json\/wp\/v2\/comments?post=15327"}],"version-history":[{"count":0,"href":"https:\/\/guialimeira.com.br\/news\/wp-json\/wp\/v2\/posts\/15327\/revisions"}],"wp:featuredmedia":[{"embeddable":true,"href":"https:\/\/guialimeira.com.br\/news\/wp-json\/wp\/v2\/media\/9473"}],"wp:attachment":[{"href":"https:\/\/guialimeira.com.br\/news\/wp-json\/wp\/v2\/media?parent=15327"}],"wp:term":[{"taxonomy":"category","embeddable":true,"href":"https:\/\/guialimeira.com.br\/news\/wp-json\/wp\/v2\/categories?post=15327"},{"taxonomy":"post_tag","embeddable":true,"href":"https:\/\/guialimeira.com.br\/news\/wp-json\/wp\/v2\/tags?post=15327"}],"curies":[{"name":"wp","href":"https:\/\/api.w.org\/{rel}","templated":true}]}}