{"id":15284,"date":"2024-10-16T21:45:48","date_gmt":"2024-10-17T00:45:48","guid":{"rendered":"https:\/\/guialimeira.com.br\/2024\/10\/16\/rj-convoca-2o-colocado-em-pregao-para-assumir-servicos-do-pcs-saleme\/"},"modified":"2024-10-16T21:45:48","modified_gmt":"2024-10-17T00:45:48","slug":"rj-convoca-2o-colocado-em-pregao-para-assumir-servicos-do-pcs-saleme","status":"publish","type":"post","link":"https:\/\/guialimeira.com.br\/news\/rj-convoca-2o-colocado-em-pregao-para-assumir-servicos-do-pcs-saleme\/","title":{"rendered":"RJ convoca 2\u00ba colocado em preg\u00e3o para assumir servi\u00e7os do PCS Saleme"},"content":{"rendered":"<p> <br \/>\n<\/p>\n<div>\n<p>A Funda\u00e7\u00e3o Sa\u00fade ir\u00e1 contratar de forma emergencial o segundo colocado em preg\u00e3o, para assumir o lugar do laborat\u00f3rio PCS Lab Saleme, no Rio de Janeiro. A Funda\u00e7\u00e3o diz ainda que prepara licita\u00e7\u00e3o para a contrata\u00e7\u00e3o de um novo laborat\u00f3rio.<img data-recalc-dims=\"1\" decoding=\"async\" src=\"https:\/\/i0.wp.com\/agenciabrasil.ebc.com.br\/ebc.png?w=696&#038;ssl=1\" style=\"width:1px; height:1px; display:inline;\"\/><img data-recalc-dims=\"1\" decoding=\"async\" src=\"https:\/\/i0.wp.com\/agenciabrasil.ebc.com.br\/ebc.gif?w=696&#038;ssl=1\" style=\"width:1px; height:1px; display:inline;\"\/><\/p>\n<p>Em nota \u00e0 imprensa, a\u00a0Funda\u00e7\u00e3o Sa\u00fade afirmou que \u201co processo de contrata\u00e7\u00e3o emergencial para a empresa que vai substituir neste momento o Laborat\u00f3rio PCS j\u00e1 est\u00e1 em andamento e que o segundo colocado do preg\u00e3o foi convocado. A licita\u00e7\u00e3o para a contrata\u00e7\u00e3o de um novo laborat\u00f3rio j\u00e1 est\u00e1 em fase de prepara\u00e7\u00e3o pela Funda\u00e7\u00e3o Sa\u00fade\u201d.\u00a0<\/p>\n<p>Segundo a Funda\u00e7\u00e3o Sa\u00fade, o laborat\u00f3rio Rocha e Fonseca Diagn\u00f3sticos, segundo colocado da licita\u00e7\u00e3o, j\u00e1 confirmou interesse em prestar servi\u00e7o \u00e0 rede estadual. \u201cA contrata\u00e7\u00e3o est\u00e1 em fase de analise da documenta\u00e7\u00e3o e de capacidade t\u00e9cnica\u201d, disse \u00e0 <strong>Ag\u00eancia Brasil<\/strong>.\u00a0<\/p>\n<p>A Funda\u00e7\u00e3o Sa\u00fade \u00e9 uma entidade p\u00fablica, de personalidade jur\u00eddica de direito privado que \u00e9 vinculada \u00e0 Secretaria Estadual de Sa\u00fade. A Funda\u00e7\u00e3o \u00e9 respons\u00e1vel por gerir as unidades de sa\u00fade da rede estadual.<\/p>\n<p>O laborat\u00f3rio PCS Lab Saleme \u00e9\u00a0investigado por expedir laudos errados que levaram \u00e0 infec\u00e7\u00e3o por HIV de seis pacientes transplantados no Rio de Janeiro. Ele foi contratado, por meio de preg\u00e3o eletr\u00f4nico, em dezembro de 2023, pela Funda\u00e7\u00e3o Sa\u00fade. O contrato foi assinado no valor de R$ 9,8 milh\u00f5es.<\/p>\n<p>Ap\u00f3s o ocorrido, o PCS Lab Saleme foi interditado pela Vigil\u00e2ncia Sanit\u00e1ria local, com orienta\u00e7\u00e3o t\u00e9cnica da Ag\u00eancia Nacional de Vigil\u00e2ncia Sanit\u00e1ria (Anvisa), at\u00e9 a conclus\u00e3o das investiga\u00e7\u00f5es, com foco na seguran\u00e7a dos transplantes. Novos exames pr\u00e9-transplante est\u00e3o sendo realizados no Hemorio.<\/p>\n<p>A Pol\u00edcia Civil investiga o caso, que est\u00e1 sob sigilo. <a href=\"https:\/\/agenciabrasil.ebc.com.br\/saude\/noticia\/2024-10\/rj-policia-prende-4o-investigado-por-laudos-errados-para-transplantes\" target=\"_blank\" rel=\"noopener\">Um dos s\u00f3cios do laborat\u00f3rio e tr\u00eas funcion\u00e1rios foram presos<\/a>.\u00a0<\/p>\n<p>O caso, sem precedentes, \u00e9 <a href=\"https:\/\/agenciabrasil.ebc.com.br\/saude\/noticia\/2024-10\/infeccao-por-hiv-em-transplantes-e-investigada-no-rio\" target=\"_blank\" rel=\"noopener\">considerado grave<\/a> por entidade m\u00e9dicas, pela Secretaria de Estado de Sa\u00fade (SES) e pelo Minist\u00e9rio da Sa\u00fade.\u00a0<\/p>\n<p>O Sistema Nacional de Transplantes \u00e9 considerado o <a href=\"https:\/\/agenciabrasil.ebc.com.br\/saude\/noticia\/2024-10\/transplantes-sao-seguros-e-salvam-vidas-dizem-entidades\" target=\"_blank\" rel=\"noopener\">maior programa p\u00fablico de transplante<\/a> de \u00f3rg\u00e3os, tecidos e c\u00e9lulas do mundo. Ele \u00e9 garantido a toda a popula\u00e7\u00e3o por meio do Sistema \u00danico de Sa\u00fade (SUS) e \u00e9 respons\u00e1vel pelo financiamento de cerca de 88% dos transplantes no pa\u00eds, segundo dados do Minist\u00e9rio da Sa\u00fade.<\/p>\n<p>      <!-- Relacionada --><\/p>\n<p>            <!-- Relacionada -->\n    <\/div>\n<p><br \/>\n<br \/><a href=\"https:\/\/agenciabrasil.ebc.com.br\/saude\/noticia\/2024-10\/rj-convoca-2o-colocado-em-pregao-para-assumir-servicos-do-pcs-saleme\" rel=\"noopener\">Ag\u00eancia Brasil <\/a><\/p>\n","protected":false},"excerpt":{"rendered":"<p>A Funda\u00e7\u00e3o Sa\u00fade ir\u00e1 contratar de forma emergencial o segundo colocado em preg\u00e3o, para assumir o lugar do laborat\u00f3rio PCS Lab Saleme, no Rio de Janeiro. A Funda\u00e7\u00e3o diz ainda que prepara licita\u00e7\u00e3o para a contrata\u00e7\u00e3o de um novo laborat\u00f3rio. Em nota \u00e0 imprensa, a\u00a0Funda\u00e7\u00e3o Sa\u00fade afirmou que \u201co processo de contrata\u00e7\u00e3o emergencial para a [&hellip;]<\/p>\n","protected":false},"author":1,"featured_media":15285,"comment_status":"open","ping_status":"open","sticky":false,"template":"","format":"standard","meta":{"_jetpack_newsletter_access":"","_jetpack_dont_email_post_to_subs":false,"_jetpack_newsletter_tier_id":0,"_jetpack_memberships_contains_paywalled_content":false,"_mbp_banners":[],"_jetpack_feature_clip_id":0,"_jetpack_memberships_contains_paid_content":false,"footnotes":"","jetpack_publicize_message":"","jetpack_publicize_feature_enabled":true,"jetpack_social_post_already_shared":true,"jetpack_social_options":{"image_generator_settings":{"template":"highway","default_image_id":0,"font":"","enabled":false},"version":2},"jetpack_post_was_ever_published":false},"categories":[15],"tags":[],"class_list":["post-15284","post","type-post","status-publish","format-standard","has-post-thumbnail","category-saude"],"jetpack_publicize_connections":[],"jetpack-related-posts":[],"jetpack_shortlink":"https:\/\/wp.me\/p7Eq1F-3Yw","jetpack_sharing_enabled":true,"jetpack_featured_media_url":"https:\/\/i0.wp.com\/guialimeira.com.br\/news\/wp-content\/uploads\/2024\/10\/1000005075.jpg?fit=1600%2C800&ssl=1","_links":{"self":[{"href":"https:\/\/guialimeira.com.br\/news\/wp-json\/wp\/v2\/posts\/15284","targetHints":{"allow":["GET"]}}],"collection":[{"href":"https:\/\/guialimeira.com.br\/news\/wp-json\/wp\/v2\/posts"}],"about":[{"href":"https:\/\/guialimeira.com.br\/news\/wp-json\/wp\/v2\/types\/post"}],"author":[{"embeddable":true,"href":"https:\/\/guialimeira.com.br\/news\/wp-json\/wp\/v2\/users\/1"}],"replies":[{"embeddable":true,"href":"https:\/\/guialimeira.com.br\/news\/wp-json\/wp\/v2\/comments?post=15284"}],"version-history":[{"count":0,"href":"https:\/\/guialimeira.com.br\/news\/wp-json\/wp\/v2\/posts\/15284\/revisions"}],"wp:featuredmedia":[{"embeddable":true,"href":"https:\/\/guialimeira.com.br\/news\/wp-json\/wp\/v2\/media\/15285"}],"wp:attachment":[{"href":"https:\/\/guialimeira.com.br\/news\/wp-json\/wp\/v2\/media?parent=15284"}],"wp:term":[{"taxonomy":"category","embeddable":true,"href":"https:\/\/guialimeira.com.br\/news\/wp-json\/wp\/v2\/categories?post=15284"},{"taxonomy":"post_tag","embeddable":true,"href":"https:\/\/guialimeira.com.br\/news\/wp-json\/wp\/v2\/tags?post=15284"}],"curies":[{"name":"wp","href":"https:\/\/api.w.org\/{rel}","templated":true}]}}