{"id":15211,"date":"2024-10-15T09:33:58","date_gmt":"2024-10-15T12:33:58","guid":{"rendered":"https:\/\/guialimeira.com.br\/?p=15211"},"modified":"2024-10-15T09:34:01","modified_gmt":"2024-10-15T12:34:01","slug":"suzano-contribui-para-retirada-de-mais-de-51-mil-pessoas-da-linha-da-pobreza-nos-ultimos-anos","status":"publish","type":"post","link":"https:\/\/guialimeira.com.br\/news\/suzano-contribui-para-retirada-de-mais-de-51-mil-pessoas-da-linha-da-pobreza-nos-ultimos-anos\/","title":{"rendered":"Suzano contribui para retirada de mais de 51 mil pessoas da linha da pobreza nos \u00faltimos anos"},"content":{"rendered":"\n<p class=\"wp-block-paragraph\"><em>De acordo com dados do Relat\u00f3rio de Sustentabilidade 2023, a empresa tem avan\u00e7ado na estrat\u00e9gia de desenvolvimento social nas comunidades onde atua em todo o Brasil<\/em><\/p>\n\n\n\n<p class=\"wp-block-paragraph\">Na semana em que se comemora o Dia Internacional para a Erradica\u00e7\u00e3o da Pobreza, celebrado oficialmente no dia 17 de outubro, a Suzano maior produtora mundial de celulose e refer\u00eancia global na fabrica\u00e7\u00e3o de bioprodutos desenvolvidos a partir do eucalipto, refor\u00e7a o compromisso de contribuir para a retirada de 200 mil pessoas da linha da pobreza nas suas \u00e1reas de atua\u00e7\u00e3o at\u00e9 2030. No per\u00edodo de 2021 a 2023, a empresa avan\u00e7ou em sua estrat\u00e9gia social e contribuiu para a sa\u00edda de mais de 51 mil pessoas dessa condi\u00e7\u00e3o por meio de investimentos em projetos sociais voltados para a gera\u00e7\u00e3o de renda, fortalecimento de neg\u00f3cios e capacita\u00e7\u00e3o de jovens. Os dados s\u00e3o do Relat\u00f3rio de Sustentabilidade da empresa, que foi divulgado neste ano e traz os principais resultados alcan\u00e7ados pela empresa ao longo do ano anterior.<\/p>\n\n\n\n<p class=\"wp-block-paragraph\">Ainda de acordo com o documento, o investimento da Suzano em projetos sociais aumentou 36% de 2021 para 2023, atingindo seu maior volume hist\u00f3rico. Somente no ano passado, a companhia destinou R$ 49,3 milh\u00f5es a iniciativas sociais estruturadas nas frentes de relacionamento, gera\u00e7\u00e3o de renda e educa\u00e7\u00e3o. Ao todo, mais de 347 mil pessoas foram beneficiadas por essas a\u00e7\u00f5es em 2023.<\/p>\n\n\n\n<p class=\"wp-block-paragraph\">A empresa investe em projetos que abrangem diversas frentes, como reciclagem inclusiva, empreendedorismo, redes de abastecimento territorial e acesso ao emprego, sempre respeitando as particularidades e voca\u00e7\u00f5es de cada regi\u00e3o do Estado.<\/p>\n\n\n\n<p class=\"wp-block-paragraph\">De acordo com o Gerente de Sustentabilidade da Suzano, Andr\u00e9 Becher, a expectativa para este ano \u00e9 de que a empresa siga avan\u00e7ando na estrat\u00e9gia \u201cA Suzano acredita que um mundo mais justo se constr\u00f3i com atitudes que transformam toda a sociedade. Por isso, assumimos o compromisso p\u00fablico de contribuir no combate \u00e0 pobreza nas regi\u00f5es onde atuamos junto a parceiros nacionais, regionais e locais e temos conquistado avan\u00e7os significativos ano ap\u00f3s ano. Para n\u00f3s, mais do que n\u00fameros e metas, esses investimentos s\u00e3o fundamentais para resgatar a autonomia e a autoestima de pessoas em situa\u00e7\u00e3o de vulnerabilidade, oferecendo oportunidades reais de transforma\u00e7\u00e3o. Guiados por esse objetivo, vamos continuar desenvolvendo diversas iniciativas e parcerias estrat\u00e9gicas que est\u00e3o alinhadas com o nosso direcionador que diz que s\u00f3 \u00e9 bom para n\u00f3s se for bom para o mundo\u201d, afirma.<\/p>\n\n\n\n<p class=\"wp-block-paragraph\">Al\u00e9m das iniciativas pr\u00f3prias, a Suzano busca engajar parceiros na agenda de desenvolvimento social. Neste ano, foram firmados acordos com institui\u00e7\u00f5es como Gerando Falc\u00f5es, no desenvolvimento do programa ASMARA, que estimula o empreendedorismo feminino; o Instituto Terro\u00e1, na realiza\u00e7\u00e3o do Projeto Co-labora, que prev\u00ea o fortalecimento da agricultura familiar, al\u00e9m das parcerias com o Instituto Bold, Instituto Alian\u00e7a e Zurich Foundation, para o desenvolvimento de projetos que focam na capacita\u00e7\u00e3o, preparo e inser\u00e7\u00e3o de talentos no mercado de trabalho.<\/p>\n\n\n\n<p class=\"wp-block-paragraph\">A empresa ainda renovou parcerias para continuidade e expans\u00e3o de projetos que t\u00eam gerado resultados positivos, como o Projeto Semente, realizado em parceria com o Sebrae, que oferece capacita\u00e7\u00f5es em empreendedorismo, mentorias e acompanhamento no acesso a mercados (comercializa\u00e7\u00e3o dos produtos), o Vem Pro Rugby, em parceria com a Confedera\u00e7\u00e3o Brasileira de Rugby, que estimula a pr\u00e1tica esportiva e contribui para a forma\u00e7\u00e3o de crian\u00e7as e adolescentes.<\/p>\n\n\n\n<p class=\"wp-block-paragraph\">Por meio dessas iniciativas, a Suzano reitera o compromisso com as comunidades locais para criar um ciclo de inclus\u00e3o, desenvolvimento econ\u00f4mico e sustentabilidade.<\/p>\n\n\n\n<p class=\"wp-block-paragraph\">O&nbsp;Relat\u00f3rio de Sustentabilidade 2023 est\u00e1 dispon\u00edvel&nbsp;na&nbsp;<a href=\"https:\/\/centraldesustentabilidade.suzano.com.br\/\" target=\"_blank\" rel=\"noreferrer noopener\">Central de Sustentabilidade da Suzano<\/a>,&nbsp;um&nbsp;<em>hub<\/em>&nbsp;de conte\u00fado exclusivo e atualizado sobre aspectos de sustentabilidade da companhia.<\/p>\n\n\n\n<p class=\"wp-block-paragraph\"><strong>Sobre a Suzano<\/strong><\/p>\n\n\n\n<p class=\"wp-block-paragraph\">A Suzano \u00e9 a maior produtora mundial de celulose, uma das maiores produtoras de pap\u00e9is da Am\u00e9rica Latina, l\u00edder no segmento de papel higi\u00eanico no Brasil e refer\u00eancia no desenvolvimento de solu\u00e7\u00f5es sustent\u00e1veis e inovadoras a partir de mat\u00e9ria-prima de fonte renov\u00e1vel. Nossos produtos e solu\u00e7\u00f5es est\u00e3o presentes na vida de mais de 2 bilh\u00f5es de pessoas, abastecem mais de 100 pa\u00edses e incluem celulose, pap\u00e9is para imprimir e escrever, pap\u00e9is para embalagens, copos e canudos, pap\u00e9is sanit\u00e1rios e produtos absorventes, al\u00e9m de novos bioprodutos desenvolvidos para atender a demanda global. A inova\u00e7\u00e3o e a sustentabilidade orientam nosso prop\u00f3sito de \u201cRenovar a vida a partir da \u00e1rvore\u201d e nosso trabalho no enfrentamento dos desafios da sociedade e do planeta. Com 100 anos de hist\u00f3ria, temos a\u00e7\u00f5es nas bolsas do Brasil (SUZB3) e dos Estados Unidos (SUZ). Saiba mais na p\u00e1gina&nbsp;<a href=\"http:\/\/www.suzano.com.br\/\" target=\"_blank\" rel=\"noreferrer noopener\">www.suzano.com.br<\/a><\/p>\n","protected":false},"excerpt":{"rendered":"<p>De acordo com dados do Relat\u00f3rio de Sustentabilidade 2023, a empresa tem avan\u00e7ado na estrat\u00e9gia de desenvolvimento social nas comunidades onde atua em todo o Brasil Na semana em que se comemora o Dia Internacional para a Erradica\u00e7\u00e3o da Pobreza, celebrado oficialmente no dia 17 de outubro, a Suzano maior produtora mundial de celulose e [&hellip;]<\/p>\n","protected":false},"author":2,"featured_media":15212,"comment_status":"open","ping_status":"open","sticky":false,"template":"","format":"standard","meta":{"_jetpack_newsletter_access":"","_jetpack_dont_email_post_to_subs":false,"_jetpack_newsletter_tier_id":0,"_jetpack_memberships_contains_paywalled_content":false,"_mbp_banners":[],"_jetpack_feature_clip_id":0,"_jetpack_memberships_contains_paid_content":false,"footnotes":"","jetpack_publicize_message":"","jetpack_publicize_feature_enabled":true,"jetpack_social_post_already_shared":true,"jetpack_social_options":{"image_generator_settings":{"template":"highway","default_image_id":0,"font":"","enabled":false},"version":2},"jetpack_post_was_ever_published":false},"categories":[1],"tags":[],"class_list":["post-15211","post","type-post","status-publish","format-standard","has-post-thumbnail","category-geral"],"jetpack_publicize_connections":[],"jetpack-related-posts":[],"jetpack_shortlink":"https:\/\/wp.me\/p7Eq1F-3Xl","jetpack_sharing_enabled":true,"jetpack_featured_media_url":"https:\/\/i0.wp.com\/guialimeira.com.br\/news\/wp-content\/uploads\/2024\/10\/projeto-social-Suzano.jpeg?fit=1280%2C960&ssl=1","_links":{"self":[{"href":"https:\/\/guialimeira.com.br\/news\/wp-json\/wp\/v2\/posts\/15211","targetHints":{"allow":["GET"]}}],"collection":[{"href":"https:\/\/guialimeira.com.br\/news\/wp-json\/wp\/v2\/posts"}],"about":[{"href":"https:\/\/guialimeira.com.br\/news\/wp-json\/wp\/v2\/types\/post"}],"author":[{"embeddable":true,"href":"https:\/\/guialimeira.com.br\/news\/wp-json\/wp\/v2\/users\/2"}],"replies":[{"embeddable":true,"href":"https:\/\/guialimeira.com.br\/news\/wp-json\/wp\/v2\/comments?post=15211"}],"version-history":[{"count":1,"href":"https:\/\/guialimeira.com.br\/news\/wp-json\/wp\/v2\/posts\/15211\/revisions"}],"predecessor-version":[{"id":15213,"href":"https:\/\/guialimeira.com.br\/news\/wp-json\/wp\/v2\/posts\/15211\/revisions\/15213"}],"wp:featuredmedia":[{"embeddable":true,"href":"https:\/\/guialimeira.com.br\/news\/wp-json\/wp\/v2\/media\/15212"}],"wp:attachment":[{"href":"https:\/\/guialimeira.com.br\/news\/wp-json\/wp\/v2\/media?parent=15211"}],"wp:term":[{"taxonomy":"category","embeddable":true,"href":"https:\/\/guialimeira.com.br\/news\/wp-json\/wp\/v2\/categories?post=15211"},{"taxonomy":"post_tag","embeddable":true,"href":"https:\/\/guialimeira.com.br\/news\/wp-json\/wp\/v2\/tags?post=15211"}],"curies":[{"name":"wp","href":"https:\/\/api.w.org\/{rel}","templated":true}]}}