{"id":15192,"date":"2024-10-14T17:02:44","date_gmt":"2024-10-14T20:02:44","guid":{"rendered":"https:\/\/guialimeira.com.br\/2024\/10\/14\/brasil-condena-ataques-de-israel-contra-bases-da-onu-no-libano\/"},"modified":"2024-10-14T17:02:44","modified_gmt":"2024-10-14T20:02:44","slug":"brasil-condena-ataques-de-israel-contra-bases-da-onu-no-libano","status":"publish","type":"post","link":"https:\/\/guialimeira.com.br\/news\/brasil-condena-ataques-de-israel-contra-bases-da-onu-no-libano\/","title":{"rendered":"Brasil condena ataques de Israel contra bases da ONU no L\u00edbano"},"content":{"rendered":"<p> <br \/>\n<\/p>\n<div>\n<p>O Minist\u00e9rio das Rela\u00e7\u00f5es Exteriores (MRE) do Brasil condenou nesta segunda-feira (14) os ataques de Israel contra a miss\u00e3o de paz das Na\u00e7\u00f5es Unidas (ONU) no L\u00edbano, a Unifil. Ainda segundo o governo brasileiro, os ataques de Israel contra a ONU violam o direito internacional.<img data-recalc-dims=\"1\" decoding=\"async\" src=\"https:\/\/i0.wp.com\/agenciabrasil.ebc.com.br\/ebc.png?w=696&#038;ssl=1\" style=\"width:1px; height:1px; display:inline;\"\/><img data-recalc-dims=\"1\" decoding=\"async\" src=\"https:\/\/i0.wp.com\/agenciabrasil.ebc.com.br\/ebc.gif?w=696&#038;ssl=1\" style=\"width:1px; height:1px; display:inline;\"\/><\/p>\n<p>\u201cO Brasil condena veementemente a invas\u00e3o ontem, 13\/10, de base da miss\u00e3o de paz da ONU no L\u00edbano (Unifil) pelas for\u00e7as armadas de Israel. Dois tanques destru\u00edram o port\u00e3o principal e invadiram uma base da Unifil, onde ficaram 45 minutos, e disparos a tiros foram realizados nas proximidades\u201d, afirmou o Itamaraty por meio de nota.<\/p>\n<p>O governo brasileiro lembrou que este foi o terceiro dia de ataques israelenses contra integrantes ou instala\u00e7\u00f5es da Unifil\u00a0desde a semana passada, ferindo cinco membros da miss\u00e3o de paz da ONU. \u201cO Brasil repudia as viola\u00e7\u00f5es sistem\u00e1ticas verificadas nos \u00faltimos dias\u201d, diz o comunicado, lembrando que militares brasileiros lideraram a for\u00e7a mar\u00edtima da Unifil\u00a0entre 2011 e 2021.<\/p>\n<blockquote>\n<p>\u201cAtaques deliberados contra integrantes de miss\u00f5es de manuten\u00e7\u00e3o da paz e instala\u00e7\u00f5es da ONU s\u00e3o absolutamente inaceit\u00e1veis e constituem grave viola\u00e7\u00e3o do Direito Internacional, do Direito Internacional Humanit\u00e1rio e das resolu\u00e7\u00f5es do Conselho de Seguran\u00e7a da ONU\u201d, completou o Itamaraty.<\/p>\n<\/blockquote>\n<p>A nota do MRE tamb\u00e9m criticou a manifesta\u00e7\u00e3o do governo de Israel pedindo a retirada da Unifil\u00a0do sul do L\u00edbano e o fim das hostilidades.<\/p>\n<p>\u201cA miss\u00e3o de paz foi estabelecida em 1978 pelo Conselho de Seguran\u00e7a e atua desde ent\u00e3o na manuten\u00e7\u00e3o da paz e da seguran\u00e7a no sul do L\u00edbano. A miss\u00e3o apoia o governo do L\u00edbano na restaura\u00e7\u00e3o de sua autoridade na \u00e1rea; facilita o retorno de civis deslocados; presta assist\u00eancia humanit\u00e1ria; e busca garantir que a \u00e1rea n\u00e3o seja usada por grupos armados\u201d, finalizou o Itamaraty.<\/p>\n<p>Em mensagem publicada neste domingo (13) em uma rede social, o primeiro-ministro de Israel, Benjamin Netanyahu, pediu ao secret\u00e1rio-geral da ONU, Ant\u00f3nio Guterres, que<a href=\"https:\/\/agenciabrasil.ebc.com.br\/internacional\/noticia\/2024-10\/onu-diz-que-tanques-israelenses-invadiram-base-de-forcas-de-paz\" target=\"_blank\" rel=\"noopener\"> retire as tropas da ONU do sul do L\u00edbano<\/a>.<\/p>\n<p>Nesta segunda-feira (14), Netanyahu voltou a pedir a sa\u00edda da Unifil\u00a0da regi\u00e3o. \u201cA melhor maneira de garantir a seguran\u00e7a do pessoal da Unifil\u00a0\u00e9 que a Unifil atenda ao pedido de Israel e saia temporariamente do caminho do perigo\u201d, afirmou.<\/p>\n<blockquote class=\"twitter-tweet\" data-media-max-width=\"560\">\n<p dir=\"ltr\" lang=\"en\" xml:lang=\"en\">UNIFIL &#8211; get out of harm\u2019s way! <a href=\"https:\/\/t.co\/vCnw7XLWCo\">pic.twitter.com\/vCnw7XLWCo<\/a><\/p>\n<p>\u2014 Benjamin Netanyahu &#8211; \u05d1\u05e0\u05d9\u05de\u05d9\u05df \u05e0\u05ea\u05e0\u05d9\u05d4\u05d5 (@netanyahu) <a href=\"https:\/\/twitter.com\/netanyahu\/status\/1845887333830103284?ref_src=twsrc%5Etfw\" rel=\"noopener\">October 14, 2024<\/a><\/p><\/blockquote>\n<p>Em resposta, o secret\u00e1rio-geral da ONU, Ant\u00f3nio Guterres, afirmou que a seguran\u00e7a do pessoal da ONU deve ser garantida. \u201cA inviolabilidade das instala\u00e7\u00f5es da ONU deve ser respeitada em todos os momentos. Ataques contra for\u00e7as de paz violam o direito internacional e podem constituir um crime de guerra\u201d, destacou o chefe da ONU.<\/p>\n<h2>L\u00edbano<\/h2>\n<p>Israel tem promovido, nas \u00faltimas semanas, uma s\u00e9rie de bombardeios em massa e ataques contra o territ\u00f3rio do L\u00edbano. Estima-se que a nova ofensiva for\u00e7ou o deslocamento de mais de 1,2 milh\u00e3o de pessoas na regi\u00e3o.\u00a0<\/p>\n<p>O governo israelense justifica que busca destruir o grupo Hezbollah, que controla o sul do L\u00edbano e que, desde o dia <a href=\"https:\/\/agenciabrasil.ebc.com.br\/geral\/noticia\/2024-09\/entenda-por-que-gaza-motivou-os-bombardeios-de-israel-contra-o-libano\" target=\"_blank\" rel=\"noopener\">8 de outubro de 2023<\/a>, tem realizado ataques contra instala\u00e7\u00f5es militares israelenses em solidariedade aos palestinos da Faixa de Gaza.<\/p>\n<p>As batalhas entre os militares israelenses e os grupos da resist\u00eancia libanesa ap\u00f3s o 7 de outubro for\u00e7ou o deslocamento de dezenas de milhares de israelenses do norte do pa\u00eds e preocupa Tel-Aviv com a possiblidade do conflito inviabilizar o Porto de Haifa, no Mar Mediterr\u00e2neo.\u00a0<\/p>\n<p>      <!-- Relacionada --><\/p>\n<p>            <!-- Relacionada -->\n    <\/div>\n<p><script async src=\"\/\/platform.twitter.com\/widgets.js\" charset=\"utf-8\"><\/script><br \/>\n<br \/><br \/>\n<br \/><a href=\"https:\/\/agenciabrasil.ebc.com.br\/internacional\/noticia\/2024-10\/brasil-condena-ataques-de-israel-contra-bases-da-onu-no-libano\" rel=\"noopener\">Ag\u00eancia Brasil <\/a><\/p>\n","protected":false},"excerpt":{"rendered":"<p>O Minist\u00e9rio das Rela\u00e7\u00f5es Exteriores (MRE) do Brasil condenou nesta segunda-feira (14) os ataques de Israel contra a miss\u00e3o de paz das Na\u00e7\u00f5es Unidas (ONU) no L\u00edbano, a Unifil. Ainda segundo o governo brasileiro, os ataques de Israel contra a ONU violam o direito internacional. \u201cO Brasil condena veementemente a invas\u00e3o ontem, 13\/10, de base [&hellip;]<\/p>\n","protected":false},"author":1,"featured_media":307,"comment_status":"open","ping_status":"open","sticky":false,"template":"","format":"standard","meta":{"_jetpack_newsletter_access":"","_jetpack_dont_email_post_to_subs":false,"_jetpack_newsletter_tier_id":0,"_jetpack_memberships_contains_paywalled_content":false,"_mbp_banners":[],"_jetpack_feature_clip_id":0,"_jetpack_memberships_contains_paid_content":false,"footnotes":"","jetpack_publicize_message":"","jetpack_publicize_feature_enabled":true,"jetpack_social_post_already_shared":true,"jetpack_social_options":{"image_generator_settings":{"template":"highway","default_image_id":0,"font":"","enabled":false},"version":2},"jetpack_post_was_ever_published":false},"categories":[25],"tags":[],"class_list":["post-15192","post","type-post","status-publish","format-standard","has-post-thumbnail","category-internacional"],"jetpack_publicize_connections":[],"jetpack-related-posts":[],"jetpack_shortlink":"https:\/\/wp.me\/p7Eq1F-3X2","jetpack_sharing_enabled":true,"jetpack_featured_media_url":"https:\/\/i0.wp.com\/guialimeira.com.br\/news\/wp-content\/uploads\/2024\/03\/pzzb1916_0.jpg?fit=1600%2C800&ssl=1","_links":{"self":[{"href":"https:\/\/guialimeira.com.br\/news\/wp-json\/wp\/v2\/posts\/15192","targetHints":{"allow":["GET"]}}],"collection":[{"href":"https:\/\/guialimeira.com.br\/news\/wp-json\/wp\/v2\/posts"}],"about":[{"href":"https:\/\/guialimeira.com.br\/news\/wp-json\/wp\/v2\/types\/post"}],"author":[{"embeddable":true,"href":"https:\/\/guialimeira.com.br\/news\/wp-json\/wp\/v2\/users\/1"}],"replies":[{"embeddable":true,"href":"https:\/\/guialimeira.com.br\/news\/wp-json\/wp\/v2\/comments?post=15192"}],"version-history":[{"count":0,"href":"https:\/\/guialimeira.com.br\/news\/wp-json\/wp\/v2\/posts\/15192\/revisions"}],"wp:featuredmedia":[{"embeddable":true,"href":"https:\/\/guialimeira.com.br\/news\/wp-json\/wp\/v2\/media\/307"}],"wp:attachment":[{"href":"https:\/\/guialimeira.com.br\/news\/wp-json\/wp\/v2\/media?parent=15192"}],"wp:term":[{"taxonomy":"category","embeddable":true,"href":"https:\/\/guialimeira.com.br\/news\/wp-json\/wp\/v2\/categories?post=15192"},{"taxonomy":"post_tag","embeddable":true,"href":"https:\/\/guialimeira.com.br\/news\/wp-json\/wp\/v2\/tags?post=15192"}],"curies":[{"name":"wp","href":"https:\/\/api.w.org\/{rel}","templated":true}]}}