{"id":15160,"date":"2024-10-13T13:35:41","date_gmt":"2024-10-13T16:35:41","guid":{"rendered":"https:\/\/guialimeira.com.br\/2024\/10\/13\/raizes-do-cedro-quinto-voo-decola-do-libano-com-220-repatriados\/"},"modified":"2024-10-13T13:35:41","modified_gmt":"2024-10-13T16:35:41","slug":"raizes-do-cedro-quinto-voo-decola-do-libano-com-220-repatriados","status":"publish","type":"post","link":"https:\/\/guialimeira.com.br\/news\/raizes-do-cedro-quinto-voo-decola-do-libano-com-220-repatriados\/","title":{"rendered":"Ra\u00edzes do Cedro: quinto voo decola do L\u00edbano com 220 repatriados"},"content":{"rendered":"<p> <br \/>\n<\/p>\n<div>\n<p>Mais um voo da For\u00e7a A\u00e9rea Brasileira (FAB) deixou Beirute, capital do L\u00edbano, neste domingo (13), trazendo para o Brasil 220 repatriados. O avi\u00e3o KC-30 da Opera\u00e7\u00e3o Ra\u00edzes do Cedro decolou \u00e0s 12h (hor\u00e1rio de Bras\u00edlia). A aeronave far\u00e1 escala para reabastecimento em Lisboa, Portugal, e tem previs\u00e3o de chegar \u00e0\u00a0Base A\u00e9rea de S\u00e3o Paulo, em Guarulhos (SP), na manh\u00e3 de segunda-feira (14).<img data-recalc-dims=\"1\" decoding=\"async\" src=\"https:\/\/i0.wp.com\/agenciabrasil.ebc.com.br\/ebc.png?w=696&#038;ssl=1\" style=\"width:1px; height:1px; display:inline;\"\/><img data-recalc-dims=\"1\" decoding=\"async\" src=\"https:\/\/i0.wp.com\/agenciabrasil.ebc.com.br\/ebc.gif?w=696&#038;ssl=1\" style=\"width:1px; height:1px; display:inline;\"\/><\/p>\n<p>Entre os resgatados est\u00e3o dez\u00a0crian\u00e7as de colo. Dois animais de estima\u00e7\u00e3o tamb\u00e9m est\u00e3o embarcados. Este \u00e9 o <a href=\"https:\/\/agenciabrasil.ebc.com.br\/internacional\/noticia\/2024-10\/fab-envia-quinto-voo-para-resgatar-brasileiros-no-libano\" target=\"_blank\" rel=\"noopener\">quinto voo<\/a> de resgate de brasileiros, elevando para 1.105 o n\u00famero de repatriados, al\u00e9m de 13 pets.<\/p>\n<p>A Opera\u00e7\u00e3o Ra\u00edzes do Cedro come\u00e7ou depois que Israel lan\u00e7ou <a href=\"https:\/\/agenciabrasil.ebc.com.br\/internacional\/noticia\/2024-10\/libano-ataque-israelense-contra-dirigente-do-hezbollah-fez-22-mortos\" target=\"_blank\" rel=\"noopener\">ataques\u00a0a\u00e9reos<\/a> e uma ofensiva terrestre contra o pa\u00eds \u00e1rabe, base do Hezbollah, grupo pol\u00edtico mu\u00e7ulmano com forte bra\u00e7o armado. Cedro \u00e9 uma refer\u00eancia \u00e0 \u00e1rvore que estampa a bandeira nacional libanesa.<\/p>\n<p>Segundo o governo brasileiro, cerca de 20 mil brasileiros moram no pa\u00eds localizado no Oriente M\u00e9dio. O Minist\u00e9rio das Rela\u00e7\u00f5es Exteriores (MRE) estima que 3 mil tenham interesse em deixar o pa\u00eds nos voos da FAB.<\/p>\n<p>Os primeiros 229 brasileiros repatriados chegaram na manh\u00e3 do \u00faltimo domingo (6) \u00e0\u00a0Base A\u00e9rea de S\u00e3o Paulo e <a href=\"https:\/\/agenciabrasil.ebc.com.br\/internacional\/noticia\/2024-10\/Repatriados-do-L%C3%ADbano-s%C3%A3o-recebidos-por-Lula-em-S%C3%A3o-Paulo\" target=\"_blank\" rel=\"noopener\">foram recepcionados<\/a> pelo presidente Luiz In\u00e1cio Lula da Silva.<\/p>\n<p>O voo que partiu neste domingo de Beirute saiu do Brasil no s\u00e1bado (12) com a quarta carga de donativos para a popula\u00e7\u00e3o libanesa. A aeronave transportou 1,4 mil cestas b\u00e1sicas e 6,9 mil embalagens de medicamentos arrecadados pelo <a href=\"https:\/\/www.upl.org.br\/\" target=\"_blank\" rel=\"noopener\">fundo humanit\u00e1rio Associa\u00e7\u00e3o Unidos pelo L\u00edbano<\/a>\u00a0(()), uma iniciativa da comunidade libanesa no Brasil.<\/p>\n<p>O Minist\u00e9rio das Rela\u00e7\u00f5es Exteriores, por meio da Embaixada do Brasil em Beirute, est\u00e1 em contato com brasileiros e familiares pr\u00f3ximos para prestar assist\u00eancia consular e verificar a necessidade de promover novo voo de repatria\u00e7\u00e3o, a depender das condi\u00e7\u00f5es de seguran\u00e7a na regi\u00e3o.<\/p>\n<p>Os n\u00fameros de plant\u00e3o consular s\u00e3o +55 (61) 98260-0610 e +55 61 98313-0146, ambos com WhatsApp.<\/p>\n<p>      <!-- Relacionada --><\/p>\n<p>            <!-- Relacionada -->\n    <\/div>\n<p><br \/>\n<br \/><a href=\"https:\/\/agenciabrasil.ebc.com.br\/internacional\/noticia\/2024-10\/raizes-do-cedro-quinto-voo-decola-do-libano-com-220-repatriados\" rel=\"noopener\">Ag\u00eancia Brasil <\/a><\/p>\n","protected":false},"excerpt":{"rendered":"<p>Mais um voo da For\u00e7a A\u00e9rea Brasileira (FAB) deixou Beirute, capital do L\u00edbano, neste domingo (13), trazendo para o Brasil 220 repatriados. O avi\u00e3o KC-30 da Opera\u00e7\u00e3o Ra\u00edzes do Cedro decolou \u00e0s 12h (hor\u00e1rio de Bras\u00edlia). A aeronave far\u00e1 escala para reabastecimento em Lisboa, Portugal, e tem previs\u00e3o de chegar \u00e0\u00a0Base A\u00e9rea de S\u00e3o Paulo, [&hellip;]<\/p>\n","protected":false},"author":1,"featured_media":15161,"comment_status":"open","ping_status":"open","sticky":false,"template":"","format":"standard","meta":{"_jetpack_newsletter_access":"","_jetpack_dont_email_post_to_subs":false,"_jetpack_newsletter_tier_id":0,"_jetpack_memberships_contains_paywalled_content":false,"_mbp_banners":[],"_jetpack_feature_clip_id":0,"_jetpack_memberships_contains_paid_content":false,"footnotes":"","jetpack_publicize_message":"","jetpack_publicize_feature_enabled":true,"jetpack_social_post_already_shared":true,"jetpack_social_options":{"image_generator_settings":{"template":"highway","default_image_id":0,"font":"","enabled":false},"version":2},"jetpack_post_was_ever_published":false},"categories":[25],"tags":[],"class_list":["post-15160","post","type-post","status-publish","format-standard","has-post-thumbnail","category-internacional"],"jetpack_publicize_connections":[],"jetpack-related-posts":[],"jetpack_shortlink":"https:\/\/wp.me\/p7Eq1F-3Ww","jetpack_sharing_enabled":true,"jetpack_featured_media_url":"https:\/\/i0.wp.com\/guialimeira.com.br\/news\/wp-content\/uploads\/2024\/10\/whatsapp_image_2024-10-06_at_11.32.30_2.jpg?fit=1600%2C800&ssl=1","_links":{"self":[{"href":"https:\/\/guialimeira.com.br\/news\/wp-json\/wp\/v2\/posts\/15160","targetHints":{"allow":["GET"]}}],"collection":[{"href":"https:\/\/guialimeira.com.br\/news\/wp-json\/wp\/v2\/posts"}],"about":[{"href":"https:\/\/guialimeira.com.br\/news\/wp-json\/wp\/v2\/types\/post"}],"author":[{"embeddable":true,"href":"https:\/\/guialimeira.com.br\/news\/wp-json\/wp\/v2\/users\/1"}],"replies":[{"embeddable":true,"href":"https:\/\/guialimeira.com.br\/news\/wp-json\/wp\/v2\/comments?post=15160"}],"version-history":[{"count":0,"href":"https:\/\/guialimeira.com.br\/news\/wp-json\/wp\/v2\/posts\/15160\/revisions"}],"wp:featuredmedia":[{"embeddable":true,"href":"https:\/\/guialimeira.com.br\/news\/wp-json\/wp\/v2\/media\/15161"}],"wp:attachment":[{"href":"https:\/\/guialimeira.com.br\/news\/wp-json\/wp\/v2\/media?parent=15160"}],"wp:term":[{"taxonomy":"category","embeddable":true,"href":"https:\/\/guialimeira.com.br\/news\/wp-json\/wp\/v2\/categories?post=15160"},{"taxonomy":"post_tag","embeddable":true,"href":"https:\/\/guialimeira.com.br\/news\/wp-json\/wp\/v2\/tags?post=15160"}],"curies":[{"name":"wp","href":"https:\/\/api.w.org\/{rel}","templated":true}]}}