{"id":15142,"date":"2024-10-12T12:11:01","date_gmt":"2024-10-12T15:11:01","guid":{"rendered":"https:\/\/guialimeira.com.br\/2024\/10\/12\/quarto-voo-da-fab-com-211-repatriados-do-libano-chega-a-sao-paulo\/"},"modified":"2024-10-12T12:11:01","modified_gmt":"2024-10-12T15:11:01","slug":"quarto-voo-da-fab-com-211-repatriados-do-libano-chega-a-sao-paulo","status":"publish","type":"post","link":"https:\/\/guialimeira.com.br\/news\/quarto-voo-da-fab-com-211-repatriados-do-libano-chega-a-sao-paulo\/","title":{"rendered":"Quarto voo da FAB com 211 repatriados do L\u00edbano chega a S\u00e3o Paulo"},"content":{"rendered":"<p> <br \/>\n<\/p>\n<div>\n<p>O quarto voo da For\u00e7a A\u00e9rea Brasileira (FAB) que resgatou brasileiros do L\u00edbano pousou \u00e0s 07h11 deste s\u00e1bado (12) na Base A\u00e9rea de S\u00e3o Paulo, em Guarulhos. O voo, que saiu de Lisboa, em Portugal, \u00e0s 21h05 de ontem, transportou 211 passageiros, entre eles, 12 crian\u00e7as de colo. Desde o in\u00edcio da Opera\u00e7\u00e3o\u00a0Ra\u00edzes de Cedro, 885 pessoas j\u00e1 foram repatriadas pelo governo brasileiro.<img data-recalc-dims=\"1\" decoding=\"async\" src=\"https:\/\/i0.wp.com\/agenciabrasil.ebc.com.br\/ebc.png?w=696&#038;ssl=1\" style=\"width:1px; height:1px; display:inline;\"\/><img data-recalc-dims=\"1\" decoding=\"async\" src=\"https:\/\/i0.wp.com\/agenciabrasil.ebc.com.br\/ebc.gif?w=696&#038;ssl=1\" style=\"width:1px; height:1px; display:inline;\"\/><\/p>\n<p>A a\u00e7\u00e3o foi determinada pelo presidente Luiz In\u00e1cio Lula da Silva a partir do <a href=\"https:\/\/agenciabrasil.ebc.com.br\/geral\/noticia\/2024-09\/entenda-por-que-gaza-motivou-os-bombardeios-de-israel-contra-o-libano\" target=\"_blank\" rel=\"noopener\">acirramento do confronto entre Israel e o grupo Hezbollah<\/a>, que atua no L\u00edbano. A log\u00edstica de repatria\u00e7\u00e3o envolve o uso de aeronaves e de servidores da For\u00e7a A\u00e9rea Brasileira e um intenso trabalho de articula\u00e7\u00e3o do Itamaraty. Segundo o\u00a0governo federal, a comunidade brasileira no L\u00edbano tem cerca de 20 mil pessoas, dos quais\u00a0cerca de tr\u00eas mil manifestaram desejo de retornar ao Brasil.<\/p>\n<p>Uma das pessoas a desembarcar hoje do KC-30, um avi\u00e3o com cerca de 240 lugares e que tem sido utilizado nos voos humanit\u00e1rios de resgate de brasileiros nas zonas de conflito, foi\u00a0Ola Sleiman, 19 anos. A jovem partiu para o L\u00edbano h\u00e1 cerca de nove anos\u00a0para estudar, mas os conflitos na regi\u00e3o a fizeram ter de retornar ao Brasil com os pais e irm\u00e3os. \u201cNa nossa regi\u00e3o (Bekaa) estava um pouco tranquilo. Mas est\u00e1vamos com medo\u201d, disse ela, que agora vai retornar a Foz do Igua\u00e7u (Paran\u00e1).<\/p>\n<p>\u201cViver l\u00e1 [no L\u00edbano] era bem tranquilo, mas tudo mudou. Fomos\u00a0para aprendermos um pouco mais de \u00e1rabe e aconteceu o que aconteceu e voltamos. Gra\u00e7as a Deus temos o Brasil para voltar\u201d, acrescentou ela, que aproveitou a entrevista para agradecer ao governo brasileiro pelo retorno seguro ao pa\u00eds.<\/p>\n<blockquote>\n<p>\u201c\u00c9 dif\u00edcil. Deixamos nossos parentes l\u00e1, que a gente ama. Deixamos amigos. \u00c9 dif\u00edcil explicar a guerra. \u00c9 algo muito grande para a gente\u201d, lamenta\u00a0Ola.<\/p>\n<\/blockquote>\n<p>Acompanhado da esposa e de duas filhas que tinham bandeiras do Brasil amarradas ao corpo, Hassal Ahmad, 46 anos, desembarcou no Brasil na manh\u00e3 de hoje ap\u00f3s viver dez anos no L\u00edbano.<\/p>\n<blockquote>\n<p>\u201cAs bombas estavam bem perto de n\u00f3s. Voc\u00ea vive com muito estresse, n\u00e3o sab\u00edamos a que horas uma bomba podia cair sobre n\u00f3s. Ca\u00edram muitas casas, explodiram muitas casas. Por isso voltamos ao Brasil. As meninas s\u00e3o brasileiras\u201d, conta\u00a0ele. \u201cDamos gra\u00e7as a Deus e ao governo brasileiro [por poder retornar]\u201d.<\/p>\n<\/blockquote>\n<p>Ahmad conta\u00a0que foi preciso abandonar tudo no L\u00edbano para poder voltar ao Brasil. \u201cAgora vou precisar come\u00e7ar de novo aqui no Brasil\u201d, disse ele.<\/p>\n<p>Nazha Ibrambm, 65 anos, voltou ao Brasil com sua filha. Emocionada, ela relatou \u00e0 <strong>Ag\u00eancia Brasil<\/strong> ter escutado os barulhos de bombas caindo sobre a regi\u00e3o, tendo que se proteger na casa de vizinhos. \u201cEstava morando l\u00e1 h\u00e1 10 anos, mas todos os dias eu falava: \u2018um dia eu volto [para o Brasil]\u2019. E agora eu voltei. Eu espero que Deus me ajude para continuar vivendo aqui e morrer aqui\u201d.<\/p>\n<p>J\u00e1 a jovem Amal Khatib, 20 anos, retornou ao Brasil com o padrasto e a m\u00e3e. \u201cNo come\u00e7o estava muito perigoso ficar l\u00e1. Tinha muitas bombas perto da minha casa. Eu n\u00e3o conseguia dormir. Depois de um tempo deu uma acalmada, mas sempre voltava. A\u00ed fomos para uma outra cidade, que n\u00e3o era segura, mas era mais segura do que onde eu estava. E ent\u00e3o decidimos voltar ao Brasil, longe de tudo isso, gra\u00e7as a Deus\u201d, relata.<\/p>\n<blockquote>\n<p>\u201cEra horr\u00edvel. Parecia que a qualquer hora eu poderia morrer. Era uma sensa\u00e7\u00e3o horr\u00edvel. Ningu\u00e9m merece passar por isso. Estou muito feliz de ter voltado e de me sentir, principalmente, mais segura. Eu j\u00e1 n\u00e3o estava mais aguentando [viver l\u00e1]\u201d.<\/p>\n<\/blockquote>\n<h2>Voo<\/h2>\n<p>Segundo o major-aviador Rafael Oliveira Bertholdo, comandante da aeronave, o voo de volta ao Brasil foi tranquilo. \u201cNa parte t\u00e9cnica, foi um voo bem tranquilo, com pouca nebulosidade e poucas nuvens. Quanto aos passageiros, alguns tinham um sentimento de gratid\u00e3o e estavam felizes de terem sa\u00eddo da regi\u00e3o de conflito. Outros estavam um pouco nervosos pela situa\u00e7\u00e3o que estavam passando. Mas de maneira geral, foi um voo muito sossegado e muito calmo\u201d.<\/p>\n<p>Para o major, voos como esse s\u00e3o importantes porque mostram o papel do Brasil internacionalmente. \u201cAcho importante a quest\u00e3o da empatia e da ajuda ao pr\u00f3ximo que o governo brasileiro, por meio da For\u00e7a A\u00e9rea, est\u00e1 prestando a todo cidad\u00e3o. Isso \u00e9 o que importa\u201d, refor\u00e7ou. \u201cMe sinto feliz, honrado e grato [por participar dessa opera\u00e7\u00e3o], com o sentimento de ser \u00fatil para a na\u00e7\u00e3o e de ser um orgulho para a minha fam\u00edlia\u201d.<\/p>\n<p>Um quinto voo de repatria\u00e7\u00e3o saiu de S\u00e3o Paulo ainda hoje com destino a Portugal. \u201cS\u00e3o mais nove horas e meia de voo at\u00e9 chegarmos a Portugal novamente, para ent\u00e3o ter a troca de tripula\u00e7\u00e3o e um novo voo para o L\u00edbano\u201d, explicou o major.<\/p>\n<p>      <!-- Relacionada --><\/p>\n<p>            <!-- Relacionada -->\n    <\/div>\n<p><br \/>\n<br \/><a href=\"https:\/\/agenciabrasil.ebc.com.br\/internacional\/noticia\/2024-10\/quarto-voo-da-fab-com-211-repatriados-do-libano-chega-sao-paulo\" rel=\"noopener\">Ag\u00eancia Brasil <\/a><\/p>\n","protected":false},"excerpt":{"rendered":"<p>O quarto voo da For\u00e7a A\u00e9rea Brasileira (FAB) que resgatou brasileiros do L\u00edbano pousou \u00e0s 07h11 deste s\u00e1bado (12) na Base A\u00e9rea de S\u00e3o Paulo, em Guarulhos. O voo, que saiu de Lisboa, em Portugal, \u00e0s 21h05 de ontem, transportou 211 passageiros, entre eles, 12 crian\u00e7as de colo. Desde o in\u00edcio da Opera\u00e7\u00e3o\u00a0Ra\u00edzes de Cedro, [&hellip;]<\/p>\n","protected":false},"author":1,"featured_media":14995,"comment_status":"open","ping_status":"open","sticky":false,"template":"","format":"standard","meta":{"_jetpack_newsletter_access":"","_jetpack_dont_email_post_to_subs":false,"_jetpack_newsletter_tier_id":0,"_jetpack_memberships_contains_paywalled_content":false,"_mbp_banners":[],"_jetpack_feature_clip_id":0,"_jetpack_memberships_contains_paid_content":false,"footnotes":"","jetpack_publicize_message":"","jetpack_publicize_feature_enabled":true,"jetpack_social_post_already_shared":true,"jetpack_social_options":{"image_generator_settings":{"template":"highway","default_image_id":0,"font":"","enabled":false},"version":2},"jetpack_post_was_ever_published":false},"categories":[25],"tags":[],"class_list":["post-15142","post","type-post","status-publish","format-standard","has-post-thumbnail","category-internacional"],"jetpack_publicize_connections":[],"jetpack-related-posts":[],"jetpack_shortlink":"https:\/\/wp.me\/p7Eq1F-3We","jetpack_sharing_enabled":true,"jetpack_featured_media_url":"https:\/\/i0.wp.com\/guialimeira.com.br\/news\/wp-content\/uploads\/2024\/10\/whatsapp_image_2024-10-02_at_06.52.47.jpeg?fit=1600%2C800&ssl=1","_links":{"self":[{"href":"https:\/\/guialimeira.com.br\/news\/wp-json\/wp\/v2\/posts\/15142","targetHints":{"allow":["GET"]}}],"collection":[{"href":"https:\/\/guialimeira.com.br\/news\/wp-json\/wp\/v2\/posts"}],"about":[{"href":"https:\/\/guialimeira.com.br\/news\/wp-json\/wp\/v2\/types\/post"}],"author":[{"embeddable":true,"href":"https:\/\/guialimeira.com.br\/news\/wp-json\/wp\/v2\/users\/1"}],"replies":[{"embeddable":true,"href":"https:\/\/guialimeira.com.br\/news\/wp-json\/wp\/v2\/comments?post=15142"}],"version-history":[{"count":0,"href":"https:\/\/guialimeira.com.br\/news\/wp-json\/wp\/v2\/posts\/15142\/revisions"}],"wp:featuredmedia":[{"embeddable":true,"href":"https:\/\/guialimeira.com.br\/news\/wp-json\/wp\/v2\/media\/14995"}],"wp:attachment":[{"href":"https:\/\/guialimeira.com.br\/news\/wp-json\/wp\/v2\/media?parent=15142"}],"wp:term":[{"taxonomy":"category","embeddable":true,"href":"https:\/\/guialimeira.com.br\/news\/wp-json\/wp\/v2\/categories?post=15142"},{"taxonomy":"post_tag","embeddable":true,"href":"https:\/\/guialimeira.com.br\/news\/wp-json\/wp\/v2\/tags?post=15142"}],"curies":[{"name":"wp","href":"https:\/\/api.w.org\/{rel}","templated":true}]}}