{"id":15132,"date":"2024-10-11T20:43:41","date_gmt":"2024-10-11T23:43:41","guid":{"rendered":"https:\/\/guialimeira.com.br\/2024\/10\/11\/grupo-estatal-do-rs-sera-gestor-do-hospital-federal-de-bonsucesso\/"},"modified":"2024-10-11T20:43:41","modified_gmt":"2024-10-11T23:43:41","slug":"grupo-estatal-do-rs-sera-gestor-do-hospital-federal-de-bonsucesso","status":"publish","type":"post","link":"https:\/\/guialimeira.com.br\/news\/grupo-estatal-do-rs-sera-gestor-do-hospital-federal-de-bonsucesso\/","title":{"rendered":"Grupo estatal do RS ser\u00e1 gestor do Hospital Federal de Bonsucesso"},"content":{"rendered":"<p> <br \/>\n<\/p>\n<div>\n<p>O Grupo Hospitalar Concei\u00e7\u00e3o (GHC) vai assumir a gest\u00e3o do Hospital Federal de Bonsucesso, na zona norte do Rio de janeiro. A unidade enfrenta uma s\u00e9rie de problemas, como o fechamento de 200 leitos e do servi\u00e7o de emerg\u00eancia e a falta de profissionais, al\u00e9m do sucateamento, que se arrasta por cerca de 30 anos. O secret\u00e1rio adjunto de Aten\u00e7\u00e3o Especializada \u00e0 Sa\u00fade do Minist\u00e9rio da Sa\u00fade, N\u00edlton Pereira J\u00fanior, disse que a perspectiva \u00e9 que em dezembro a emerg\u00eancia esteja reaberta, como tamb\u00e9m os leitos atualmente fechados, al\u00e9m da amplia\u00e7\u00e3o dos leitos de UTI.<img data-recalc-dims=\"1\" decoding=\"async\" src=\"https:\/\/i0.wp.com\/agenciabrasil.ebc.com.br\/ebc.png?w=696&#038;ssl=1\" style=\"width:1px; height:1px; display:inline;\"\/><img data-recalc-dims=\"1\" decoding=\"async\" src=\"https:\/\/i0.wp.com\/agenciabrasil.ebc.com.br\/ebc.gif?w=696&#038;ssl=1\" style=\"width:1px; height:1px; display:inline;\"\/><\/p>\n<p>\u201cA previs\u00e3o \u00e9 de que at\u00e9 o final do ano a gente tenha aberto todos os 200 leitos fechados e reaberto a emerg\u00eancia, a UTI, o centro cir\u00fargico e todos os servi\u00e7os\u201d, disse o secret\u00e1rio adjunto em entrevista \u00e0 <strong>Ag\u00eancia Brasil<\/strong>.<\/p>\n<p>De acordo com N\u00edlton Junior, o Grupo Hospitalar Concei\u00e7\u00e3o vai organizar um processo seletivo para contrata\u00e7\u00e3o tempor\u00e1ria de mais de 2.000 profissionais, inicialmente emergencial, para toda a unidade.<\/p>\n<p>\u201cA ideia \u00e9 que em 45 dias, a partir do in\u00edcio da opera\u00e7\u00e3o, n\u00f3s vamos ter a contrata\u00e7\u00e3o de mais de 2 mil profissionais, para que a gente possa abrir todos os leitos que est\u00e3o fechados, abrir a emerg\u00eancia, que est\u00e1 fechada h\u00e1 v\u00e1rios anos, ampliar os leitos de UTI, salas cir\u00fargicas e todos os servi\u00e7os\u201d, disse.<\/p>\n<p>A opera\u00e7\u00e3o ser\u00e1 gradativa, e na sequ\u00eancia a previs\u00e3o \u00e9 ocorrer um concurso p\u00fablico para a contrata\u00e7\u00e3o definitiva de profissionais para o hospital. \u201cComo o GHC \u00e9 uma empresa p\u00fablica, realiza concursos, para ter todos os quadros do hospital como contratados\u201d, esclareceu<\/p>\n<h2>Contrato tempor\u00e1rio<\/h2>\n<p>O secret\u00e1rio informou que o contrato tempor\u00e1rio de profissionais ser\u00e1 pelo per\u00edodo de 2 anos, conforme estipula a legisla\u00e7\u00e3o do servi\u00e7o por tempo determinado em empresas p\u00fablicas. Caso seja necess\u00e1rio, o prazo pode ser prorrogado.\u00a0<\/p>\n<p>Ainda n\u00e3o h\u00e1 previs\u00e3o de quando vai ocorrer o concurso p\u00fablico.<\/p>\n<p>\u201cEles [GHC] v\u00e3o entrar e a gente j\u00e1 vai iniciar o processo de contrata\u00e7\u00e3o da empresa para elaborar o concurso. Isso depende ainda da aprova\u00e7\u00e3o do MGI [Minist\u00e9rio da Gest\u00e3o e da Inova\u00e7\u00e3o em Servi\u00e7os P\u00fablicos], que est\u00e1 autorizando as vagas tempor\u00e1rias e na sequ\u00eancia vai apresentar as vagas definitivas. Isso ainda n\u00e3o tem cronograma. Importante dizer que o grupo vai entrar na gest\u00e3o e paralelamente vai iniciar a contra\u00e7\u00e3o\u201d, explicou o secret\u00e1rio.<\/p>\n<p>O novo administrador tamb\u00e9m vai trabalhar com reformas e compras de equipamentos. \u201cTem v\u00e1rias aquisi\u00e7\u00f5es necess\u00e1rias para abrir esses leitos e v\u00e1rias reformas tamb\u00e9m necess\u00e1rias. Temos um problema importante na parte el\u00e9trica do hospital que \u00e9 antiga e n\u00e3o foi adequadamente corrigida. Nesse per\u00edodo de 45 a 60 dias, ocorrer\u00e3o v\u00e1rias reformas, aquisi\u00e7\u00e3o de equipamentos e contrata\u00e7\u00e3o de pessoal\u201d, adiantou.<\/p>\n<p>De acordo com N\u00edlton J\u00fanior, como GHC \u00e9 uma empresa p\u00fablica estatal vinculada ao Minist\u00e9rio da Sa\u00fade, e que cuida da gest\u00e3o hospitalar de outras quatro unidades no Rio Grande do Sul, tem expertise e experi\u00eancia. \u201cN\u00f3s escolhemos a melhor institui\u00e7\u00e3o p\u00fablica, 100% SUS e com experi\u00eancia em gest\u00e3o hospitalar\u201d.\u00a0<\/p>\n<p>O secret\u00e1rio disse que tecnicamente, do ponto de vista assistencial de gest\u00e3o, \u201cestamos pegando o que tem de mais moderno, avan\u00e7ado, na gest\u00e3o hospitalar p\u00fablica do SUS, e trazendo essa experi\u00eancia como novidade para um novo modelo de gest\u00e3o, visto que o que acontece hoje nos hospitais federais, especialmente no de Bonsucesso, n\u00e3o \u00e9 uma crise de agora\u201d.\u00a0<\/p>\n<h2>Conflito de interesse<\/h2>\n<p>N\u00edlton J\u00fanior contestou a possibilidade de conflito de interesses pelo fato do secret\u00e1rio de Aten\u00e7\u00e3o Especializada \u00e0 Sa\u00fade do Minist\u00e9rio da Sa\u00fade, Adriano Massuda, ser tamb\u00e9m presidente do Conselho de Administra\u00e7\u00e3o do Grupo Hospitalar Concei\u00e7\u00e3o.<\/p>\n<p>\u201cIsso definitivamente n\u00e3o procede. N\u00f3s temos uma legisla\u00e7\u00e3o muito clara na administra\u00e7\u00e3o p\u00fablica, na lei das estatais. Inclusive com decis\u00e3o judicial do Supremo [Tribunal Federal] que ratifica todas as quest\u00f5es. Todas as empresas estatais p\u00fablicas do Brasil t\u00eam a participa\u00e7\u00e3o de membros do governo. Al\u00e9m de ser legal do ponto de vista da legisla\u00e7\u00e3o, \u00e9 esperado e estimulado que aconte\u00e7a isso\u201d, disse.<\/p>\n<h2>Den\u00fancias<\/h2>\n<p>N\u00edlton J\u00fanior disse que n\u00e3o procedem as den\u00fancias feitas por funcion\u00e1rios do Hospital Federal de Bonsucesso sobre o avan\u00e7o do sucateamento da unidade nos \u00faltimos meses.\u00a0<\/p>\n<p>\u201cO que houve na verdade \u00e9 um processo cr\u00f4nico de inefici\u00eancia de gest\u00e3o por v\u00e1rias quest\u00f5es, tanto legais quanto gerenciais. De 2022 para 2023, no governo do presidente Lula, houve aumento de or\u00e7amento para esses hospitais. A gente aumentou a contrata\u00e7\u00e3o de profissionais tempor\u00e1rios, que \u00e9 a \u00fanica possibilidade que temos de fazer a contrata\u00e7\u00e3o pelo governo federal nesse momento. Este ano, inclusive, al\u00e9m de ter ampliado o or\u00e7amento, nos antecipamos ao or\u00e7amento do final do ano, no meio do ano, para que n\u00e3o houvesse desabastecimento do hospital. N\u00e3o h\u00e1 nenhum processo de sucateamento neste momento, pelo contr\u00e1rio, o que estamos fazendo \u00e9 evitando o desabastecimento maior e um colapso desses hospitais, muito paliativo, porque o governo federal por meio da administra\u00e7\u00e3o direta do Minist\u00e9rio da Sa\u00fade n\u00e3o tem todos os instrumentos, por isso os problemas est\u00e3o a\u00ed de forma cr\u00f4nica e persistente h\u00e1 anos, e por isso estamos mudando o modelo de gest\u00e3o\u201d, explicou.<\/p>\n<p>\u201cS\u00f3 com a mudan\u00e7a do modelo a gente vai conseguir contratar mais pessoas, comprar mais insumos e fazer as reformas necess\u00e1rias no hospital\u201d, garantiu.<\/p>\n<h2>Hospitais federais<\/h2>\n<p>Quanto aos outros hospitais federais na capital fluminense, o secret\u00e1rio adiantou que tamb\u00e9m est\u00e3o em fase de defini\u00e7\u00e3o dos gestores. O Hospital Federal do Andara\u00ed, na zona norte, ser\u00e1 administrado pela Prefeitura do Rio de Janeiro. O programa de reestrutura\u00e7\u00e3o ser\u00e1 anunciado pela ministra da Sa\u00fade, N\u00edsia Trindade. \u201cO munic\u00edpio vai administrar o Hospital do Andara\u00ed, j\u00e1 iniciamos esse processo. Estamos em fase de conclus\u00e3o\u201d.\u00a0<\/p>\n<p>N\u00edlton Junior disse que a Empresa Brasileira de Servi\u00e7os Hospitalares (Ebserh), vinculada ao Minist\u00e9rio da Educa\u00e7\u00e3o, tamb\u00e9m vai ser parceira em um outro hospital em parceria com a Universidade Federal do Estado do Rio de Janeiro (UniRio).\u00a0<\/p>\n<p>\u201cTemos v\u00e1rios parceiros p\u00fablicos vinculados a \u00f3rg\u00e3os do minist\u00e9rio, do governo federal ou do munic\u00edpio do Rio de Janeiro\u201d, informou.<\/p>\n<p>Segundo o secret\u00e1rio, o processo com a Prefeitura do Rio de Janeiro est\u00e1 em andamento, mas por causa do per\u00edodo eleitoral teve que ser suspenso. Com a defini\u00e7\u00e3o do pleito em primeiro turno na cidade as tratativas foram retomadas. \u201cA ministra tem audi\u00eancia com o prefeito em breve. N\u00e3o temos um cronograma fechado, mas muito provavelmente nas pr\u00f3ximas semanas a gente vai conseguir finalizar a transi\u00e7\u00e3o\u201d, revelou.<\/p>\n<p>\u201cOs outros hospitais est\u00e3o em fase de acordo de coopera\u00e7\u00e3o, que em breve ser\u00e1 anunciado com a Unirio, com a Ebserh e com o Minist\u00e9rio da Sa\u00fade. Na sequ\u00eancia uma parceria com a Fiocruz e o Minist\u00e9rio da Sa\u00fade para a gest\u00e3o de um outro hospital. Uma dire\u00e7\u00e3o que a ministra nos deu com orienta\u00e7\u00e3o do presidente da Rep\u00fablica \u00e9 fazer o processo de forma segura, escalonada, para que a gente tenha sustentabilidade financeira, jur\u00eddica e gerencial, para que n\u00e3o haja nenhum preju\u00edzo para a assist\u00eancia\u201d.\u00a0<\/p>\n<p>      <!-- Relacionada --><br \/>\n            <!-- Relacionada -->\n    <\/div>\n<p><br \/>\n<br \/><a href=\"https:\/\/agenciabrasil.ebc.com.br\/saude\/noticia\/2024-10\/grupo-estatal-do-rs-sera-gestor-do-hospital-federal-de-bonsucesso\" rel=\"noopener\">Ag\u00eancia Brasil <\/a><\/p>\n","protected":false},"excerpt":{"rendered":"<p>O Grupo Hospitalar Concei\u00e7\u00e3o (GHC) vai assumir a gest\u00e3o do Hospital Federal de Bonsucesso, na zona norte do Rio de janeiro. A unidade enfrenta uma s\u00e9rie de problemas, como o fechamento de 200 leitos e do servi\u00e7o de emerg\u00eancia e a falta de profissionais, al\u00e9m do sucateamento, que se arrasta por cerca de 30 anos. [&hellip;]<\/p>\n","protected":false},"author":1,"featured_media":15133,"comment_status":"open","ping_status":"open","sticky":false,"template":"","format":"standard","meta":{"_jetpack_newsletter_access":"","_jetpack_dont_email_post_to_subs":false,"_jetpack_newsletter_tier_id":0,"_jetpack_memberships_contains_paywalled_content":false,"_mbp_banners":[],"_jetpack_feature_clip_id":0,"_jetpack_memberships_contains_paid_content":false,"footnotes":"","jetpack_publicize_message":"","jetpack_publicize_feature_enabled":true,"jetpack_social_post_already_shared":true,"jetpack_social_options":{"image_generator_settings":{"template":"highway","default_image_id":0,"font":"","enabled":false},"version":2},"jetpack_post_was_ever_published":false},"categories":[15],"tags":[],"class_list":["post-15132","post","type-post","status-publish","format-standard","has-post-thumbnail","category-saude"],"jetpack_publicize_connections":[],"jetpack-related-posts":[],"jetpack_shortlink":"https:\/\/wp.me\/p7Eq1F-3W4","jetpack_sharing_enabled":true,"jetpack_featured_media_url":"https:\/\/i0.wp.com\/guialimeira.com.br\/news\/wp-content\/uploads\/2024\/10\/nova_emergencia_do_hospital_bonsucesso.jpg?fit=1600%2C800&ssl=1","_links":{"self":[{"href":"https:\/\/guialimeira.com.br\/news\/wp-json\/wp\/v2\/posts\/15132","targetHints":{"allow":["GET"]}}],"collection":[{"href":"https:\/\/guialimeira.com.br\/news\/wp-json\/wp\/v2\/posts"}],"about":[{"href":"https:\/\/guialimeira.com.br\/news\/wp-json\/wp\/v2\/types\/post"}],"author":[{"embeddable":true,"href":"https:\/\/guialimeira.com.br\/news\/wp-json\/wp\/v2\/users\/1"}],"replies":[{"embeddable":true,"href":"https:\/\/guialimeira.com.br\/news\/wp-json\/wp\/v2\/comments?post=15132"}],"version-history":[{"count":0,"href":"https:\/\/guialimeira.com.br\/news\/wp-json\/wp\/v2\/posts\/15132\/revisions"}],"wp:featuredmedia":[{"embeddable":true,"href":"https:\/\/guialimeira.com.br\/news\/wp-json\/wp\/v2\/media\/15133"}],"wp:attachment":[{"href":"https:\/\/guialimeira.com.br\/news\/wp-json\/wp\/v2\/media?parent=15132"}],"wp:term":[{"taxonomy":"category","embeddable":true,"href":"https:\/\/guialimeira.com.br\/news\/wp-json\/wp\/v2\/categories?post=15132"},{"taxonomy":"post_tag","embeddable":true,"href":"https:\/\/guialimeira.com.br\/news\/wp-json\/wp\/v2\/tags?post=15132"}],"curies":[{"name":"wp","href":"https:\/\/api.w.org\/{rel}","templated":true}]}}