{"id":15101,"date":"2024-10-10T17:28:59","date_gmt":"2024-10-10T20:28:59","guid":{"rendered":"https:\/\/guialimeira.com.br\/2024\/10\/10\/doze-milhoes-de-menores-vivem-sem-acesso-adequado-a-esgoto\/"},"modified":"2024-10-10T17:28:59","modified_gmt":"2024-10-10T20:28:59","slug":"doze-milhoes-de-menores-vivem-sem-acesso-adequado-a-esgoto","status":"publish","type":"post","link":"https:\/\/guialimeira.com.br\/news\/doze-milhoes-de-menores-vivem-sem-acesso-adequado-a-esgoto\/","title":{"rendered":"Doze milh\u00f5es de menores vivem sem acesso adequado a esgoto"},"content":{"rendered":"<p> <br \/>\n<\/p>\n<div>\n<p>O Fundo das Na\u00e7\u00f5es Unidas para a Inf\u00e2ncia (Unicef) faz um alerta que 12,2 milh\u00f5es de crian\u00e7as e adolescentes vivem sem acesso adequado ao esgotamento sanit\u00e1rio e 2,1 milh\u00f5es sem acesso adequado a \u00e1gua no Brasil.<img data-recalc-dims=\"1\" decoding=\"async\" src=\"https:\/\/i0.wp.com\/agenciabrasil.ebc.com.br\/ebc.png?w=696&#038;ssl=1\" style=\"width:1px; height:1px; display:inline;\"\/><img data-recalc-dims=\"1\" decoding=\"async\" src=\"https:\/\/i0.wp.com\/agenciabrasil.ebc.com.br\/ebc.gif?w=696&#038;ssl=1\" style=\"width:1px; height:1px; display:inline;\"\/><\/p>\n<p>Segundo o Unicef, essa realidade os exp\u00f5e a riscos severos, comprometendo a sa\u00fade, afetando o desenvolvimento f\u00edsico, educacional e social. Para alertar sobre o tema, o Unicef lan\u00e7a uma campanha com o Ratinho do Castelo R\u00e1-Tim-Bum, com o objetivo de arrecadar fundos para projetos voltados ao acesso de meninas e meninos a \u00e1gua, saneamento e higiene. O Unicef lan\u00e7a essa campanha no contexto do\u00a0Dia da Crian\u00e7as, comemorado dia 12 de outubro.<\/p>\n<p>As informa\u00e7\u00f5es sobre \u00e1gua e esgoto foram obtidas a partir do Censo Demogr\u00e1fico 2022, do Instituto Brasileiro de Geografia e Estat\u00edstica (IBGE). Essas car\u00eancias, concentradas principalmente em \u00e1reas mais vulner\u00e1veis, aumentam a desigualdade social, agravam a vulnerabilidade dessas crian\u00e7as e adolescentes e, a longo prazo, implicam em consequ\u00eancias como impactos na sa\u00fade e baixo desempenho escolar.<\/p>\n<p>De acordo com os dados, os desafios de acesso a \u00e1gua e saneamento s\u00e3o mais severos no semi\u00e1rido nordestino e na regi\u00e3o amaz\u00f4nica. Em rela\u00e7\u00e3o a\u00a0cor\/ra\u00e7a, quase 70% das crian\u00e7as e adolescentes com acesso inadequado a esgotamento sanit\u00e1rio s\u00e3o pretas ou pardas.<\/p>\n<p>Al\u00e9m disso, 25% das crian\u00e7as e adolescentes ind\u00edgenas n\u00e3o t\u00eam acesso adequado a \u00e1gua e 48% vivem sem esgotamento sanit\u00e1rio. O n\u00famero vai ao encontro do dado divulgado pelo IBGE na \u00faltima sexta-feira (4) mostrando que mais de um milh\u00e3o de ind\u00edgenas (incluindo crian\u00e7as e adultos) vivem em condi\u00e7\u00f5es de precariedade de saneamento.<\/p>\n<p>Segundo Lidia Carvalho, coordenadora de marketing do Unicef, esse acesso prec\u00e1rio ou inexistente tanto \u00e0 \u00e1gua quanto ao saneamento, tem impactos n\u00e3o s\u00f3 no momento presente, mas no futuro tamb\u00e9m das crian\u00e7as e adolescentes. \u201cGeram problemas eu prejudicam seu desenvolvimento, risco de doen\u00e7as, abandono ou atraso escolar e o aumento das desigualdades\u201d.<\/p>\n<p>\u201cO acesso seguro a \u00e1gua e saneamento, para todas as crian\u00e7as e adolescentes, \u00e9 um direito humano, reconhecido pelas Na\u00e7\u00f5es Unidas desde 2010. Prover e fortalecer pol\u00edticas p\u00fablicas voltadas para o acesso seguro ao saneamento b\u00e1sico \u00e9 um fator fundamental para avan\u00e7armos rumo aos objetivos do desenvolvimento sustent\u00e1vel, sem deixar ningu\u00e9m para tr\u00e1s\u201d, defende Rodrigo Resende, Oficial de \u00c1gua, Saneamento e Higiene do Unicef no Brasil.<\/p>\n<p>No mundo, cerca de 600 milh\u00f5es de crian\u00e7as viver\u00e3o em \u00e1reas com extrema escassez de \u00e1gua at\u00e9 2040, segundo estimativa do Unicef. O estudo alerta para os impactos na sa\u00fade e sobreviv\u00eancia infantil e revela que as mudan\u00e7as clim\u00e1ticas, o aumento da demanda por \u00e1gua e a m\u00e1 gest\u00e3o dos recursos h\u00eddricos s\u00e3o os principais fatores que intensificam essa crise.<\/p>\n<h2>Campanha<\/h2>\n<p>Para chamar a aten\u00e7\u00e3o sobre os desafios enfrentados diariamente por meninas e meninos que vivem em regi\u00f5es onde o acesso \u00e0 \u00e1gua pot\u00e1vel e saneamento \u00e9 limitado ou inexistente, o Unicef se une a um dos personagens mais ic\u00f4nicos da TV, o Ratinho do programa Castelo R\u00e1-Tim-Bum.\u00a0\u00a0<\/p>\n<p>A a\u00e7\u00e3o, criada pela ag\u00eancia VML Brasil, recria uma das cenas mais memor\u00e1veis do programa, em que o personagem toma banho cantando sua famosa m\u00fasica. Desta vez, no entanto, ao abrir o chuveiro, ele se depara com uma dura realidade: a falta de \u00e1gua. A audi\u00eancia ser\u00e1 convidada a fazer doa\u00e7\u00f5es para as a\u00e7\u00f5es de \u00e1gua, saneamento e higiene do Unicef no Brasil, voltadas a escolas e comunidades vulner\u00e1veis. A cada doa\u00e7\u00e3o, os participantes contribuir\u00e3o para alcan\u00e7ar a meta que desbloquear\u00e1 um novo clipe do personagem. Saiba mais <a href=\"https:\/\/www.unicef.org\/brazil\/mes-das-criancas\" target=\"_blank\" rel=\"noopener\">no\u00a0site da campanha<\/a>.<\/p>\n<p>Para a campanha, o Unicef conta com o apoio de Instituto Claro, Huggies e Grupo Profarma.<\/p>\n<p>      <!-- Relacionada --><\/p>\n<p>            <!-- Relacionada -->\n    <\/div>\n<p><br \/>\n<br \/><a href=\"https:\/\/agenciabrasil.ebc.com.br\/direitos-humanos\/noticia\/2024-10\/doze-milhoes-de-criancas-e-adolescentes-vivem-sem-acesso-adequado-esgoto\" rel=\"noopener\">Ag\u00eancia Brasil <\/a><\/p>\n","protected":false},"excerpt":{"rendered":"<p>O Fundo das Na\u00e7\u00f5es Unidas para a Inf\u00e2ncia (Unicef) faz um alerta que 12,2 milh\u00f5es de crian\u00e7as e adolescentes vivem sem acesso adequado ao esgotamento sanit\u00e1rio e 2,1 milh\u00f5es sem acesso adequado a \u00e1gua no Brasil. Segundo o Unicef, essa realidade os exp\u00f5e a riscos severos, comprometendo a sa\u00fade, afetando o desenvolvimento f\u00edsico, educacional e [&hellip;]<\/p>\n","protected":false},"author":1,"featured_media":15102,"comment_status":"open","ping_status":"open","sticky":false,"template":"","format":"standard","meta":{"_jetpack_newsletter_access":"","_jetpack_dont_email_post_to_subs":false,"_jetpack_newsletter_tier_id":0,"_jetpack_memberships_contains_paywalled_content":false,"_mbp_banners":[],"_jetpack_feature_clip_id":0,"_jetpack_memberships_contains_paid_content":false,"footnotes":"","jetpack_publicize_message":"","jetpack_publicize_feature_enabled":true,"jetpack_social_post_already_shared":true,"jetpack_social_options":{"image_generator_settings":{"template":"highway","default_image_id":0,"font":"","enabled":false},"version":2},"jetpack_post_was_ever_published":false},"categories":[25],"tags":[],"class_list":["post-15101","post","type-post","status-publish","format-standard","has-post-thumbnail","category-internacional"],"jetpack_publicize_connections":[],"jetpack-related-posts":[],"jetpack_shortlink":"https:\/\/wp.me\/p7Eq1F-3Vz","jetpack_sharing_enabled":true,"jetpack_featured_media_url":"https:\/\/i0.wp.com\/guialimeira.com.br\/news\/wp-content\/uploads\/2024\/10\/910235-moradores_complexo20da20mare_5409.jpg?fit=1600%2C800&ssl=1","_links":{"self":[{"href":"https:\/\/guialimeira.com.br\/news\/wp-json\/wp\/v2\/posts\/15101","targetHints":{"allow":["GET"]}}],"collection":[{"href":"https:\/\/guialimeira.com.br\/news\/wp-json\/wp\/v2\/posts"}],"about":[{"href":"https:\/\/guialimeira.com.br\/news\/wp-json\/wp\/v2\/types\/post"}],"author":[{"embeddable":true,"href":"https:\/\/guialimeira.com.br\/news\/wp-json\/wp\/v2\/users\/1"}],"replies":[{"embeddable":true,"href":"https:\/\/guialimeira.com.br\/news\/wp-json\/wp\/v2\/comments?post=15101"}],"version-history":[{"count":0,"href":"https:\/\/guialimeira.com.br\/news\/wp-json\/wp\/v2\/posts\/15101\/revisions"}],"wp:featuredmedia":[{"embeddable":true,"href":"https:\/\/guialimeira.com.br\/news\/wp-json\/wp\/v2\/media\/15102"}],"wp:attachment":[{"href":"https:\/\/guialimeira.com.br\/news\/wp-json\/wp\/v2\/media?parent=15101"}],"wp:term":[{"taxonomy":"category","embeddable":true,"href":"https:\/\/guialimeira.com.br\/news\/wp-json\/wp\/v2\/categories?post=15101"},{"taxonomy":"post_tag","embeddable":true,"href":"https:\/\/guialimeira.com.br\/news\/wp-json\/wp\/v2\/tags?post=15101"}],"curies":[{"name":"wp","href":"https:\/\/api.w.org\/{rel}","templated":true}]}}