{"id":15097,"date":"2024-10-10T13:24:38","date_gmt":"2024-10-10T16:24:38","guid":{"rendered":"https:\/\/guialimeira.com.br\/2024\/10\/10\/vida-selvagem-diminui-73-em-50-anos-diz-relatorio-da-wwf\/"},"modified":"2024-10-10T13:24:38","modified_gmt":"2024-10-10T16:24:38","slug":"vida-selvagem-diminui-73-em-50-anos-diz-relatorio-da-wwf","status":"publish","type":"post","link":"https:\/\/guialimeira.com.br\/news\/vida-selvagem-diminui-73-em-50-anos-diz-relatorio-da-wwf\/","title":{"rendered":"Vida selvagem diminui 73% em 50 anos, diz relat\u00f3rio da WWF"},"content":{"rendered":"<p> <br \/>\n<\/p>\n<div>\n<p>Relat\u00f3rio da organiza\u00e7\u00e3o n\u00e3o governamental (ONG) World Wide Fund for Nature (WWF), divulgado nesta\u00a0quinta-feira (10), alerta para o &#8220;decl\u00ednio catastr\u00f3fico&#8221;\u00a0de\u00a073%,\u00a0nos \u00faltimos 50 anos, do tamanho m\u00e9dio das popula\u00e7\u00f5es de vida selvagem. S\u00f3 a Am\u00e9rica Latina e Caribe\u00a0viram cair 95% dessas popula\u00e7\u00f5es. A organiza\u00e7\u00e3o de preserva\u00e7\u00e3o da natureza adverte que os pr\u00f3ximos cinco anos v\u00e3o determinar o futuro da vida na Terra.<img data-recalc-dims=\"1\" decoding=\"async\" src=\"https:\/\/i0.wp.com\/agenciabrasil.ebc.com.br\/ebc.png?w=696&#038;ssl=1\" style=\"width:1px; height:1px; display:inline;\"\/><img data-recalc-dims=\"1\" decoding=\"async\" src=\"https:\/\/i0.wp.com\/agenciabrasil.ebc.com.br\/ebc.gif?w=696&#038;ssl=1\" style=\"width:1px; height:1px; display:inline;\"\/><\/p>\n<p>Desde elefantes em florestas tropicais a tartarugas-de-pente na Grande Barreira de Corais, as popula\u00e7\u00f5es est\u00e3o diminuindo\u00a0de forma &#8220;catastr\u00f3fica&#8221;, afirma a ONG,\u00a0que\u00a0desde 1961 trabalha na \u00e1rea de preserva\u00e7\u00e3o da natureza e redu\u00e7\u00e3o do impacto humano no meio ambiente.<\/p>\n<p>Os maiores decl\u00ednios nas popula\u00e7\u00f5es de vida selvagem foram registrados na Am\u00e9rica Latina e no Caribe, de 95%. A \u00c1frica tem\u00a0menos 76%\u00a0e a \u00c1sia-Pac\u00edfico, menos 60%.\u00a0<\/p>\n<p>O relat\u00f3rio Planeta Vivo, da WWF, deixa claro que, \u00e0 medida que a Terra se aproxima de pontos perigosos de inflex\u00e3o de amea\u00e7a \u00e0 humanidade, maior esfor\u00e7o coletivo ser\u00e1 necess\u00e1rio para enfrentar as crises clim\u00e1ticas e naturais. Por\u00e9m, a margem \u00e9 curta para inverter a tend\u00eancia.\u00a0A an\u00e1lise afirma que o futuro da vida na Terra depende do que acontecer nos pr\u00f3ximos cinco anos.<\/p>\n<p>O \u00cdndice Planeta Vivo (LPI), fornecido pela Sociedade Zool\u00f3gica de Londres, inclui quase\u00a035 mil tend\u00eancias populacionais de 5.495 esp\u00e9cies\u00a0&#8211; aves, mam\u00edferos, anf\u00edbios, r\u00e9pteis e peixes &#8211; registradas entre\u00a01970 e 2020.\u00a0O decl\u00ednio maior ocorre nos ecossistemas de \u00e1gua doce que apresentam redu\u00e7\u00e3o de 85%, seguido pelos terrestres, que decresceram 69%. A vida marinha caiu 56%.<\/p>\n<p>A\u00a0perda e a degrada\u00e7\u00e3o de\u00a0<em>habitats<\/em>\u00a0t\u00eam sido impulsionadas principalmente pelo\u00a0sistema alimentar humano\u00a0e \u00e9 a amea\u00e7a \u00e0 vida selvagem mais relatada, indica o relat\u00f3rio.\u00a0A explora\u00e7\u00e3o desenfreada de recursos naturais, as esp\u00e9cies invasoras, a polui\u00e7\u00e3o e as doen\u00e7as\u00a0est\u00e3o tamb\u00e9m identificadas como causa do decl\u00ednio.<\/p>\n<p>Mike Barrett, principal autor e consultor cient\u00edfico do WWF, disse que, devido \u00e0 a\u00e7\u00e3o humana,\u00a0&#8220;particularmente a maneira como produzimos e consumimos nossos alimentos, estamos cada vez mais perdendo\u00a0o<em>\u00a0habitat<\/em>\u00a0natural&#8221;.\u00a0<\/p>\n<p>\u201cO decl\u00ednio nas popula\u00e7\u00f5es de vida selvagem pode atuar como indicador de alerta precoce do aumento do risco de extin\u00e7\u00e3o e da perda potencial de ecossistemas saud\u00e1veis\u201d, explica o documento.<\/p>\n<p>Para Kirsten Schuijt, diretora-geral da WWF Internacional, &#8220;a natureza emite\u00a0um pedido de socorro. As crises interligadas de perda da natureza e mudan\u00e7as clim\u00e1ticas est\u00e3o a empurrar a vida selvagem e os ecossistemas para al\u00e9m dos seus limites&#8221;.<\/p>\n<p>Quando os ecossistemas s\u00e3o prejudicados, deixam de fornecer \u00e0 comunidade humana os benef\u00edcios dos quais todos dependem &#8211; ar limpo, \u00e1gua e solos saud\u00e1veis para alimenta\u00e7\u00e3o. E por estarem danificados, esses ecossistemas se tornar\u00e3o\u00a0mais vulner\u00e1veis a momentos de mudan\u00e7a.<\/p>\n<p>Essas altera\u00e7\u00f5es podem ser considerados pontos de inflex\u00e3o e ocorrem\u00a0quando um ecossistema \u00e9 empurrado al\u00e9m de um limite cr\u00edtico, resultando em mudan\u00e7as substanciais e potencialmente\u00a0irrevers\u00edveis.<\/p>\n<p>A perda de espa\u00e7os selvagens est\u00e1 &#8220;pondo\u00a0muitos ecossistemas \u00e0 beira do abismo&#8221;, reitera a diretora da WWF no Reino Unido, Tanya Steele, destacando\u00a0que muitos\u00a0<em>habitats<\/em>, da Amaz\u00f3nia aos recifes de corais, est\u00e3o &#8220;\u00e0 beira de pontos de inflex\u00e3o muito perigosos&#8221;.<\/p>\n<p>O potencial &#8220;colapso&#8221; da floresta amaz\u00f3nica, est\u00e1 em curso porque deixar\u00e1 de ter capacidade de reter o carbono que aquece o planeta e mitigar os impactos das altera\u00e7\u00f5es clim\u00e1ticas.<\/p>\n<p>Em um dos exemplos do relat\u00f3rio, \u00e9 apontado decr\u00e9scimo de 60%\u00a0dos botos cor-de-rosa ou golfinhos de rios da Amaz\u00f4nia devido \u00e0 polui\u00e7\u00e3o e a outras amea\u00e7as, como a minera\u00e7\u00e3o.<\/p>\n<p>Por sua vez, na Austr\u00e1lia, as tartarugas-de-pente est\u00e3o em decl\u00ednio, devido ao fato de as f\u00eameas nidificantes, no nordeste de Queensland, terem diminu\u00eddo 57% em\u00a028 anos.<\/p>\n<p>O balan\u00e7o da WWF \u00e9 apresentado quando os inc\u00eandios na Amaz\u00f4nia atingiram, em setembro, o n\u00edvel mais alto em 14 anos. Al\u00e9m disso, pela quarta vez, um evento global de branqueamento em massa de corais foi confirmado no in\u00edcio deste ano.<\/p>\n<h2>Ca\u00e7a ilegal na\u00a0\u00c1frica<\/h2>\n<p>O relat\u00f3rio aponta fortes evid\u00eancias de que a ca\u00e7a ilegal\u00a0para alimentar o com\u00e9rcio de\u00a0marfim,\u00a0no Gab\u00e3o e em\u00a0Camar\u00f5es, coloca em perigo cr\u00edtico a popula\u00e7\u00e3o de elefantes da floresta do Parque nacional em Mink\u00e9b\u00e9. O decl\u00ednio dr\u00e1stico j\u00e1 atingiu as fam\u00edlias de elefantes da floresta, aniquilando metade da esp\u00e9cie.<\/p>\n<p>Na Ant\u00e1rtida, &#8220;o decl\u00ednio nas col\u00f4nias de\u00a0pinguins-barbicha pode\u00a0estar ligado ao degelo das calotas polares e \u00e0 escassez de krill\u00a0(pequenos crust\u00e1ceos), raz\u00f5es que, por sua vez, resultam das altera\u00e7\u00f5es clim\u00e1ticas e do aumento da pesca desse mesmo krill&#8221;, diz o documento.<\/p>\n<p>As condi\u00e7\u00f5es mais quentes, associadas a n\u00edveis mais baixos de cobertura de gelo marinho, resultam em menos krill, sendo esses crust\u00e1ceos (semelhantes aos camar\u00f5es) a principal fonte de alimento dos pinguins. Essas comunidades acabam por gastar mais tempo \u00e0 procura de comida, &#8220;o que pode aumentar o risco de falha reprodutiva&#8221;.<\/p>\n<p>Mike Barrett lembra que n\u00e3o se deve ficar triste apenas pela perda da natureza. E avisa:\u00a0&#8220;Estejam cientes de que esta \u00e9 agora uma amea\u00e7a fundamental \u00e0 humanidade e realmente precisamos fazer alguma coisa e tem de ser j\u00e1\u201d.<\/p>\n<p>\u201cN\u00e3o \u00e9 exagero dizer que o que acontecer nos pr\u00f3ximos cinco anos vai determinar o futuro da vida na Terra\u201d,\u00a0alerta a WWF.<\/p>\n<p>      <!-- Relacionada --><\/p>\n<p>            <!-- Relacionada -->\n    <\/div>\n<p><br \/>\n<br \/><a href=\"https:\/\/agenciabrasil.ebc.com.br\/internacional\/noticia\/2024-10\/vida-selvagem-diminui-73-em-50-anos-diz-relatorio-da-wwf\" rel=\"noopener\">Ag\u00eancia Brasil <\/a><\/p>\n","protected":false},"excerpt":{"rendered":"<p>Relat\u00f3rio da organiza\u00e7\u00e3o n\u00e3o governamental (ONG) World Wide Fund for Nature (WWF), divulgado nesta\u00a0quinta-feira (10), alerta para o &#8220;decl\u00ednio catastr\u00f3fico&#8221;\u00a0de\u00a073%,\u00a0nos \u00faltimos 50 anos, do tamanho m\u00e9dio das popula\u00e7\u00f5es de vida selvagem. S\u00f3 a Am\u00e9rica Latina e Caribe\u00a0viram cair 95% dessas popula\u00e7\u00f5es. A organiza\u00e7\u00e3o de preserva\u00e7\u00e3o da natureza adverte que os pr\u00f3ximos cinco anos v\u00e3o determinar [&hellip;]<\/p>\n","protected":false},"author":1,"featured_media":15098,"comment_status":"open","ping_status":"open","sticky":false,"template":"","format":"standard","meta":{"_jetpack_newsletter_access":"","_jetpack_dont_email_post_to_subs":false,"_jetpack_newsletter_tier_id":0,"_jetpack_memberships_contains_paywalled_content":false,"_mbp_banners":[],"_jetpack_feature_clip_id":0,"_jetpack_memberships_contains_paid_content":false,"footnotes":"","jetpack_publicize_message":"","jetpack_publicize_feature_enabled":true,"jetpack_social_post_already_shared":true,"jetpack_social_options":{"image_generator_settings":{"template":"highway","default_image_id":0,"font":"","enabled":false},"version":2},"jetpack_post_was_ever_published":false},"categories":[25],"tags":[],"class_list":["post-15097","post","type-post","status-publish","format-standard","has-post-thumbnail","category-internacional"],"jetpack_publicize_connections":[],"jetpack-related-posts":[],"jetpack_shortlink":"https:\/\/wp.me\/p7Eq1F-3Vv","jetpack_sharing_enabled":true,"jetpack_featured_media_url":"https:\/\/i0.wp.com\/guialimeira.com.br\/news\/wp-content\/uploads\/2024\/10\/foto_projeto_boto_divulgacao_fundacao_grupo_boticario_3.jpg?fit=1600%2C800&ssl=1","_links":{"self":[{"href":"https:\/\/guialimeira.com.br\/news\/wp-json\/wp\/v2\/posts\/15097","targetHints":{"allow":["GET"]}}],"collection":[{"href":"https:\/\/guialimeira.com.br\/news\/wp-json\/wp\/v2\/posts"}],"about":[{"href":"https:\/\/guialimeira.com.br\/news\/wp-json\/wp\/v2\/types\/post"}],"author":[{"embeddable":true,"href":"https:\/\/guialimeira.com.br\/news\/wp-json\/wp\/v2\/users\/1"}],"replies":[{"embeddable":true,"href":"https:\/\/guialimeira.com.br\/news\/wp-json\/wp\/v2\/comments?post=15097"}],"version-history":[{"count":0,"href":"https:\/\/guialimeira.com.br\/news\/wp-json\/wp\/v2\/posts\/15097\/revisions"}],"wp:featuredmedia":[{"embeddable":true,"href":"https:\/\/guialimeira.com.br\/news\/wp-json\/wp\/v2\/media\/15098"}],"wp:attachment":[{"href":"https:\/\/guialimeira.com.br\/news\/wp-json\/wp\/v2\/media?parent=15097"}],"wp:term":[{"taxonomy":"category","embeddable":true,"href":"https:\/\/guialimeira.com.br\/news\/wp-json\/wp\/v2\/categories?post=15097"},{"taxonomy":"post_tag","embeddable":true,"href":"https:\/\/guialimeira.com.br\/news\/wp-json\/wp\/v2\/tags?post=15097"}],"curies":[{"name":"wp","href":"https:\/\/api.w.org\/{rel}","templated":true}]}}