{"id":15095,"date":"2024-10-10T12:23:40","date_gmt":"2024-10-10T15:23:40","guid":{"rendered":"https:\/\/guialimeira.com.br\/2024\/10\/10\/terceiro-voo-da-fab-traz-mais-217-pessoas-do-libano\/"},"modified":"2024-10-10T12:23:40","modified_gmt":"2024-10-10T15:23:40","slug":"terceiro-voo-da-fab-traz-mais-217-pessoas-do-libano","status":"publish","type":"post","link":"https:\/\/guialimeira.com.br\/news\/terceiro-voo-da-fab-traz-mais-217-pessoas-do-libano\/","title":{"rendered":"Terceiro voo da FAB traz mais 217 pessoas do L\u00edbano"},"content":{"rendered":"<p> <br \/>\n<\/p>\n<div>\n<p>Mais 217 passageiros e cinco animais de estima\u00e7\u00e3o vindos do L\u00edbano desembarcaram nesta quinta-feira\u00a0(10) de\u00a0manh\u00e3 na Base A\u00e9rea em Guarulhos, no terceiro voo da Opera\u00e7\u00e3o Ra\u00edzes do Cedro. At\u00e9 agora, 672 brasileiros que viviam no L\u00edbano, ou parentes deles, foram repatriados desde a intensifica\u00e7\u00e3o do\u00a0conflito\u00a0no pa\u00eds pelas for\u00e7as israelenses, que passaram a atacar alvos do grupo Hezbollah em territ\u00f3rio\u00a0liban\u00eas.<img data-recalc-dims=\"1\" decoding=\"async\" src=\"https:\/\/i0.wp.com\/agenciabrasil.ebc.com.br\/ebc.png?w=696&#038;ssl=1\" style=\"width:1px; height:1px; display:inline;\"\/><img data-recalc-dims=\"1\" decoding=\"async\" src=\"https:\/\/i0.wp.com\/agenciabrasil.ebc.com.br\/ebc.gif?w=696&#038;ssl=1\" style=\"width:1px; height:1px; display:inline;\"\/><\/p>\n<p>A estimativa da For\u00e7a A\u00e9rea Brasileira (FAB) \u00e9 trazer cerca de 3\u00a0mil dos 21 mil brasileiros que est\u00e3o no L\u00edbano. Conforme a FAB, devem ser transportados\u00a0aproximadamente 500 passageiros por semana, que na ida e na volta precisam fazer escala em Lisboa, Portugal, para reabastecimento.<\/p>\n<p>A aeronave utilizada pela FAB \u00e9 um KC-30, com capacidade para 230 pessoas. Neste terceiro voo, um passageiro de 41 anos precisou ficar em Lisboa por suspeita de trombose. Ele est\u00e1 sendo tratado e acompanhado pelo consulado brasileiro na cidade portuguesa.<\/p>\n<p>Do total de passageiros dos tr\u00eas voos, cerca de 80 deles s\u00e3o estrangeiros parentes de brasileiros. H\u00e1 tamb\u00e9m estrangeiros que utilizaram a aeronave brasileira, em comum acordo entre os governos do Brasil e do L\u00edbano. Alguns\u00a0s\u00e3o naturais de\u00a0Uruguai, da Argentina e Venezuela.<\/p>\n<p>A organiza\u00e7\u00e3o dos pr\u00f3ximos voos, conforme o Minist\u00e9rio das Rela\u00e7\u00f5es Exteriores, est\u00e1 sendo feito por meio de\u00a0contato entre a embaixada brasileira em Beirute e os cidad\u00e3os brasileiros e seus familiares.<\/p>\n<p>      <!-- Relacionada --><\/p>\n<p>            <!-- Relacionada -->\n    <\/div>\n<p><br \/>\n<br \/><a href=\"https:\/\/agenciabrasil.ebc.com.br\/internacional\/noticia\/2024-10\/terceiro-voo-da-fab-traz-mais-217-pessoas-do-libano\" rel=\"noopener\">Ag\u00eancia Brasil <\/a><\/p>\n","protected":false},"excerpt":{"rendered":"<p>Mais 217 passageiros e cinco animais de estima\u00e7\u00e3o vindos do L\u00edbano desembarcaram nesta quinta-feira\u00a0(10) de\u00a0manh\u00e3 na Base A\u00e9rea em Guarulhos, no terceiro voo da Opera\u00e7\u00e3o Ra\u00edzes do Cedro. At\u00e9 agora, 672 brasileiros que viviam no L\u00edbano, ou parentes deles, foram repatriados desde a intensifica\u00e7\u00e3o do\u00a0conflito\u00a0no pa\u00eds pelas for\u00e7as israelenses, que passaram a atacar alvos do [&hellip;]<\/p>\n","protected":false},"author":1,"featured_media":15096,"comment_status":"open","ping_status":"open","sticky":false,"template":"","format":"standard","meta":{"_jetpack_newsletter_access":"","_jetpack_dont_email_post_to_subs":false,"_jetpack_newsletter_tier_id":0,"_jetpack_memberships_contains_paywalled_content":false,"_mbp_banners":[],"_jetpack_feature_clip_id":0,"_jetpack_memberships_contains_paid_content":false,"footnotes":"","jetpack_publicize_message":"","jetpack_publicize_feature_enabled":true,"jetpack_social_post_already_shared":true,"jetpack_social_options":{"image_generator_settings":{"template":"highway","default_image_id":0,"font":"","enabled":false},"version":2},"jetpack_post_was_ever_published":false},"categories":[25],"tags":[],"class_list":["post-15095","post","type-post","status-publish","format-standard","has-post-thumbnail","category-internacional"],"jetpack_publicize_connections":[],"jetpack-related-posts":[],"jetpack_shortlink":"https:\/\/wp.me\/p7Eq1F-3Vt","jetpack_sharing_enabled":true,"jetpack_featured_media_url":"https:\/\/i0.wp.com\/guialimeira.com.br\/news\/wp-content\/uploads\/2024\/10\/libaneses_guarulhos_31.jpg?fit=1600%2C800&ssl=1","_links":{"self":[{"href":"https:\/\/guialimeira.com.br\/news\/wp-json\/wp\/v2\/posts\/15095","targetHints":{"allow":["GET"]}}],"collection":[{"href":"https:\/\/guialimeira.com.br\/news\/wp-json\/wp\/v2\/posts"}],"about":[{"href":"https:\/\/guialimeira.com.br\/news\/wp-json\/wp\/v2\/types\/post"}],"author":[{"embeddable":true,"href":"https:\/\/guialimeira.com.br\/news\/wp-json\/wp\/v2\/users\/1"}],"replies":[{"embeddable":true,"href":"https:\/\/guialimeira.com.br\/news\/wp-json\/wp\/v2\/comments?post=15095"}],"version-history":[{"count":0,"href":"https:\/\/guialimeira.com.br\/news\/wp-json\/wp\/v2\/posts\/15095\/revisions"}],"wp:featuredmedia":[{"embeddable":true,"href":"https:\/\/guialimeira.com.br\/news\/wp-json\/wp\/v2\/media\/15096"}],"wp:attachment":[{"href":"https:\/\/guialimeira.com.br\/news\/wp-json\/wp\/v2\/media?parent=15095"}],"wp:term":[{"taxonomy":"category","embeddable":true,"href":"https:\/\/guialimeira.com.br\/news\/wp-json\/wp\/v2\/categories?post=15095"},{"taxonomy":"post_tag","embeddable":true,"href":"https:\/\/guialimeira.com.br\/news\/wp-json\/wp\/v2\/tags?post=15095"}],"curies":[{"name":"wp","href":"https:\/\/api.w.org\/{rel}","templated":true}]}}