{"id":15091,"date":"2024-10-10T11:16:10","date_gmt":"2024-10-10T14:16:10","guid":{"rendered":"https:\/\/guialimeira.com.br\/?p=15091"},"modified":"2024-10-10T11:16:13","modified_gmt":"2024-10-10T14:16:13","slug":"suzano-abre-inscricoes-para-programa-de-estagio-tecnico-2025","status":"publish","type":"post","link":"https:\/\/guialimeira.com.br\/news\/suzano-abre-inscricoes-para-programa-de-estagio-tecnico-2025\/","title":{"rendered":"Suzano abre inscri\u00e7\u00f5es para\u00a0Programa de\u00a0Est\u00e1gio T\u00e9cnico 2025"},"content":{"rendered":"\n<p class=\"wp-block-paragraph\"><em>S\u00e3o aproximadamente 285 vagas abertas para atuar em diversas regi\u00f5es do pa\u00eds e as inscri\u00e7\u00f5es podem ser feitas at\u00e9 dia 05 de novembro<\/em><\/p>\n\n\n\n<p class=\"wp-block-paragraph\">A Suzano, maior produtora mundial de celulose e refer\u00eancia global na fabrica\u00e7\u00e3o de bioprodutos desenvolvidos a partir do eucalipto, est\u00e1 com as inscri\u00e7\u00f5es abertas para o Programa de Est\u00e1gio T\u00e9cnico 2025, intitulado \u201cPlante o Futuro\u201d.<\/p>\n\n\n\n<p class=\"wp-block-paragraph\">Com o objetivo de acolher novos talentos e contribuir para o desenvolvimento sustent\u00e1vel das regi\u00f5es onde mant\u00e9m opera\u00e7\u00f5es, a empresa busca estagi\u00e1rios que compartilhem da vis\u00e3o de gerar uma transforma\u00e7\u00e3o positiva no mundo, possuam o mesmo prop\u00f3sito de renovar a vida a partir da \u00e1rvore e almejam construir uma carreira promissora.<\/p>\n\n\n\n<p class=\"wp-block-paragraph\">A companhia centen\u00e1ria est\u00e1 com aproximadamente 285 vagas abertas, dispon\u00edveis em diversas regi\u00f5es do pa\u00eds. No Estado de S\u00e3o Paulo, as oportunidades s\u00e3o para atuar na regi\u00e3o do Vale do Para\u00edba e nas unidades de Jacare\u00ed, Limeira, Mogi das Cruzes e Suzano.<\/p>\n\n\n\n<p class=\"wp-block-paragraph\">Para participar do processo de sele\u00e7\u00e3o, os(as) candidatos(as) precisam ter 18 anos ou mais; estar cursando o n\u00edvel t\u00e9cnico no per\u00edodo noturno, EAD ou aos s\u00e1bados, com forma\u00e7\u00e3o prevista para mar\u00e7o de 2026 ou posterior, mantendo o v\u00ednculo com a institui\u00e7\u00e3o de ensino por pelo menos um ano letivo, a partir da data de admiss\u00e3o. Tamb\u00e9m \u00e9 preciso ter acesso e\/ou mobilidade aos locais de trabalho e disponibilidade para trabalhar por 6 horas di\u00e1rias. O conhecimento de um segundo idioma, como o ingl\u00eas, n\u00e3o \u00e9 obrigat\u00f3rio.&nbsp;<\/p>\n\n\n\n<p class=\"wp-block-paragraph\"><strong>Como se inscrever?<\/strong><\/p>\n\n\n\n<p class=\"wp-block-paragraph\">As inscri\u00e7\u00f5es para o Programa de Est\u00e1gio T\u00e9cnico podem ser feitas at\u00e9 dia 05 de novembro, pelo site&nbsp;<a href=\"https:\/\/suzanoestagiotecnico.gupy.io\/\" target=\"_blank\" rel=\"noreferrer noopener\">https:\/\/suzanoestagiotecnico.gupy.io\/<\/a>.<\/p>\n\n\n\n<p class=\"wp-block-paragraph\">O processo de sele\u00e7\u00e3o \u00e9 100% online e conta com algumas etapas como din\u00e2micas e entrevistas com a lideran\u00e7a Suzano. O resultado do processo seletivo ser\u00e1 divulgado em dezembro de 2024, com previs\u00e3o de in\u00edcio das atividades em mar\u00e7o\/abril de 2025.&nbsp;&nbsp;&nbsp;&nbsp;&nbsp;<\/p>\n\n\n\n<p class=\"wp-block-paragraph\"><strong>Benef\u00edcios<\/strong><\/p>\n\n\n\n<p class=\"wp-block-paragraph\">Al\u00e9m de um plano de desenvolvimento, o programa \u201cPlante o Futuro\u2019\u2019 oferece aos estagi\u00e1rios t\u00e9cnicos bolsa-aux\u00edlio compat\u00edvel com o mercado, assist\u00eancia m\u00e9dica e seguro de vida, vale-refei\u00e7\u00e3o ou refeit\u00f3rio nas unidades industriais e vale transporte ou fretado.&nbsp;&nbsp;<\/p>\n\n\n\n<p class=\"wp-block-paragraph\"><strong>Sobre a Suzano&nbsp;&nbsp;<\/strong><\/p>\n\n\n\n<p class=\"wp-block-paragraph\">A&nbsp;<a href=\"http:\/\/www.suzano.com.br\/%22%20\/t%20%22_blank\" target=\"_blank\" rel=\"noreferrer noopener\">Suzano<\/a>&nbsp;\u00e9 a maior produtora mundial de celulose, uma das maiores produtoras de pap\u00e9is da Am\u00e9rica Latina, l\u00edder no segmento de papel higi\u00eanico no Brasil e refer\u00eancia no desenvolvimento de solu\u00e7\u00f5es sustent\u00e1veis e inovadoras a partir de mat\u00e9ria-prima de fonte renov\u00e1vel. Nossos produtos e solu\u00e7\u00f5es est\u00e3o presentes na vida de mais de 2 bilh\u00f5es de pessoas, abastecem mais de 100 pa\u00edses e incluem celulose, pap\u00e9is para imprimir e escrever, pap\u00e9is para embalagens, copos e canudos, pap\u00e9is sanit\u00e1rios e produtos absorventes, al\u00e9m de novos bioprodutos desenvolvidos para atender a demanda global. A inova\u00e7\u00e3o e a sustentabilidade orientam nosso prop\u00f3sito de \u201cRenovar a vida a partir da \u00e1rvore\u201d e nosso trabalho no enfrentamento dos desafios da sociedade e do planeta. Com 100 anos de hist\u00f3ria, temos a\u00e7\u00f5es nas bolsas do Brasil (SUZB3) e dos Estados Unidos (SUZ). Saiba mais na p\u00e1gina&nbsp;<a href=\"http:\/\/www.suzano.com.br\/%22%20\/t%20%22_blank\" target=\"_blank\" rel=\"noreferrer noopener\">www.suzano.com.br<\/a>&nbsp;<\/p>\n\n\n\n<p class=\"wp-block-paragraph\"><\/p>\n","protected":false},"excerpt":{"rendered":"<p>S\u00e3o aproximadamente 285 vagas abertas para atuar em diversas regi\u00f5es do pa\u00eds e as inscri\u00e7\u00f5es podem ser feitas at\u00e9 dia 05 de novembro A Suzano, maior produtora mundial de celulose e refer\u00eancia global na fabrica\u00e7\u00e3o de bioprodutos desenvolvidos a partir do eucalipto, est\u00e1 com as inscri\u00e7\u00f5es abertas para o Programa de Est\u00e1gio T\u00e9cnico 2025, intitulado [&hellip;]<\/p>\n","protected":false},"author":2,"featured_media":15092,"comment_status":"open","ping_status":"open","sticky":false,"template":"","format":"standard","meta":{"_jetpack_newsletter_access":"","_jetpack_dont_email_post_to_subs":false,"_jetpack_newsletter_tier_id":0,"_jetpack_memberships_contains_paywalled_content":false,"_mbp_banners":[],"_jetpack_feature_clip_id":0,"_jetpack_memberships_contains_paid_content":false,"footnotes":"","jetpack_publicize_message":"","jetpack_publicize_feature_enabled":true,"jetpack_social_post_already_shared":true,"jetpack_social_options":{"image_generator_settings":{"template":"highway","default_image_id":0,"font":"","enabled":false},"version":2},"jetpack_post_was_ever_published":false},"categories":[1],"tags":[],"class_list":["post-15091","post","type-post","status-publish","format-standard","has-post-thumbnail","category-geral"],"jetpack_publicize_connections":[],"jetpack-related-posts":[],"jetpack_shortlink":"https:\/\/wp.me\/p7Eq1F-3Vp","jetpack_sharing_enabled":true,"jetpack_featured_media_url":"https:\/\/i0.wp.com\/guialimeira.com.br\/news\/wp-content\/uploads\/2024\/10\/Unidade-Limeira-3.jpg?fit=1024%2C682&ssl=1","_links":{"self":[{"href":"https:\/\/guialimeira.com.br\/news\/wp-json\/wp\/v2\/posts\/15091","targetHints":{"allow":["GET"]}}],"collection":[{"href":"https:\/\/guialimeira.com.br\/news\/wp-json\/wp\/v2\/posts"}],"about":[{"href":"https:\/\/guialimeira.com.br\/news\/wp-json\/wp\/v2\/types\/post"}],"author":[{"embeddable":true,"href":"https:\/\/guialimeira.com.br\/news\/wp-json\/wp\/v2\/users\/2"}],"replies":[{"embeddable":true,"href":"https:\/\/guialimeira.com.br\/news\/wp-json\/wp\/v2\/comments?post=15091"}],"version-history":[{"count":1,"href":"https:\/\/guialimeira.com.br\/news\/wp-json\/wp\/v2\/posts\/15091\/revisions"}],"predecessor-version":[{"id":15093,"href":"https:\/\/guialimeira.com.br\/news\/wp-json\/wp\/v2\/posts\/15091\/revisions\/15093"}],"wp:featuredmedia":[{"embeddable":true,"href":"https:\/\/guialimeira.com.br\/news\/wp-json\/wp\/v2\/media\/15092"}],"wp:attachment":[{"href":"https:\/\/guialimeira.com.br\/news\/wp-json\/wp\/v2\/media?parent=15091"}],"wp:term":[{"taxonomy":"category","embeddable":true,"href":"https:\/\/guialimeira.com.br\/news\/wp-json\/wp\/v2\/categories?post=15091"},{"taxonomy":"post_tag","embeddable":true,"href":"https:\/\/guialimeira.com.br\/news\/wp-json\/wp\/v2\/tags?post=15091"}],"curies":[{"name":"wp","href":"https:\/\/api.w.org\/{rel}","templated":true}]}}